{"id":36997,"date":"2023-06-02T09:14:09","date_gmt":"2023-06-02T12:14:09","guid":{"rendered":"http:\/\/www.rtvnoticias.com.ar\/?p=36997"},"modified":"2023-06-02T09:14:12","modified_gmt":"2023-06-02T12:14:12","slug":"la-corte-suprema-resolvio-que-unac-no-puede-ser-candidato-a-gobernador-de-san-juan","status":"publish","type":"post","link":"http:\/\/www.rtvnoticias.com.ar\/?p=36997","title":{"rendered":"La Corte Suprema resolvi\u00f3 que U\u00f1ac no puede ser candidato a gobernador de San Juan"},"content":{"rendered":"\n<p>La Corte Suprema de Justicia inhabilit\u00f3 este jueves por mayor\u00eda al gobernador de la provincia de San Juan, Sergio U\u00f1ac, para que presente como candidato a un nuevo periodo como mandatario provincial.<\/p>\n\n\n\n<p>La decisi\u00f3n fue firmada por Horacio Rosati, Juan Carlos Maqueda y Carlos Rosenkrantz; en tanto que Ricardo Lorenzetti no vot\u00f3 por no haber intervenido en la cautelar qu\u00e9 pidi\u00f3 la medida.<\/p>\n\n\n\n<p>El m\u00e1ximo tribunal, en la parte resolutiva del fallo de 51 p\u00e1ginas, se\u00f1al\u00f3 que \u00abde conformidad con la conclusi\u00f3n del dictamen del se\u00f1or Procurador General de la Naci\u00f3n interino (Eduardo Casal), se hace lugar a la demanda y se declara la inhabilitaci\u00f3n del ciudadano Sergio Mauricio U\u00f1ac para competir por el cargo de gobernador en las pr\u00f3ximas elecciones a celebrarse en la provincia de San Juan\u00bb.<\/p>\n\n\n\n<p>El martes pasado, el Procurador se\u00f1al\u00f3 en un dictamen no vinculante que la pretensi\u00f3n de U\u00f1ac violaba los \u00abl\u00edmites\u00bb de la constituci\u00f3n provincial y que por lo tanto se deb\u00eda rechazar la postulaci\u00f3n.<\/p>\n\n\n\n<p>Con esta negativa, la Corte suma intervenciones electorales en las provincias, tal como hizo en Tucum\u00e1n, cuando rechaz\u00f3 la postulaci\u00f3n de Juan Manzur, y en Formosa, ante la posibilidad de una nueva reelecci\u00f3n de Gildo Insfr\u00e1n.<\/p>\n\n\n\n<p>Ayer, U\u00f1ac le hab\u00eda pedido a la Corte Suprema que \u00abse expida r\u00e1pidamente\u00bb sobre su candidatura y cuestion\u00f3 que \u00aba 48 horas de la veda electoral\u00bb suspendi\u00f3 la elecci\u00f3n de gobernador y vice en esa provincia ante un planteo de inconstitucionalidad contra su reelecci\u00f3n y \u00abahora se toma semanas para expedirse sobre la cuesti\u00f3n de fondo\u00bb.<\/p>\n\n\n\n<p>\u00abLa misma Corte Suprema que suspendi\u00f3 parcialmente los comicios en San Juan a 48 horas del comienzo de la veda electoral, ahora se toma semanas para expedirse sobre la cuesti\u00f3n de fondo\u00bb, asegur\u00f3 ayer U\u00f1ac mediante una nota difundida en redes sociales, al referirse a las suspendidas elecciones, previstas para el 14 de mayo pasado.<\/p>\n<div class=\"sharedaddy sd-sharing-enabled\"><div class=\"robots-nocontent sd-block sd-social sd-social-icon sd-sharing\"><h3 class=\"sd-title\">Comparte esto:<\/h3><div class=\"sd-content\"><ul><li class=\"share-twitter\"><a rel=\"nofollow noopener noreferrer\" data-shared=\"sharing-twitter-36997\" class=\"share-twitter sd-button share-icon no-text\" href=\"http:\/\/www.rtvnoticias.com.ar\/?p=36997&amp;share=twitter\" target=\"_blank\" title=\"Haz clic para compartir en Twitter\"><span><\/span><span class=\"sharing-screen-reader-text\">Haz clic para compartir en Twitter (Se abre en una ventana nueva)<\/span><\/a><\/li><li class=\"share-facebook\"><a rel=\"nofollow noopener noreferrer\" data-shared=\"sharing-facebook-36997\" class=\"share-facebook sd-button share-icon no-text\" href=\"http:\/\/www.rtvnoticias.com.ar\/?p=36997&amp;share=facebook\" target=\"_blank\" title=\"Haz clic para compartir en Facebook\"><span><\/span><span class=\"sharing-screen-reader-text\">Haz clic para compartir en Facebook (Se abre en una ventana nueva)<\/span><\/a><\/li><li class=\"share-jetpack-whatsapp\"><a rel=\"nofollow noopener noreferrer\" data-shared=\"\" class=\"share-jetpack-whatsapp sd-button share-icon no-text\" href=\"http:\/\/www.rtvnoticias.com.ar\/?p=36997&amp;share=jetpack-whatsapp\" target=\"_blank\" title=\"Haz clic para compartir en WhatsApp\"><span><\/span><span class=\"sharing-screen-reader-text\">Haz clic para compartir en WhatsApp (Se abre en una ventana nueva)<\/span><\/a><\/li><li class=\"share-telegram\"><a rel=\"nofollow noopener noreferrer\" data-shared=\"\" class=\"share-telegram sd-button share-icon no-text\" href=\"http:\/\/www.rtvnoticias.com.ar\/?p=36997&amp;share=telegram\" target=\"_blank\" title=\"Haz clic para compartir en Telegram\"><span><\/span><span class=\"sharing-screen-reader-text\">Haz clic para compartir en Telegram (Se abre en una ventana nueva)<\/span><\/a><\/li><li class=\"share-end\"><\/li><\/ul><\/div><\/div><\/div>","protected":false},"excerpt":{"rendered":"<p>La Corte Suprema de Justicia inhabilit\u00f3 este jueves por mayor\u00eda al gobernador de la provincia de San Juan, Sergio U\u00f1ac, para que presente como candidato<\/p>\n<div class=\"sharedaddy sd-sharing-enabled\"><div class=\"robots-nocontent sd-block sd-social sd-social-icon sd-sharing\"><h3 class=\"sd-title\">Comparte esto:<\/h3><div class=\"sd-content\"><ul><li class=\"share-twitter\"><a rel=\"nofollow noopener noreferrer\" data-shared=\"sharing-twitter-36997\" class=\"share-twitter sd-button share-icon no-text\" href=\"http:\/\/www.rtvnoticias.com.ar\/?p=36997&amp;share=twitter\" target=\"_blank\" title=\"Haz clic para compartir en Twitter\"><span><\/span><span class=\"sharing-screen-reader-text\">Haz clic para compartir en Twitter (Se abre en una ventana nueva)<\/span><\/a><\/li><li class=\"share-facebook\"><a rel=\"nofollow noopener noreferrer\" data-shared=\"sharing-facebook-36997\" class=\"share-facebook sd-button share-icon no-text\" href=\"http:\/\/www.rtvnoticias.com.ar\/?p=36997&amp;share=facebook\" target=\"_blank\" title=\"Haz clic para compartir en Facebook\"><span><\/span><span class=\"sharing-screen-reader-text\">Haz clic para compartir en Facebook (Se abre en una ventana nueva)<\/span><\/a><\/li><li class=\"share-jetpack-whatsapp\"><a rel=\"nofollow noopener noreferrer\" data-shared=\"\" class=\"share-jetpack-whatsapp sd-button share-icon no-text\" href=\"http:\/\/www.rtvnoticias.com.ar\/?p=36997&amp;share=jetpack-whatsapp\" target=\"_blank\" title=\"Haz clic para compartir en WhatsApp\"><span><\/span><span class=\"sharing-screen-reader-text\">Haz clic para compartir en WhatsApp (Se abre en una ventana nueva)<\/span><\/a><\/li><li class=\"share-telegram\"><a rel=\"nofollow noopener noreferrer\" data-shared=\"\" class=\"share-telegram sd-button share-icon no-text\" href=\"http:\/\/www.rtvnoticias.com.ar\/?p=36997&amp;share=telegram\" target=\"_blank\" title=\"Haz clic para compartir en Telegram\"><span><\/span><span class=\"sharing-screen-reader-text\">Haz clic para compartir en Telegram (Se abre en una ventana nueva)<\/span><\/a><\/li><li class=\"share-end\"><\/li><\/ul><\/div><\/div><\/div>","protected":false},"author":7,"featured_media":37015,"comment_status":"closed","ping_status":"closed","sticky":false,"template":"","format":"standard","meta":{"spay_email":"","jetpack_publicize_message":"","jetpack_is_tweetstorm":false,"jetpack_publicize_feature_enabled":true},"categories":[5],"tags":[],"jetpack_featured_media_url":"http:\/\/www.rtvnoticias.com.ar\/wp-content\/uploads\/2023\/06\/unac.jpg","jetpack_publicize_connections":[],"jetpack_sharing_enabled":true,"_links":{"self":[{"href":"http:\/\/www.rtvnoticias.com.ar\/index.php?rest_route=\/wp\/v2\/posts\/36997"}],"collection":[{"href":"http:\/\/www.rtvnoticias.com.ar\/index.php?rest_route=\/wp\/v2\/posts"}],"about":[{"href":"http:\/\/www.rtvnoticias.com.ar\/index.php?rest_route=\/wp\/v2\/types\/post"}],"author":[{"embeddable":true,"href":"http:\/\/www.rtvnoticias.com.ar\/index.php?rest_route=\/wp\/v2\/users\/7"}],"replies":[{"embeddable":true,"href":"http:\/\/www.rtvnoticias.com.ar\/index.php?rest_route=%2Fwp%2Fv2%2Fcomments&post=36997"}],"version-history":[{"count":1,"href":"http:\/\/www.rtvnoticias.com.ar\/index.php?rest_route=\/wp\/v2\/posts\/36997\/revisions"}],"predecessor-version":[{"id":37016,"href":"http:\/\/www.rtvnoticias.com.ar\/index.php?rest_route=\/wp\/v2\/posts\/36997\/revisions\/37016"}],"wp:featuredmedia":[{"embeddable":true,"href":"http:\/\/www.rtvnoticias.com.ar\/index.php?rest_route=\/wp\/v2\/media\/37015"}],"wp:attachment":[{"href":"http:\/\/www.rtvnoticias.com.ar\/index.php?rest_route=%2Fwp%2Fv2%2Fmedia&parent=36997"}],"wp:term":[{"taxonomy":"category","embeddable":true,"href":"http:\/\/www.rtvnoticias.com.ar\/index.php?rest_route=%2Fwp%2Fv2%2Fcategories&post=36997"},{"taxonomy":"post_tag","embeddable":true,"href":"http:\/\/www.rtvnoticias.com.ar\/index.php?rest_route=%2Fwp%2Fv2%2Ftags&post=36997"}],"curies":[{"name":"wp","href":"https:\/\/api.w.org\/{rel}","templated":true}]}}