{"id":37035,"date":"2023-06-02T19:33:26","date_gmt":"2023-06-02T22:33:26","guid":{"rendered":"http:\/\/www.rtvnoticias.com.ar\/?p=37035"},"modified":"2023-06-02T19:33:28","modified_gmt":"2023-06-02T22:33:28","slug":"acto-por-el-dia-del-bombero-voluntario","status":"publish","type":"post","link":"http:\/\/www.rtvnoticias.com.ar\/?p=37035","title":{"rendered":"Acto por el D\u00eda del Bombero Voluntario"},"content":{"rendered":"\n<p>Al conmemorarse hoy el D\u00eda Nacional del Bombero Voluntario se llev\u00f3 a cabo un acto en el cuartel de nuestra ciudad para acompa\u00f1ar a la Asociaci\u00f3n y rendir homenaje a quienes dejaron su vida por la comunidad.<\/p>\n\n\n\n<p>Estuvieron presentes la intendenta Fernanda Alonso; el secretario de Gobierno, Seguridad, Educaci\u00f3n y Cultura, Nicol\u00e1s Mendoza; la vicepresidenta 1\u00b0 de la C\u00e1mara de Diputados, Alicia Mayoral; el ministro del Superior Tribunal de Justicia de la provincia, Fabricio Luis Losi; autoridades municipales, provinciales, de fuerzas de seguridad, Defensa Civil, p\u00fablico en general.<\/p>\n\n\n\n<p>Tras el ingreso de la bandera nacional y de la instituci\u00f3n piquense, se procedi\u00f3 a entonar las estrofas del Himno Nacional Argentino. Luego de la reproducci\u00f3n de la Marcha Nacional del Bombero Voluntario, se llev\u00f3 a cabo un minuto de silencio con toque de sirena por los voluntarios fallecidos en acci\u00f3n.<\/p>\n\n\n\n<p>A continuaci\u00f3n, se ley\u00f3 una carta enviada por el presidente de la Asociaci\u00f3n de Bomberos Voluntarios de General Pico, Hugo Santamarina, valorando el trabajo mancomunado entre la Cooperativa Corpico, la sociedad piquense y rescatando la admirable labor diaria de las y los bomberos.<\/p>\n\n\n\n<p>La mandataria local Alonso se explay\u00f3 frente a las y los presentes: \u201cPodemos decir muchas palabras en este d\u00eda, pero la imagen de este imponente edificio, esta calidad de equipamiento y esta foto con el recurso humano que est\u00e1 aqu\u00ed habla por s\u00ed misma\u201d.<\/p>\n\n\n\n<p>Asimismo, remarc\u00f3 que \u201cGeneral Pico tiene una particularidad con la concepci\u00f3n de lo que es ser una bombera o bombero voluntario y esto habla del compromiso que asume cada uno por la preservaci\u00f3n de nuestras vidas\u201d, valorando que \u201custedes tienen esa vocaci\u00f3n de servicio para entregar todo por el otro\u201d.<\/p>\n\n\n\n<p>En este sentido, agreg\u00f3: \u201cEstoy segura que desde el pasado 2 de junio a \u00e9ste, aquellas personas que tuvieron que llamar al n\u00famero 100 y esperar a que llegue un bombero o bombera, les cambi\u00f3 la historia frente a la situaci\u00f3n que les toc\u00f3 vivir. Esperemos que hasta el pr\u00f3ximo 2 de junio sean menos quienes requieran del servicio\u201d.<\/p>\n\n\n\n<p>\u201cFestejo much\u00edsimo este acuerdo que han podido hacer entre nuestra Cooperativa y la Asociaci\u00f3n. Es un avance y la posibilidad real de sostener econ\u00f3micamente esto que habla de voluntariedad, no solo de una decisi\u00f3n personal de ustedes, sino que cada ciudadano aportemos lo que tengamos que aportar para sostener la calidad de este lugar\u201d.<\/p>\n\n\n\n<p>Por su parte, Federico Freigedo, secretario de la Asociaci\u00f3n de Bomberos Voluntarios de General Pico, destac\u00f3: \u201cUstedes cada uno de los 365 d\u00edas del a\u00f1o est\u00e1n dispuestos a cuidarnos y protegernos. Desde la comisi\u00f3n directiva seguiremos buscando el verdadero reconocimiento de nuestro sistema y de ustedes quienes brindan un servicio de emergencia altamente profesional\u201d.<\/p>\n\n\n\n<p><strong>Homenaje municipal<\/strong><\/p>\n\n\n\n<p>A primera hora de la ma\u00f1ana se realiz\u00f3 en el Palacio municipal el izamiento de la bandera Nacional de Bomberos Voluntarios por parte de la intendenta Fernanda Alonso y el secretario de Gobierno, Seguridad, Educaci\u00f3n y Justicia, Nicol\u00e1s Mendoza, junto a parte de las y los integrantes de la Asociaci\u00f3n piquense.<\/p>\n\n\n\n<p>Cabe mencionar que el D\u00eda del Bombero Voluntario se celebra en todo el pa\u00eds desde el a\u00f1o 1884 por un incendio ocurrido en el barrio de La Boca, en Buenos Aires, donde un vecino llamado Tom\u00e1s Liberti y su hijo organizaron una cadena humana para apagar las llamas. Este evento dio nacimiento a la creaci\u00f3n del primer Cuerpo de Bomberos Voluntarios.<\/p>\n<div class=\"sharedaddy sd-sharing-enabled\"><div class=\"robots-nocontent sd-block sd-social sd-social-icon sd-sharing\"><h3 class=\"sd-title\">Comparte esto:<\/h3><div class=\"sd-content\"><ul><li class=\"share-twitter\"><a rel=\"nofollow noopener noreferrer\" data-shared=\"sharing-twitter-37035\" class=\"share-twitter sd-button share-icon no-text\" href=\"http:\/\/www.rtvnoticias.com.ar\/?p=37035&amp;share=twitter\" target=\"_blank\" title=\"Haz clic para compartir en Twitter\"><span><\/span><span class=\"sharing-screen-reader-text\">Haz clic para compartir en Twitter (Se abre en una ventana nueva)<\/span><\/a><\/li><li class=\"share-facebook\"><a rel=\"nofollow noopener noreferrer\" data-shared=\"sharing-facebook-37035\" class=\"share-facebook sd-button share-icon no-text\" href=\"http:\/\/www.rtvnoticias.com.ar\/?p=37035&amp;share=facebook\" target=\"_blank\" title=\"Haz clic para compartir en Facebook\"><span><\/span><span class=\"sharing-screen-reader-text\">Haz clic para compartir en Facebook (Se abre en una ventana nueva)<\/span><\/a><\/li><li class=\"share-jetpack-whatsapp\"><a rel=\"nofollow noopener noreferrer\" data-shared=\"\" class=\"share-jetpack-whatsapp sd-button share-icon no-text\" href=\"http:\/\/www.rtvnoticias.com.ar\/?p=37035&amp;share=jetpack-whatsapp\" target=\"_blank\" title=\"Haz clic para compartir en WhatsApp\"><span><\/span><span class=\"sharing-screen-reader-text\">Haz clic para compartir en WhatsApp (Se abre en una ventana nueva)<\/span><\/a><\/li><li class=\"share-telegram\"><a rel=\"nofollow noopener noreferrer\" data-shared=\"\" class=\"share-telegram sd-button share-icon no-text\" href=\"http:\/\/www.rtvnoticias.com.ar\/?p=37035&amp;share=telegram\" target=\"_blank\" title=\"Haz clic para compartir en Telegram\"><span><\/span><span class=\"sharing-screen-reader-text\">Haz clic para compartir en Telegram (Se abre en una ventana nueva)<\/span><\/a><\/li><li class=\"share-end\"><\/li><\/ul><\/div><\/div><\/div>","protected":false},"excerpt":{"rendered":"<p>Al conmemorarse hoy el D\u00eda Nacional del Bombero Voluntario se llev\u00f3 a cabo un acto en el cuartel de nuestra ciudad para acompa\u00f1ar a la<\/p>\n<div class=\"sharedaddy sd-sharing-enabled\"><div class=\"robots-nocontent sd-block sd-social sd-social-icon sd-sharing\"><h3 class=\"sd-title\">Comparte esto:<\/h3><div class=\"sd-content\"><ul><li class=\"share-twitter\"><a rel=\"nofollow noopener noreferrer\" data-shared=\"sharing-twitter-37035\" class=\"share-twitter sd-button share-icon no-text\" href=\"http:\/\/www.rtvnoticias.com.ar\/?p=37035&amp;share=twitter\" target=\"_blank\" title=\"Haz clic para compartir en Twitter\"><span><\/span><span class=\"sharing-screen-reader-text\">Haz clic para compartir en Twitter (Se abre en una ventana nueva)<\/span><\/a><\/li><li class=\"share-facebook\"><a rel=\"nofollow noopener noreferrer\" data-shared=\"sharing-facebook-37035\" class=\"share-facebook sd-button share-icon no-text\" href=\"http:\/\/www.rtvnoticias.com.ar\/?p=37035&amp;share=facebook\" target=\"_blank\" title=\"Haz clic para compartir en Facebook\"><span><\/span><span class=\"sharing-screen-reader-text\">Haz clic para compartir en Facebook (Se abre en una ventana nueva)<\/span><\/a><\/li><li class=\"share-jetpack-whatsapp\"><a rel=\"nofollow noopener noreferrer\" data-shared=\"\" class=\"share-jetpack-whatsapp sd-button share-icon no-text\" href=\"http:\/\/www.rtvnoticias.com.ar\/?p=37035&amp;share=jetpack-whatsapp\" target=\"_blank\" title=\"Haz clic para compartir en WhatsApp\"><span><\/span><span class=\"sharing-screen-reader-text\">Haz clic para compartir en WhatsApp (Se abre en una ventana nueva)<\/span><\/a><\/li><li class=\"share-telegram\"><a rel=\"nofollow noopener noreferrer\" data-shared=\"\" class=\"share-telegram sd-button share-icon no-text\" href=\"http:\/\/www.rtvnoticias.com.ar\/?p=37035&amp;share=telegram\" target=\"_blank\" title=\"Haz clic para compartir en Telegram\"><span><\/span><span class=\"sharing-screen-reader-text\">Haz clic para compartir en Telegram (Se abre en una ventana nueva)<\/span><\/a><\/li><li class=\"share-end\"><\/li><\/ul><\/div><\/div><\/div>","protected":false},"author":7,"featured_media":37036,"comment_status":"closed","ping_status":"closed","sticky":false,"template":"","format":"standard","meta":{"spay_email":"","jetpack_publicize_message":"","jetpack_is_tweetstorm":false,"jetpack_publicize_feature_enabled":true},"categories":[1],"tags":[],"jetpack_featured_media_url":"http:\/\/www.rtvnoticias.com.ar\/wp-content\/uploads\/2023\/06\/Dia-del-Bombero3.png","jetpack_publicize_connections":[],"jetpack_sharing_enabled":true,"_links":{"self":[{"href":"http:\/\/www.rtvnoticias.com.ar\/index.php?rest_route=\/wp\/v2\/posts\/37035"}],"collection":[{"href":"http:\/\/www.rtvnoticias.com.ar\/index.php?rest_route=\/wp\/v2\/posts"}],"about":[{"href":"http:\/\/www.rtvnoticias.com.ar\/index.php?rest_route=\/wp\/v2\/types\/post"}],"author":[{"embeddable":true,"href":"http:\/\/www.rtvnoticias.com.ar\/index.php?rest_route=\/wp\/v2\/users\/7"}],"replies":[{"embeddable":true,"href":"http:\/\/www.rtvnoticias.com.ar\/index.php?rest_route=%2Fwp%2Fv2%2Fcomments&post=37035"}],"version-history":[{"count":1,"href":"http:\/\/www.rtvnoticias.com.ar\/index.php?rest_route=\/wp\/v2\/posts\/37035\/revisions"}],"predecessor-version":[{"id":37037,"href":"http:\/\/www.rtvnoticias.com.ar\/index.php?rest_route=\/wp\/v2\/posts\/37035\/revisions\/37037"}],"wp:featuredmedia":[{"embeddable":true,"href":"http:\/\/www.rtvnoticias.com.ar\/index.php?rest_route=\/wp\/v2\/media\/37036"}],"wp:attachment":[{"href":"http:\/\/www.rtvnoticias.com.ar\/index.php?rest_route=%2Fwp%2Fv2%2Fmedia&parent=37035"}],"wp:term":[{"taxonomy":"category","embeddable":true,"href":"http:\/\/www.rtvnoticias.com.ar\/index.php?rest_route=%2Fwp%2Fv2%2Fcategories&post=37035"},{"taxonomy":"post_tag","embeddable":true,"href":"http:\/\/www.rtvnoticias.com.ar\/index.php?rest_route=%2Fwp%2Fv2%2Ftags&post=37035"}],"curies":[{"name":"wp","href":"https:\/\/api.w.org\/{rel}","templated":true}]}}