{"id":37038,"date":"2023-06-02T19:56:38","date_gmt":"2023-06-02T22:56:38","guid":{"rendered":"http:\/\/www.rtvnoticias.com.ar\/?p=37038"},"modified":"2023-06-02T20:00:54","modified_gmt":"2023-06-02T23:00:54","slug":"centenario-de-la-reforma-este-diario-esta-en-cada-uno-de-nosotros-y-lo-vamos-a-seguir-defendiendo-dijo-fernanda-alonso","status":"publish","type":"post","link":"http:\/\/www.rtvnoticias.com.ar\/?p=37038","title":{"rendered":"Centenario de La Reforma: \u00abEste diario est\u00e1 en cada uno de nosotros y lo vamos a seguir defendiendo\u00bb, dijo Fernanda Alonso"},"content":{"rendered":"\n<p>La intendenta municipal Fernanda Alonso particip\u00f3 de la celebraci\u00f3n por el cent\u00e9simo aniversario del diario La Reforma. La jefa comunal piquense recorri\u00f3 las instalaciones situadas en calle 20 junto a directivos, empleados y empleadas que se desempe\u00f1an y desempe\u00f1aron all\u00ed.<\/p>\n\n\n\n<p>Posteriormente, la mandataria local entreg\u00f3 la resoluci\u00f3n que declara de inter\u00e9s municipal el 100\u00b0 Aniversario del medio de comunicaci\u00f3n y, junto a integrantes de la instituci\u00f3n, descubri\u00f3 una placa por su trayectoria.<\/p>\n\n\n\n<p>En este emotivo contexto, Alonso se dirigi\u00f3 a quienes se encontraban presentes en el acto: \u201cEste d\u00eda es muy particular, fundamentalmente por la familia que lo ha compuesto y por tantas cosas que han sucedido en nuestra localidad, que han transcurrido con La Reforma como parte de su desarrollo y crecimiento\u201d.<\/p>\n\n\n\n<p>En relaci\u00f3n a ello, indic\u00f3 que \u201cel diario es muy significativo no solo para la localidad, sino para todos los que nos vimos alguna vez impresos en esas hojas, para quienes se enteraron de un casamiento o una cargada\u201d.<\/p>\n\n\n\n<p>Destacando la importante trayectoria, manifest\u00f3: \u201cEstos 100 a\u00f1os no pod\u00edan pasar desapercibidos porque sus p\u00e1ginas est\u00e1n en cada una y uno de nosotros y lo vamos a seguir defendiendo, porque nos identifica y mucho\u201d.<\/p>\n\n\n\n<figure class=\"wp-block-image size-large\"><img data-attachment-id=\"37040\" data-permalink=\"http:\/\/www.rtvnoticias.com.ar\/?attachment_id=37040\" data-orig-file=\"http:\/\/www.rtvnoticias.com.ar\/wp-content\/uploads\/2023\/06\/Centenariolr-2.jpg\" data-orig-size=\"600,399\" data-comments-opened=\"0\" data-image-meta=\"{&quot;aperture&quot;:&quot;0&quot;,&quot;credit&quot;:&quot;&quot;,&quot;camera&quot;:&quot;&quot;,&quot;caption&quot;:&quot;&quot;,&quot;created_timestamp&quot;:&quot;0&quot;,&quot;copyright&quot;:&quot;&quot;,&quot;focal_length&quot;:&quot;0&quot;,&quot;iso&quot;:&quot;0&quot;,&quot;shutter_speed&quot;:&quot;0&quot;,&quot;title&quot;:&quot;&quot;,&quot;orientation&quot;:&quot;1&quot;}\" data-image-title=\"Centenariolr-2\" data-image-description=\"\" data-image-caption=\"\" data-medium-file=\"http:\/\/www.rtvnoticias.com.ar\/wp-content\/uploads\/2023\/06\/Centenariolr-2-300x200.jpg\" data-large-file=\"http:\/\/www.rtvnoticias.com.ar\/wp-content\/uploads\/2023\/06\/Centenariolr-2.jpg\" decoding=\"async\" loading=\"lazy\" width=\"600\" height=\"399\" src=\"http:\/\/www.rtvnoticias.com.ar\/wp-content\/uploads\/2023\/06\/Centenariolr-2.jpg\" alt=\"\" class=\"wp-image-37040\" srcset=\"http:\/\/www.rtvnoticias.com.ar\/wp-content\/uploads\/2023\/06\/Centenariolr-2.jpg 600w, http:\/\/www.rtvnoticias.com.ar\/wp-content\/uploads\/2023\/06\/Centenariolr-2-300x200.jpg 300w\" sizes=\"(max-width: 600px) 100vw, 600px\" \/><\/figure>\n\n\n\n<p>\u201cHoy queremos homenajear a Edith Garcia, ex empleada administrativa, y a todos los trabajadores y trabajadoras que han pasado y que son parte actualmente. Me parece que ustedes no dimensionan el impacto que genera un medio period\u00edstico de estas caracter\u00edsticas en la familia. En cada casa hay un diario que sali\u00f3 de ac\u00e1 y es producto del trabajo de cada una y uno de ustedes\u201d.<\/p>\n\n\n\n<figure class=\"wp-block-image size-large\"><img data-attachment-id=\"37042\" data-permalink=\"http:\/\/www.rtvnoticias.com.ar\/?attachment_id=37042\" data-orig-file=\"http:\/\/www.rtvnoticias.com.ar\/wp-content\/uploads\/2023\/06\/Centenariolr-3.jpg\" data-orig-size=\"600,392\" data-comments-opened=\"0\" data-image-meta=\"{&quot;aperture&quot;:&quot;0&quot;,&quot;credit&quot;:&quot;&quot;,&quot;camera&quot;:&quot;&quot;,&quot;caption&quot;:&quot;&quot;,&quot;created_timestamp&quot;:&quot;0&quot;,&quot;copyright&quot;:&quot;&quot;,&quot;focal_length&quot;:&quot;0&quot;,&quot;iso&quot;:&quot;0&quot;,&quot;shutter_speed&quot;:&quot;0&quot;,&quot;title&quot;:&quot;&quot;,&quot;orientation&quot;:&quot;1&quot;}\" data-image-title=\"Centenariolr-3\" data-image-description=\"\" data-image-caption=\"\" data-medium-file=\"http:\/\/www.rtvnoticias.com.ar\/wp-content\/uploads\/2023\/06\/Centenariolr-3-300x196.jpg\" data-large-file=\"http:\/\/www.rtvnoticias.com.ar\/wp-content\/uploads\/2023\/06\/Centenariolr-3.jpg\" decoding=\"async\" loading=\"lazy\" width=\"600\" height=\"392\" src=\"http:\/\/www.rtvnoticias.com.ar\/wp-content\/uploads\/2023\/06\/Centenariolr-3.jpg\" alt=\"\" class=\"wp-image-37042\" srcset=\"http:\/\/www.rtvnoticias.com.ar\/wp-content\/uploads\/2023\/06\/Centenariolr-3.jpg 600w, http:\/\/www.rtvnoticias.com.ar\/wp-content\/uploads\/2023\/06\/Centenariolr-3-300x196.jpg 300w\" sizes=\"(max-width: 600px) 100vw, 600px\" \/><figcaption><strong>Juan Carlos Matilla, Edith Garc\u00eda y Fernanda Alonso               <\/strong>                                                                            <\/figcaption><\/figure>\n\n\n\n<p>Por su parte, el director de La Reforma, Juan Carlos Matilla agreg\u00f3: \u201cGracias Fernanda por lo que represent\u00e1s y por tus palabras. Mi total agradecimiento a la gran familia reformera, porque ha logrado sustentar estos 100 a\u00f1os de vida. Este es un homenaje a tanta gente que pas\u00f3 por ac\u00e1 y nos ense\u00f1\u00f3 que hab\u00eda que ponerse la camiseta por el piquenserismo y por La Reforma\u201d, concluy\u00f3.<\/p>\n\n\n\n<p>REENCUENTRO<\/p>\n\n\n\n<p>El acto sirvi\u00f3 adem\u00e1s para el reencuentro de varios trabajadores que se acogieron a los beneficios de la jubilaci\u00f3n como as\u00ed tambi\u00e9n otros que buscaron nuevos espacios.<\/p>\n\n\n\n<p>Tambi\u00e9n participaron representantes de medios period\u00edsticos locales que se sumaron a este acontecimiento que vivi\u00f3 la ciudad, que es nada m\u00e1s ni nada menos que celebrar 100 a\u00f1os de un medio period\u00edstico.<\/p>\n\n\n\n<p>ALMUERZO<\/p>\n\n\n\n<p>Los festejos del centenario del diario piquense continuar\u00e1 el mediod\u00eda de este s\u00e1bado, cuando en la Asociaci\u00f3n Italiana se re\u00fanan directivos, trabajadores, ex trabajadores y colaboradores de La Reforma.<\/p>\n\n\n\n<p><\/p>\n<div class=\"sharedaddy sd-sharing-enabled\"><div class=\"robots-nocontent sd-block sd-social sd-social-icon sd-sharing\"><h3 class=\"sd-title\">Comparte esto:<\/h3><div class=\"sd-content\"><ul><li class=\"share-twitter\"><a rel=\"nofollow noopener noreferrer\" data-shared=\"sharing-twitter-37038\" class=\"share-twitter sd-button share-icon no-text\" href=\"http:\/\/www.rtvnoticias.com.ar\/?p=37038&amp;share=twitter\" target=\"_blank\" title=\"Haz clic para compartir en Twitter\"><span><\/span><span class=\"sharing-screen-reader-text\">Haz clic para compartir en Twitter (Se abre en una ventana nueva)<\/span><\/a><\/li><li class=\"share-facebook\"><a rel=\"nofollow noopener noreferrer\" data-shared=\"sharing-facebook-37038\" class=\"share-facebook sd-button share-icon no-text\" href=\"http:\/\/www.rtvnoticias.com.ar\/?p=37038&amp;share=facebook\" target=\"_blank\" title=\"Haz clic para compartir en Facebook\"><span><\/span><span class=\"sharing-screen-reader-text\">Haz clic para compartir en Facebook (Se abre en una ventana nueva)<\/span><\/a><\/li><li class=\"share-jetpack-whatsapp\"><a rel=\"nofollow noopener noreferrer\" data-shared=\"\" class=\"share-jetpack-whatsapp sd-button share-icon no-text\" href=\"http:\/\/www.rtvnoticias.com.ar\/?p=37038&amp;share=jetpack-whatsapp\" target=\"_blank\" title=\"Haz clic para compartir en WhatsApp\"><span><\/span><span class=\"sharing-screen-reader-text\">Haz clic para compartir en WhatsApp (Se abre en una ventana nueva)<\/span><\/a><\/li><li class=\"share-telegram\"><a rel=\"nofollow noopener noreferrer\" data-shared=\"\" class=\"share-telegram sd-button share-icon no-text\" href=\"http:\/\/www.rtvnoticias.com.ar\/?p=37038&amp;share=telegram\" target=\"_blank\" title=\"Haz clic para compartir en Telegram\"><span><\/span><span class=\"sharing-screen-reader-text\">Haz clic para compartir en Telegram (Se abre en una ventana nueva)<\/span><\/a><\/li><li class=\"share-end\"><\/li><\/ul><\/div><\/div><\/div>","protected":false},"excerpt":{"rendered":"<p>La intendenta municipal Fernanda Alonso particip\u00f3 de la celebraci\u00f3n por el cent\u00e9simo aniversario del diario La Reforma. La jefa comunal piquense recorri\u00f3 las instalaciones situadas<\/p>\n<div class=\"sharedaddy sd-sharing-enabled\"><div class=\"robots-nocontent sd-block sd-social sd-social-icon sd-sharing\"><h3 class=\"sd-title\">Comparte esto:<\/h3><div class=\"sd-content\"><ul><li class=\"share-twitter\"><a rel=\"nofollow noopener noreferrer\" data-shared=\"sharing-twitter-37038\" class=\"share-twitter sd-button share-icon no-text\" href=\"http:\/\/www.rtvnoticias.com.ar\/?p=37038&amp;share=twitter\" target=\"_blank\" title=\"Haz clic para compartir en Twitter\"><span><\/span><span class=\"sharing-screen-reader-text\">Haz clic para compartir en Twitter (Se abre en una ventana nueva)<\/span><\/a><\/li><li class=\"share-facebook\"><a rel=\"nofollow noopener noreferrer\" data-shared=\"sharing-facebook-37038\" class=\"share-facebook sd-button share-icon no-text\" href=\"http:\/\/www.rtvnoticias.com.ar\/?p=37038&amp;share=facebook\" target=\"_blank\" title=\"Haz clic para compartir en Facebook\"><span><\/span><span class=\"sharing-screen-reader-text\">Haz clic para compartir en Facebook (Se abre en una ventana nueva)<\/span><\/a><\/li><li class=\"share-jetpack-whatsapp\"><a rel=\"nofollow noopener noreferrer\" data-shared=\"\" class=\"share-jetpack-whatsapp sd-button share-icon no-text\" href=\"http:\/\/www.rtvnoticias.com.ar\/?p=37038&amp;share=jetpack-whatsapp\" target=\"_blank\" title=\"Haz clic para compartir en WhatsApp\"><span><\/span><span class=\"sharing-screen-reader-text\">Haz clic para compartir en WhatsApp (Se abre en una ventana nueva)<\/span><\/a><\/li><li class=\"share-telegram\"><a rel=\"nofollow noopener noreferrer\" data-shared=\"\" class=\"share-telegram sd-button share-icon no-text\" href=\"http:\/\/www.rtvnoticias.com.ar\/?p=37038&amp;share=telegram\" target=\"_blank\" title=\"Haz clic para compartir en Telegram\"><span><\/span><span class=\"sharing-screen-reader-text\">Haz clic para compartir en Telegram (Se abre en una ventana nueva)<\/span><\/a><\/li><li class=\"share-end\"><\/li><\/ul><\/div><\/div><\/div>","protected":false},"author":5,"featured_media":37039,"comment_status":"closed","ping_status":"closed","sticky":false,"template":"","format":"standard","meta":{"spay_email":"","jetpack_publicize_message":"","jetpack_is_tweetstorm":false,"jetpack_publicize_feature_enabled":true},"categories":[3],"tags":[4055],"jetpack_featured_media_url":"http:\/\/www.rtvnoticias.com.ar\/wp-content\/uploads\/2023\/06\/centenariolr.jpg","jetpack_publicize_connections":[],"jetpack_sharing_enabled":true,"_links":{"self":[{"href":"http:\/\/www.rtvnoticias.com.ar\/index.php?rest_route=\/wp\/v2\/posts\/37038"}],"collection":[{"href":"http:\/\/www.rtvnoticias.com.ar\/index.php?rest_route=\/wp\/v2\/posts"}],"about":[{"href":"http:\/\/www.rtvnoticias.com.ar\/index.php?rest_route=\/wp\/v2\/types\/post"}],"author":[{"embeddable":true,"href":"http:\/\/www.rtvnoticias.com.ar\/index.php?rest_route=\/wp\/v2\/users\/5"}],"replies":[{"embeddable":true,"href":"http:\/\/www.rtvnoticias.com.ar\/index.php?rest_route=%2Fwp%2Fv2%2Fcomments&post=37038"}],"version-history":[{"count":3,"href":"http:\/\/www.rtvnoticias.com.ar\/index.php?rest_route=\/wp\/v2\/posts\/37038\/revisions"}],"predecessor-version":[{"id":37045,"href":"http:\/\/www.rtvnoticias.com.ar\/index.php?rest_route=\/wp\/v2\/posts\/37038\/revisions\/37045"}],"wp:featuredmedia":[{"embeddable":true,"href":"http:\/\/www.rtvnoticias.com.ar\/index.php?rest_route=\/wp\/v2\/media\/37039"}],"wp:attachment":[{"href":"http:\/\/www.rtvnoticias.com.ar\/index.php?rest_route=%2Fwp%2Fv2%2Fmedia&parent=37038"}],"wp:term":[{"taxonomy":"category","embeddable":true,"href":"http:\/\/www.rtvnoticias.com.ar\/index.php?rest_route=%2Fwp%2Fv2%2Fcategories&post=37038"},{"taxonomy":"post_tag","embeddable":true,"href":"http:\/\/www.rtvnoticias.com.ar\/index.php?rest_route=%2Fwp%2Fv2%2Ftags&post=37038"}],"curies":[{"name":"wp","href":"https:\/\/api.w.org\/{rel}","templated":true}]}}