{"id":37048,"date":"2023-06-03T21:00:03","date_gmt":"2023-06-04T00:00:03","guid":{"rendered":"http:\/\/www.rtvnoticias.com.ar\/?p=37048"},"modified":"2023-06-03T21:00:06","modified_gmt":"2023-06-04T00:00:06","slug":"river-defensa-y-justicia-suspendido-por-la-muerte-de-un-hincha-en-el-monumental","status":"publish","type":"post","link":"http:\/\/www.rtvnoticias.com.ar\/?p=37048","title":{"rendered":"River &#8211; Defensa y Justicia, suspendido por la muerte de un hincha en el Monumental"},"content":{"rendered":"\n<p>El encuentro entre River y Defensa y Justicia, que se jugaba esta tarde en el estadio Monumental por la d\u00e9cimonovena fecha de la Liga Profesional, fue suspendido a los 26 minutos de juego por la muerte de un hincha, quien cay\u00f3 desde la tribuna Sivori Alta.<\/p>\n\n\n\n<p>Se trata de un hombre, cuya identidad y edad no fueron confirmadas, y ahora las autoridades tratar\u00e1n de establecer las causas de su muerte.<\/p>\n\n\n\n<p>En tanto, Alberto Crescenti, titular del SAME, confirm\u00f3 en declaraciones a Todo Noticias que el simpatizante \u00abmuri\u00f3 en el acto, como consecuencia de un traumatismo grave, ya que se cay\u00f3 desde unos 15 metros de altura\u00bb.<\/p>\n\n\n\n<p>Corr\u00edan los 26 minutos de juego, cuando desde una de las tribunas populares los hinchas empezaron a pedir a los gritos que se detenga el encuentro para asistir a un simpatizante que hab\u00eda ca\u00eddo al vac\u00edo.<\/p>\n\n\n\n<p>El partido se detuvo unos segundos y se reanud\u00f3 pero, ante el insistente grito de la afici\u00f3n riverplatense exigiendo asistencia m\u00e9dica, el \u00e1rbitro Fernando Rapallini par\u00f3 el encuentro, habl\u00f3 con los corresponsales de la Liga Profesional que le comentaron el panorama y llam\u00f3 a los capitanes, Franco Armani y Ezequiel Unsain, para informarles la situaci\u00f3n.<\/p>\n\n\n\n<p>Ante el alarmante panorama, ambos referentes les comunicaron a sus compa\u00f1eros lo sucedido y acompa\u00f1aron la decisi\u00f3n de las autoridades.<\/p>\n\n\n\n<p>Luego de varios minutos de incertidumbre, la situaci\u00f3n empez\u00f3 a esclarecerse y se supo que un hombre cay\u00f3 sin vida desde la Sivori Alta hasta la Baja.<\/p>\n\n\n\n<p>El cuerpo impact\u00f3 cerca de un alambrado en medio de la gran cantidad de gente que se encontraba en la cancha de River para ver el encuentro.<\/p>\n\n\n\n<p>Inmediatamente, se dio aviso al 911 para solicitar la presencia del personal de la Comisar\u00eda Vecinal 13\u00aa que lleg\u00f3 y despleg\u00f3 un gazebo de la Polic\u00eda de la Ciudad.<\/p>\n<div class=\"sharedaddy sd-sharing-enabled\"><div class=\"robots-nocontent sd-block sd-social sd-social-icon sd-sharing\"><h3 class=\"sd-title\">Comparte esto:<\/h3><div class=\"sd-content\"><ul><li class=\"share-twitter\"><a rel=\"nofollow noopener noreferrer\" data-shared=\"sharing-twitter-37048\" class=\"share-twitter sd-button share-icon no-text\" href=\"http:\/\/www.rtvnoticias.com.ar\/?p=37048&amp;share=twitter\" target=\"_blank\" title=\"Haz clic para compartir en Twitter\"><span><\/span><span class=\"sharing-screen-reader-text\">Haz clic para compartir en Twitter (Se abre en una ventana nueva)<\/span><\/a><\/li><li class=\"share-facebook\"><a rel=\"nofollow noopener noreferrer\" data-shared=\"sharing-facebook-37048\" class=\"share-facebook sd-button share-icon no-text\" href=\"http:\/\/www.rtvnoticias.com.ar\/?p=37048&amp;share=facebook\" target=\"_blank\" title=\"Haz clic para compartir en Facebook\"><span><\/span><span class=\"sharing-screen-reader-text\">Haz clic para compartir en Facebook (Se abre en una ventana nueva)<\/span><\/a><\/li><li class=\"share-jetpack-whatsapp\"><a rel=\"nofollow noopener noreferrer\" data-shared=\"\" class=\"share-jetpack-whatsapp sd-button share-icon no-text\" href=\"http:\/\/www.rtvnoticias.com.ar\/?p=37048&amp;share=jetpack-whatsapp\" target=\"_blank\" title=\"Haz clic para compartir en WhatsApp\"><span><\/span><span class=\"sharing-screen-reader-text\">Haz clic para compartir en WhatsApp (Se abre en una ventana nueva)<\/span><\/a><\/li><li class=\"share-telegram\"><a rel=\"nofollow noopener noreferrer\" data-shared=\"\" class=\"share-telegram sd-button share-icon no-text\" href=\"http:\/\/www.rtvnoticias.com.ar\/?p=37048&amp;share=telegram\" target=\"_blank\" title=\"Haz clic para compartir en Telegram\"><span><\/span><span class=\"sharing-screen-reader-text\">Haz clic para compartir en Telegram (Se abre en una ventana nueva)<\/span><\/a><\/li><li class=\"share-end\"><\/li><\/ul><\/div><\/div><\/div>","protected":false},"excerpt":{"rendered":"<p>El encuentro entre River y Defensa y Justicia, que se jugaba esta tarde en el estadio Monumental por la d\u00e9cimonovena fecha de la Liga Profesional,<\/p>\n<div class=\"sharedaddy sd-sharing-enabled\"><div class=\"robots-nocontent sd-block sd-social sd-social-icon sd-sharing\"><h3 class=\"sd-title\">Comparte esto:<\/h3><div class=\"sd-content\"><ul><li class=\"share-twitter\"><a rel=\"nofollow noopener noreferrer\" data-shared=\"sharing-twitter-37048\" class=\"share-twitter sd-button share-icon no-text\" href=\"http:\/\/www.rtvnoticias.com.ar\/?p=37048&amp;share=twitter\" target=\"_blank\" title=\"Haz clic para compartir en Twitter\"><span><\/span><span class=\"sharing-screen-reader-text\">Haz clic para compartir en Twitter (Se abre en una ventana nueva)<\/span><\/a><\/li><li class=\"share-facebook\"><a rel=\"nofollow noopener noreferrer\" data-shared=\"sharing-facebook-37048\" class=\"share-facebook sd-button share-icon no-text\" href=\"http:\/\/www.rtvnoticias.com.ar\/?p=37048&amp;share=facebook\" target=\"_blank\" title=\"Haz clic para compartir en Facebook\"><span><\/span><span class=\"sharing-screen-reader-text\">Haz clic para compartir en Facebook (Se abre en una ventana nueva)<\/span><\/a><\/li><li class=\"share-jetpack-whatsapp\"><a rel=\"nofollow noopener noreferrer\" data-shared=\"\" class=\"share-jetpack-whatsapp sd-button share-icon no-text\" href=\"http:\/\/www.rtvnoticias.com.ar\/?p=37048&amp;share=jetpack-whatsapp\" target=\"_blank\" title=\"Haz clic para compartir en WhatsApp\"><span><\/span><span class=\"sharing-screen-reader-text\">Haz clic para compartir en WhatsApp (Se abre en una ventana nueva)<\/span><\/a><\/li><li class=\"share-telegram\"><a rel=\"nofollow noopener noreferrer\" data-shared=\"\" class=\"share-telegram sd-button share-icon no-text\" href=\"http:\/\/www.rtvnoticias.com.ar\/?p=37048&amp;share=telegram\" target=\"_blank\" title=\"Haz clic para compartir en Telegram\"><span><\/span><span class=\"sharing-screen-reader-text\">Haz clic para compartir en Telegram (Se abre en una ventana nueva)<\/span><\/a><\/li><li class=\"share-end\"><\/li><\/ul><\/div><\/div><\/div>","protected":false},"author":7,"featured_media":37049,"comment_status":"closed","ping_status":"closed","sticky":false,"template":"","format":"standard","meta":{"spay_email":"","jetpack_publicize_message":"","jetpack_is_tweetstorm":false,"jetpack_publicize_feature_enabled":true},"categories":[6],"tags":[],"jetpack_featured_media_url":"http:\/\/www.rtvnoticias.com.ar\/wp-content\/uploads\/2023\/06\/river-defensa.jpg","jetpack_publicize_connections":[],"jetpack_sharing_enabled":true,"_links":{"self":[{"href":"http:\/\/www.rtvnoticias.com.ar\/index.php?rest_route=\/wp\/v2\/posts\/37048"}],"collection":[{"href":"http:\/\/www.rtvnoticias.com.ar\/index.php?rest_route=\/wp\/v2\/posts"}],"about":[{"href":"http:\/\/www.rtvnoticias.com.ar\/index.php?rest_route=\/wp\/v2\/types\/post"}],"author":[{"embeddable":true,"href":"http:\/\/www.rtvnoticias.com.ar\/index.php?rest_route=\/wp\/v2\/users\/7"}],"replies":[{"embeddable":true,"href":"http:\/\/www.rtvnoticias.com.ar\/index.php?rest_route=%2Fwp%2Fv2%2Fcomments&post=37048"}],"version-history":[{"count":1,"href":"http:\/\/www.rtvnoticias.com.ar\/index.php?rest_route=\/wp\/v2\/posts\/37048\/revisions"}],"predecessor-version":[{"id":37050,"href":"http:\/\/www.rtvnoticias.com.ar\/index.php?rest_route=\/wp\/v2\/posts\/37048\/revisions\/37050"}],"wp:featuredmedia":[{"embeddable":true,"href":"http:\/\/www.rtvnoticias.com.ar\/index.php?rest_route=\/wp\/v2\/media\/37049"}],"wp:attachment":[{"href":"http:\/\/www.rtvnoticias.com.ar\/index.php?rest_route=%2Fwp%2Fv2%2Fmedia&parent=37048"}],"wp:term":[{"taxonomy":"category","embeddable":true,"href":"http:\/\/www.rtvnoticias.com.ar\/index.php?rest_route=%2Fwp%2Fv2%2Fcategories&post=37048"},{"taxonomy":"post_tag","embeddable":true,"href":"http:\/\/www.rtvnoticias.com.ar\/index.php?rest_route=%2Fwp%2Fv2%2Ftags&post=37048"}],"curies":[{"name":"wp","href":"https:\/\/api.w.org\/{rel}","templated":true}]}}