{"id":37069,"date":"2023-06-06T08:30:31","date_gmt":"2023-06-06T11:30:31","guid":{"rendered":"http:\/\/www.rtvnoticias.com.ar\/?p=37069"},"modified":"2023-06-06T08:30:34","modified_gmt":"2023-06-06T11:30:34","slug":"cristina-kirchner-fue-sobreseida-en-la-causa-por-la-ruta-del-dinero-k","status":"publish","type":"post","link":"http:\/\/www.rtvnoticias.com.ar\/?p=37069","title":{"rendered":"Cristina Kirchner fue sobrese\u00edda en la causa por \u00abLa ruta del dinero K\u00bb"},"content":{"rendered":"\n<p>El juez federal Sebasti\u00e1n Casanello sobresey\u00f3 a la vicepresidenta Cristina Fern\u00e1ndez de Kirchner en la causa por lavado de dinero en la que fue condenado el empresario L\u00e1zaro B\u00e1ez, ante la falta de acusaci\u00f3n de la fiscal\u00eda y las querellas.<\/p>\n\n\n\n<p>Casanello dispuso decretar este lunes el sobreseimeinto \u00abdeclarando que la formaci\u00f3n del presente sumario no afecta el buen nombre y honor\u00bb de la Vicepresidenta, seg\u00fan la resoluci\u00f3n a la que tuvo acceso T\u00e9lam, y en la que el juez se remiti\u00f3 al dictamen del fiscal del caso Guillermo Marijuan y a la postura coincidente de las querellas de la UIF y la AFIP, que se pronunciaron por el sobreseimiento.<\/p>\n\n\n\n<p>\u00abFrente a la solicitud del acusador y titular de la acci\u00f3n penal de sobreseer, la tarea del juez se encuentra acotada a examinar los requisitos de razonabilidad y legalidad de la petici\u00f3n, que en el presente caso se hayan satisfechos\u00bb, concluy\u00f3 el magistrado.<\/p>\n\n\n\n<p>El 24 de mayo pasado, Marijuan \u00abretir\u00f3 su acusaci\u00f3n contra Cristina E. Fern\u00e1ndez\u00bb, record\u00f3 Casanello y, frente a esta solicitud y tras ser consultadas las dos querellas, \u00abambas agencias compartieron la soluci\u00f3n postulada\u00bb.<\/p>\n\n\n\n<p>Ante esto, Casanello evalu\u00f3 que la fiscal\u00eda \u00abha arribado a una de las soluciones previstas en el ordenamiento legal a trav\u00e9s de un razonamiento l\u00f3gico derivado del examen de las constancias que obran en el expediente\u00bb.<\/p>\n\n\n\n<p>Marijuan retir\u00f3 su acusaci\u00f3n a la Vicepresidenta, quien ten\u00eda falta de m\u00e9rito en la causa, \u00abtras recibir un informe confeccionado por la Direcci\u00f3n de Asistencia Judicial en Delitos Complejos y Crimen Organizado (Dajudeco) y confirmar, a partir de all\u00ed, un evento considerado por el dirimente: la reuni\u00f3n de finales de 2010 en la Quinta de Olivos, donde el empresario, al ser interrogado por la entonces presidenta, niega y oculta la expatriaci\u00f3n ilegal de capitales que para ese entonces ven\u00eda realizando\u00bb, cit\u00f3 Casanello en la resoluci\u00f3n.<\/p>\n\n\n\n<p>El fiscal \u00abtras considerar agotadas las medidas de prueba, dio un cierre a la investigaci\u00f3n abierta hace siete a\u00f1os para dilucidar si la exmandataria hab\u00eda participado de las operaciones de lavado de dinero atribuidas en esta causa a L\u00e1zaro B\u00e1ez y su entorno\u00bb.<\/p>\n\n\n\n<p>En otra resoluci\u00f3n, Casanello declar\u00f3 \u00abinadmisible\u00bb un planteo hecho por una asociaci\u00f3n llamada \u00abBases\u00bb para ser querellante en la causa y poder as\u00ed solicitar la nulidad del dictamen en el cual el fiscal se pronunci\u00f3 por el sobreseimiento de la Vicepresidenta por falta de pruebas.<\/p>\n<div class=\"sharedaddy sd-sharing-enabled\"><div class=\"robots-nocontent sd-block sd-social sd-social-icon sd-sharing\"><h3 class=\"sd-title\">Comparte esto:<\/h3><div class=\"sd-content\"><ul><li class=\"share-twitter\"><a rel=\"nofollow noopener noreferrer\" data-shared=\"sharing-twitter-37069\" class=\"share-twitter sd-button share-icon no-text\" href=\"http:\/\/www.rtvnoticias.com.ar\/?p=37069&amp;share=twitter\" target=\"_blank\" title=\"Haz clic para compartir en Twitter\"><span><\/span><span class=\"sharing-screen-reader-text\">Haz clic para compartir en Twitter (Se abre en una ventana nueva)<\/span><\/a><\/li><li class=\"share-facebook\"><a rel=\"nofollow noopener noreferrer\" data-shared=\"sharing-facebook-37069\" class=\"share-facebook sd-button share-icon no-text\" href=\"http:\/\/www.rtvnoticias.com.ar\/?p=37069&amp;share=facebook\" target=\"_blank\" title=\"Haz clic para compartir en Facebook\"><span><\/span><span class=\"sharing-screen-reader-text\">Haz clic para compartir en Facebook (Se abre en una ventana nueva)<\/span><\/a><\/li><li class=\"share-jetpack-whatsapp\"><a rel=\"nofollow noopener noreferrer\" data-shared=\"\" class=\"share-jetpack-whatsapp sd-button share-icon no-text\" href=\"http:\/\/www.rtvnoticias.com.ar\/?p=37069&amp;share=jetpack-whatsapp\" target=\"_blank\" title=\"Haz clic para compartir en WhatsApp\"><span><\/span><span class=\"sharing-screen-reader-text\">Haz clic para compartir en WhatsApp (Se abre en una ventana nueva)<\/span><\/a><\/li><li class=\"share-telegram\"><a rel=\"nofollow noopener noreferrer\" data-shared=\"\" class=\"share-telegram sd-button share-icon no-text\" href=\"http:\/\/www.rtvnoticias.com.ar\/?p=37069&amp;share=telegram\" target=\"_blank\" title=\"Haz clic para compartir en Telegram\"><span><\/span><span class=\"sharing-screen-reader-text\">Haz clic para compartir en Telegram (Se abre en una ventana nueva)<\/span><\/a><\/li><li class=\"share-end\"><\/li><\/ul><\/div><\/div><\/div>","protected":false},"excerpt":{"rendered":"<p>El juez federal Sebasti\u00e1n Casanello sobresey\u00f3 a la vicepresidenta Cristina Fern\u00e1ndez de Kirchner en la causa por lavado de dinero en la que fue condenado<\/p>\n<div class=\"sharedaddy sd-sharing-enabled\"><div class=\"robots-nocontent sd-block sd-social sd-social-icon sd-sharing\"><h3 class=\"sd-title\">Comparte esto:<\/h3><div class=\"sd-content\"><ul><li class=\"share-twitter\"><a rel=\"nofollow noopener noreferrer\" data-shared=\"sharing-twitter-37069\" class=\"share-twitter sd-button share-icon no-text\" href=\"http:\/\/www.rtvnoticias.com.ar\/?p=37069&amp;share=twitter\" target=\"_blank\" title=\"Haz clic para compartir en Twitter\"><span><\/span><span class=\"sharing-screen-reader-text\">Haz clic para compartir en Twitter (Se abre en una ventana nueva)<\/span><\/a><\/li><li class=\"share-facebook\"><a rel=\"nofollow noopener noreferrer\" data-shared=\"sharing-facebook-37069\" class=\"share-facebook sd-button share-icon no-text\" href=\"http:\/\/www.rtvnoticias.com.ar\/?p=37069&amp;share=facebook\" target=\"_blank\" title=\"Haz clic para compartir en Facebook\"><span><\/span><span class=\"sharing-screen-reader-text\">Haz clic para compartir en Facebook (Se abre en una ventana nueva)<\/span><\/a><\/li><li class=\"share-jetpack-whatsapp\"><a rel=\"nofollow noopener noreferrer\" data-shared=\"\" class=\"share-jetpack-whatsapp sd-button share-icon no-text\" href=\"http:\/\/www.rtvnoticias.com.ar\/?p=37069&amp;share=jetpack-whatsapp\" target=\"_blank\" title=\"Haz clic para compartir en WhatsApp\"><span><\/span><span class=\"sharing-screen-reader-text\">Haz clic para compartir en WhatsApp (Se abre en una ventana nueva)<\/span><\/a><\/li><li class=\"share-telegram\"><a rel=\"nofollow noopener noreferrer\" data-shared=\"\" class=\"share-telegram sd-button share-icon no-text\" href=\"http:\/\/www.rtvnoticias.com.ar\/?p=37069&amp;share=telegram\" target=\"_blank\" title=\"Haz clic para compartir en Telegram\"><span><\/span><span class=\"sharing-screen-reader-text\">Haz clic para compartir en Telegram (Se abre en una ventana nueva)<\/span><\/a><\/li><li class=\"share-end\"><\/li><\/ul><\/div><\/div><\/div>","protected":false},"author":7,"featured_media":12780,"comment_status":"closed","ping_status":"closed","sticky":false,"template":"","format":"standard","meta":{"spay_email":"","jetpack_publicize_message":"","jetpack_is_tweetstorm":false,"jetpack_publicize_feature_enabled":true},"categories":[5],"tags":[],"jetpack_featured_media_url":"http:\/\/www.rtvnoticias.com.ar\/wp-content\/uploads\/2019\/06\/cristina-juicio-3.jpg","jetpack_publicize_connections":[],"jetpack_sharing_enabled":true,"_links":{"self":[{"href":"http:\/\/www.rtvnoticias.com.ar\/index.php?rest_route=\/wp\/v2\/posts\/37069"}],"collection":[{"href":"http:\/\/www.rtvnoticias.com.ar\/index.php?rest_route=\/wp\/v2\/posts"}],"about":[{"href":"http:\/\/www.rtvnoticias.com.ar\/index.php?rest_route=\/wp\/v2\/types\/post"}],"author":[{"embeddable":true,"href":"http:\/\/www.rtvnoticias.com.ar\/index.php?rest_route=\/wp\/v2\/users\/7"}],"replies":[{"embeddable":true,"href":"http:\/\/www.rtvnoticias.com.ar\/index.php?rest_route=%2Fwp%2Fv2%2Fcomments&post=37069"}],"version-history":[{"count":1,"href":"http:\/\/www.rtvnoticias.com.ar\/index.php?rest_route=\/wp\/v2\/posts\/37069\/revisions"}],"predecessor-version":[{"id":37070,"href":"http:\/\/www.rtvnoticias.com.ar\/index.php?rest_route=\/wp\/v2\/posts\/37069\/revisions\/37070"}],"wp:featuredmedia":[{"embeddable":true,"href":"http:\/\/www.rtvnoticias.com.ar\/index.php?rest_route=\/wp\/v2\/media\/12780"}],"wp:attachment":[{"href":"http:\/\/www.rtvnoticias.com.ar\/index.php?rest_route=%2Fwp%2Fv2%2Fmedia&parent=37069"}],"wp:term":[{"taxonomy":"category","embeddable":true,"href":"http:\/\/www.rtvnoticias.com.ar\/index.php?rest_route=%2Fwp%2Fv2%2Fcategories&post=37069"},{"taxonomy":"post_tag","embeddable":true,"href":"http:\/\/www.rtvnoticias.com.ar\/index.php?rest_route=%2Fwp%2Fv2%2Ftags&post=37069"}],"curies":[{"name":"wp","href":"https:\/\/api.w.org\/{rel}","templated":true}]}}