{"id":37077,"date":"2023-06-06T08:40:07","date_gmt":"2023-06-06T11:40:07","guid":{"rendered":"http:\/\/www.rtvnoticias.com.ar\/?p=37077"},"modified":"2023-06-06T08:40:09","modified_gmt":"2023-06-06T11:40:09","slug":"mineria-inclusiva-y-con-perspectiva-de-genero-en-la-pampa","status":"publish","type":"post","link":"http:\/\/www.rtvnoticias.com.ar\/?p=37077","title":{"rendered":"Miner\u00eda inclusiva y con perspectiva de G\u00e9nero en La Pampa"},"content":{"rendered":"\n<p>Con el objetivo de avanzar hacia una miner\u00eda m\u00e1s inclusiva y equitativa en materia de g\u00e9nero, la secretar\u00eda de Energ\u00eda y Miner\u00eda, a trav\u00e9s de la Subsecretar\u00eda de Hidrocarburos y Miner\u00eda, firm\u00f3 un convenio de colaboraci\u00f3n con la organizaci\u00f3n internacional Women in Mining Argentina (WIM), para trabajar de manera conjunta y coordinada en el desarrollo de estrategias y acciones referidas a la empleabilidad y permanencia de las mujeres en el sector minero.<\/p>\n\n\n\n<p>Desde esta gesti\u00f3n de Gobierno, se trabaja diariamente en los lineamientos de pol\u00edticas p\u00fablicas del sector, impulsados por el gobernador Sergio Ziliotto, no solo para el aprovechamiento sustentable de los recursos minerales de La Pampa que contribuyan a alcanzar un mayor desarrollo econ\u00f3mico y productivo, sino tambi\u00e9n para promover una mayor inclusi\u00f3n social y de g\u00e9nero en la actividad minera.<\/p>\n\n\n\n<p>Participaron de la firma la subsecretaria de Hidrocarburos y Miner\u00eda, Cecilia Baudino y la directora Ejecutiva de WIM Argentina, Mercedes Rodr\u00edguez.<\/p>\n\n\n\n<p>Women in Mining Argentina es la representaci\u00f3n de Internacional Women in Mining en el pa\u00eds y es referente en la promoci\u00f3n de la mujer como una de las principales fuerzas de desarrollo en la miner\u00eda. Mediante la participaci\u00f3n de profesionales y referentes del sector, WIM Argentina act\u00faa como canal para el desarrollo de pol\u00edticas y acciones que impulsen la equidad e igualdad de oportunidades para la mujer en la industria minera.<\/p>\n\n\n\n<p>Mediante la firma de este convenio se asumi\u00f3 el compromiso de trabajar en forma conjunta y coordinada en la realizaci\u00f3n de diagn\u00f3sticos que permitan conocer los niveles de avance en materia de equidad de g\u00e9nero; la realizaci\u00f3n de un trabajo integrado con actores de la industria minera local en el desarrollo e implementaci\u00f3n de pol\u00edticas p\u00fablicas.<\/p>\n\n\n\n<p>El acuerdo prev\u00e9 tambi\u00e9n la ejecuci\u00f3n de medidas de apoyo t\u00e9cnico y capacitaciones para contribuir a la profesionalizaci\u00f3n de la mujer en la actividad y la reducci\u00f3n de las brechas laborales existentes.<\/p>\n\n\n\n<p>En este sentido, la Subsecretar\u00eda de Hidrocarburos y Miner\u00eda participa de forma activa en la Mesa Interprovincial de G\u00e9nero y Miner\u00eda que lleva adelante la Secretar\u00eda de Miner\u00eda de Naci\u00f3n, un espacio federal en el que se articulan acciones de cooperaci\u00f3n e intercambio en torno a la tem\u00e1tica de g\u00e9nero y que busca promover pol\u00edticas y acciones orientadas a impulsar una miner\u00eda inclusiva y equitativa en materia de g\u00e9nero.<\/p>\n<div class=\"sharedaddy sd-sharing-enabled\"><div class=\"robots-nocontent sd-block sd-social sd-social-icon sd-sharing\"><h3 class=\"sd-title\">Comparte esto:<\/h3><div class=\"sd-content\"><ul><li class=\"share-twitter\"><a rel=\"nofollow noopener noreferrer\" data-shared=\"sharing-twitter-37077\" class=\"share-twitter sd-button share-icon no-text\" href=\"http:\/\/www.rtvnoticias.com.ar\/?p=37077&amp;share=twitter\" target=\"_blank\" title=\"Haz clic para compartir en Twitter\"><span><\/span><span class=\"sharing-screen-reader-text\">Haz clic para compartir en Twitter (Se abre en una ventana nueva)<\/span><\/a><\/li><li class=\"share-facebook\"><a rel=\"nofollow noopener noreferrer\" data-shared=\"sharing-facebook-37077\" class=\"share-facebook sd-button share-icon no-text\" href=\"http:\/\/www.rtvnoticias.com.ar\/?p=37077&amp;share=facebook\" target=\"_blank\" title=\"Haz clic para compartir en Facebook\"><span><\/span><span class=\"sharing-screen-reader-text\">Haz clic para compartir en Facebook (Se abre en una ventana nueva)<\/span><\/a><\/li><li class=\"share-jetpack-whatsapp\"><a rel=\"nofollow noopener noreferrer\" data-shared=\"\" class=\"share-jetpack-whatsapp sd-button share-icon no-text\" href=\"http:\/\/www.rtvnoticias.com.ar\/?p=37077&amp;share=jetpack-whatsapp\" target=\"_blank\" title=\"Haz clic para compartir en WhatsApp\"><span><\/span><span class=\"sharing-screen-reader-text\">Haz clic para compartir en WhatsApp (Se abre en una ventana nueva)<\/span><\/a><\/li><li class=\"share-telegram\"><a rel=\"nofollow noopener noreferrer\" data-shared=\"\" class=\"share-telegram sd-button share-icon no-text\" href=\"http:\/\/www.rtvnoticias.com.ar\/?p=37077&amp;share=telegram\" target=\"_blank\" title=\"Haz clic para compartir en Telegram\"><span><\/span><span class=\"sharing-screen-reader-text\">Haz clic para compartir en Telegram (Se abre en una ventana nueva)<\/span><\/a><\/li><li class=\"share-end\"><\/li><\/ul><\/div><\/div><\/div>","protected":false},"excerpt":{"rendered":"<p>Con el objetivo de avanzar hacia una miner\u00eda m\u00e1s inclusiva y equitativa en materia de g\u00e9nero, la secretar\u00eda de Energ\u00eda y Miner\u00eda, a trav\u00e9s de<\/p>\n<div class=\"sharedaddy sd-sharing-enabled\"><div class=\"robots-nocontent sd-block sd-social sd-social-icon sd-sharing\"><h3 class=\"sd-title\">Comparte esto:<\/h3><div class=\"sd-content\"><ul><li class=\"share-twitter\"><a rel=\"nofollow noopener noreferrer\" data-shared=\"sharing-twitter-37077\" class=\"share-twitter sd-button share-icon no-text\" href=\"http:\/\/www.rtvnoticias.com.ar\/?p=37077&amp;share=twitter\" target=\"_blank\" title=\"Haz clic para compartir en Twitter\"><span><\/span><span class=\"sharing-screen-reader-text\">Haz clic para compartir en Twitter (Se abre en una ventana nueva)<\/span><\/a><\/li><li class=\"share-facebook\"><a rel=\"nofollow noopener noreferrer\" data-shared=\"sharing-facebook-37077\" class=\"share-facebook sd-button share-icon no-text\" href=\"http:\/\/www.rtvnoticias.com.ar\/?p=37077&amp;share=facebook\" target=\"_blank\" title=\"Haz clic para compartir en Facebook\"><span><\/span><span class=\"sharing-screen-reader-text\">Haz clic para compartir en Facebook (Se abre en una ventana nueva)<\/span><\/a><\/li><li class=\"share-jetpack-whatsapp\"><a rel=\"nofollow noopener noreferrer\" data-shared=\"\" class=\"share-jetpack-whatsapp sd-button share-icon no-text\" href=\"http:\/\/www.rtvnoticias.com.ar\/?p=37077&amp;share=jetpack-whatsapp\" target=\"_blank\" title=\"Haz clic para compartir en WhatsApp\"><span><\/span><span class=\"sharing-screen-reader-text\">Haz clic para compartir en WhatsApp (Se abre en una ventana nueva)<\/span><\/a><\/li><li class=\"share-telegram\"><a rel=\"nofollow noopener noreferrer\" data-shared=\"\" class=\"share-telegram sd-button share-icon no-text\" href=\"http:\/\/www.rtvnoticias.com.ar\/?p=37077&amp;share=telegram\" target=\"_blank\" title=\"Haz clic para compartir en Telegram\"><span><\/span><span class=\"sharing-screen-reader-text\">Haz clic para compartir en Telegram (Se abre en una ventana nueva)<\/span><\/a><\/li><li class=\"share-end\"><\/li><\/ul><\/div><\/div><\/div>","protected":false},"author":7,"featured_media":37078,"comment_status":"closed","ping_status":"closed","sticky":false,"template":"","format":"standard","meta":{"spay_email":"","jetpack_publicize_message":"","jetpack_is_tweetstorm":false,"jetpack_publicize_feature_enabled":true},"categories":[4],"tags":[],"jetpack_featured_media_url":"http:\/\/www.rtvnoticias.com.ar\/wp-content\/uploads\/2023\/06\/mineria-inclusiva.jpg","jetpack_publicize_connections":[],"jetpack_sharing_enabled":true,"_links":{"self":[{"href":"http:\/\/www.rtvnoticias.com.ar\/index.php?rest_route=\/wp\/v2\/posts\/37077"}],"collection":[{"href":"http:\/\/www.rtvnoticias.com.ar\/index.php?rest_route=\/wp\/v2\/posts"}],"about":[{"href":"http:\/\/www.rtvnoticias.com.ar\/index.php?rest_route=\/wp\/v2\/types\/post"}],"author":[{"embeddable":true,"href":"http:\/\/www.rtvnoticias.com.ar\/index.php?rest_route=\/wp\/v2\/users\/7"}],"replies":[{"embeddable":true,"href":"http:\/\/www.rtvnoticias.com.ar\/index.php?rest_route=%2Fwp%2Fv2%2Fcomments&post=37077"}],"version-history":[{"count":1,"href":"http:\/\/www.rtvnoticias.com.ar\/index.php?rest_route=\/wp\/v2\/posts\/37077\/revisions"}],"predecessor-version":[{"id":37079,"href":"http:\/\/www.rtvnoticias.com.ar\/index.php?rest_route=\/wp\/v2\/posts\/37077\/revisions\/37079"}],"wp:featuredmedia":[{"embeddable":true,"href":"http:\/\/www.rtvnoticias.com.ar\/index.php?rest_route=\/wp\/v2\/media\/37078"}],"wp:attachment":[{"href":"http:\/\/www.rtvnoticias.com.ar\/index.php?rest_route=%2Fwp%2Fv2%2Fmedia&parent=37077"}],"wp:term":[{"taxonomy":"category","embeddable":true,"href":"http:\/\/www.rtvnoticias.com.ar\/index.php?rest_route=%2Fwp%2Fv2%2Fcategories&post=37077"},{"taxonomy":"post_tag","embeddable":true,"href":"http:\/\/www.rtvnoticias.com.ar\/index.php?rest_route=%2Fwp%2Fv2%2Ftags&post=37077"}],"curies":[{"name":"wp","href":"https:\/\/api.w.org\/{rel}","templated":true}]}}