{"id":37095,"date":"2023-06-07T08:18:58","date_gmt":"2023-06-07T11:18:58","guid":{"rendered":"http:\/\/www.rtvnoticias.com.ar\/?p=37095"},"modified":"2023-06-07T09:36:23","modified_gmt":"2023-06-07T12:36:23","slug":"el-papa-francisco-sera-operado-de-urgencia-por-problemas-intestinales","status":"publish","type":"post","link":"http:\/\/www.rtvnoticias.com.ar\/?p=37095","title":{"rendered":"El papa Francisco ser\u00e1 operado de urgencia por problemas intestinales"},"content":{"rendered":"\n<p>El papa Francisco se somete este mi\u00e9rcoles en un hospital de Roma a una nueva operaci\u00f3n en el abdomen, luego de la diverticulitis por la que ya fue intervenido en 2021, inform\u00f3 el Vaticano.<\/p>\n\n\n\n<p>\u00abAl t\u00e9rmino de la Audiencia General, el Santo Padre se desplaz\u00f3 al Hospital Universitario A. Gemelli donde a primera hora de la tarde ser\u00e1 intervenido quir\u00fargicamente de laparotom\u00eda y cirug\u00eda pl\u00e1stica de la pared abdominal con pr\u00f3tesis bajo anestesia general\u00bb, inform\u00f3 el director de la oficina de Prensa de la Santa Sede, Matteo Bruni, en un comunicado sobre la salud del pont\u00edfice de 86 a\u00f1os.<\/p>\n\n\n\n<p>Seg\u00fan Bruni, \u00abla operaci\u00f3n, dispuesta en los \u00faltimos d\u00edas por el equipo m\u00e9dico que asiste al Santo Padre, se hizo necesaria a causa de una hernia incisional incarcerada que est\u00e1 provocando s\u00edndromes suboclusivos recurrentes, dolorosos y que empeoran\u00bb.<\/p>\n\n\n\n<p>De acuerdo a lo informado por Bruni, \u00abla estad\u00eda en el establecimiento de salud tendr\u00e1 una duraci\u00f3n de algunos d\u00edas para permitir el curso posoperatorio normal y la recuperaci\u00f3n funcional completa\u00bb.<\/p>\n\n\n\n<p>El Papa fue operado en julio de 2021 de una diverticulitis por la que le extirparon 33 cent\u00edmetros de intestino por una \u00abestenosis diverticular sintom\u00e1tica de colon\u00bb.<\/p>\n\n\n\n<p>A inicios de este a\u00f1o, hab\u00eda afirmado en declaraciones a la prensa que la diverticulitis hab\u00eda regresado pero estaba \u00abcontrolada\u00bb.<\/p>\n\n\n\n<p>Ayer, el pont\u00edfice se realiz\u00f3 controles m\u00e9dicos en el Gemelli y luego regres\u00f3 a su residencia de Casa Santa Marta tras poco m\u00e1s de media hora.<\/p>\n\n\n\n<p>En marzo, el Papa hab\u00eda estado internado en el mismo centro m\u00e9dico por una infecci\u00f3n respiratoria que lo oblig\u00f3 a suspender algunas audiencias.<\/p>\n\n\n\n<p>En julio, como es tradici\u00f3n, el Papa suspender\u00e1 sus audiencias generales de los mi\u00e9rcoles, mientras que en agosto viajar\u00e1 a Portugal para participar del 2 al 6 de la Jornada Mundial de la Juventud y luego ir\u00e1 a Mongolia para una visita de una semana.<\/p>\n<div class=\"sharedaddy sd-sharing-enabled\"><div class=\"robots-nocontent sd-block sd-social sd-social-icon sd-sharing\"><h3 class=\"sd-title\">Comparte esto:<\/h3><div class=\"sd-content\"><ul><li class=\"share-twitter\"><a rel=\"nofollow noopener noreferrer\" data-shared=\"sharing-twitter-37095\" class=\"share-twitter sd-button share-icon no-text\" href=\"http:\/\/www.rtvnoticias.com.ar\/?p=37095&amp;share=twitter\" target=\"_blank\" title=\"Haz clic para compartir en Twitter\"><span><\/span><span class=\"sharing-screen-reader-text\">Haz clic para compartir en Twitter (Se abre en una ventana nueva)<\/span><\/a><\/li><li class=\"share-facebook\"><a rel=\"nofollow noopener noreferrer\" data-shared=\"sharing-facebook-37095\" class=\"share-facebook sd-button share-icon no-text\" href=\"http:\/\/www.rtvnoticias.com.ar\/?p=37095&amp;share=facebook\" target=\"_blank\" title=\"Haz clic para compartir en Facebook\"><span><\/span><span class=\"sharing-screen-reader-text\">Haz clic para compartir en Facebook (Se abre en una ventana nueva)<\/span><\/a><\/li><li class=\"share-jetpack-whatsapp\"><a rel=\"nofollow noopener noreferrer\" data-shared=\"\" class=\"share-jetpack-whatsapp sd-button share-icon no-text\" href=\"http:\/\/www.rtvnoticias.com.ar\/?p=37095&amp;share=jetpack-whatsapp\" target=\"_blank\" title=\"Haz clic para compartir en WhatsApp\"><span><\/span><span class=\"sharing-screen-reader-text\">Haz clic para compartir en WhatsApp (Se abre en una ventana nueva)<\/span><\/a><\/li><li class=\"share-telegram\"><a rel=\"nofollow noopener noreferrer\" data-shared=\"\" class=\"share-telegram sd-button share-icon no-text\" href=\"http:\/\/www.rtvnoticias.com.ar\/?p=37095&amp;share=telegram\" target=\"_blank\" title=\"Haz clic para compartir en Telegram\"><span><\/span><span class=\"sharing-screen-reader-text\">Haz clic para compartir en Telegram (Se abre en una ventana nueva)<\/span><\/a><\/li><li class=\"share-end\"><\/li><\/ul><\/div><\/div><\/div>","protected":false},"excerpt":{"rendered":"<p>El papa Francisco se somete este mi\u00e9rcoles en un hospital de Roma a una nueva operaci\u00f3n en el abdomen, luego de la diverticulitis por la<\/p>\n<div class=\"sharedaddy sd-sharing-enabled\"><div class=\"robots-nocontent sd-block sd-social sd-social-icon sd-sharing\"><h3 class=\"sd-title\">Comparte esto:<\/h3><div class=\"sd-content\"><ul><li class=\"share-twitter\"><a rel=\"nofollow noopener noreferrer\" data-shared=\"sharing-twitter-37095\" class=\"share-twitter sd-button share-icon no-text\" href=\"http:\/\/www.rtvnoticias.com.ar\/?p=37095&amp;share=twitter\" target=\"_blank\" title=\"Haz clic para compartir en Twitter\"><span><\/span><span class=\"sharing-screen-reader-text\">Haz clic para compartir en Twitter (Se abre en una ventana nueva)<\/span><\/a><\/li><li class=\"share-facebook\"><a rel=\"nofollow noopener noreferrer\" data-shared=\"sharing-facebook-37095\" class=\"share-facebook sd-button share-icon no-text\" href=\"http:\/\/www.rtvnoticias.com.ar\/?p=37095&amp;share=facebook\" target=\"_blank\" title=\"Haz clic para compartir en Facebook\"><span><\/span><span class=\"sharing-screen-reader-text\">Haz clic para compartir en Facebook (Se abre en una ventana nueva)<\/span><\/a><\/li><li class=\"share-jetpack-whatsapp\"><a rel=\"nofollow noopener noreferrer\" data-shared=\"\" class=\"share-jetpack-whatsapp sd-button share-icon no-text\" href=\"http:\/\/www.rtvnoticias.com.ar\/?p=37095&amp;share=jetpack-whatsapp\" target=\"_blank\" title=\"Haz clic para compartir en WhatsApp\"><span><\/span><span class=\"sharing-screen-reader-text\">Haz clic para compartir en WhatsApp (Se abre en una ventana nueva)<\/span><\/a><\/li><li class=\"share-telegram\"><a rel=\"nofollow noopener noreferrer\" data-shared=\"\" class=\"share-telegram sd-button share-icon no-text\" href=\"http:\/\/www.rtvnoticias.com.ar\/?p=37095&amp;share=telegram\" target=\"_blank\" title=\"Haz clic para compartir en Telegram\"><span><\/span><span class=\"sharing-screen-reader-text\">Haz clic para compartir en Telegram (Se abre en una ventana nueva)<\/span><\/a><\/li><li class=\"share-end\"><\/li><\/ul><\/div><\/div><\/div>","protected":false},"author":7,"featured_media":22973,"comment_status":"closed","ping_status":"closed","sticky":false,"template":"","format":"standard","meta":{"spay_email":"","jetpack_publicize_message":"","jetpack_is_tweetstorm":false,"jetpack_publicize_feature_enabled":true},"categories":[7],"tags":[],"jetpack_featured_media_url":"http:\/\/www.rtvnoticias.com.ar\/wp-content\/uploads\/2020\/08\/papa1.jpg","jetpack_publicize_connections":[],"jetpack_sharing_enabled":true,"_links":{"self":[{"href":"http:\/\/www.rtvnoticias.com.ar\/index.php?rest_route=\/wp\/v2\/posts\/37095"}],"collection":[{"href":"http:\/\/www.rtvnoticias.com.ar\/index.php?rest_route=\/wp\/v2\/posts"}],"about":[{"href":"http:\/\/www.rtvnoticias.com.ar\/index.php?rest_route=\/wp\/v2\/types\/post"}],"author":[{"embeddable":true,"href":"http:\/\/www.rtvnoticias.com.ar\/index.php?rest_route=\/wp\/v2\/users\/7"}],"replies":[{"embeddable":true,"href":"http:\/\/www.rtvnoticias.com.ar\/index.php?rest_route=%2Fwp%2Fv2%2Fcomments&post=37095"}],"version-history":[{"count":1,"href":"http:\/\/www.rtvnoticias.com.ar\/index.php?rest_route=\/wp\/v2\/posts\/37095\/revisions"}],"predecessor-version":[{"id":37096,"href":"http:\/\/www.rtvnoticias.com.ar\/index.php?rest_route=\/wp\/v2\/posts\/37095\/revisions\/37096"}],"wp:featuredmedia":[{"embeddable":true,"href":"http:\/\/www.rtvnoticias.com.ar\/index.php?rest_route=\/wp\/v2\/media\/22973"}],"wp:attachment":[{"href":"http:\/\/www.rtvnoticias.com.ar\/index.php?rest_route=%2Fwp%2Fv2%2Fmedia&parent=37095"}],"wp:term":[{"taxonomy":"category","embeddable":true,"href":"http:\/\/www.rtvnoticias.com.ar\/index.php?rest_route=%2Fwp%2Fv2%2Fcategories&post=37095"},{"taxonomy":"post_tag","embeddable":true,"href":"http:\/\/www.rtvnoticias.com.ar\/index.php?rest_route=%2Fwp%2Fv2%2Ftags&post=37095"}],"curies":[{"name":"wp","href":"https:\/\/api.w.org\/{rel}","templated":true}]}}