{"id":37108,"date":"2023-06-07T10:45:18","date_gmt":"2023-06-07T13:45:18","guid":{"rendered":"http:\/\/www.rtvnoticias.com.ar\/?p=37108"},"modified":"2023-06-07T10:45:21","modified_gmt":"2023-06-07T13:45:21","slug":"reconocen-a-profesionales-farmaceuticos-en-general-pico","status":"publish","type":"post","link":"http:\/\/www.rtvnoticias.com.ar\/?p=37108","title":{"rendered":"Reconocen a profesionales farmac\u00e9uticos en General Pico"},"content":{"rendered":"\n<p>El Colegio Farmac\u00e9utico de La Pampa reconoci\u00f3 en General Pico a una profesional graduada hace 25 a\u00f1os, a directivos actuales y con mandato cumplido, a un empleado, a colegas docentes, y a farmacias con m\u00e1s de 60 a\u00f1os, y a otras con m\u00e1s de 100, en el marco de su 60\u00ba aniversario.<\/p>\n\n\n\n<p>De la actividad, realizada el 3 de junio, participaron la intendenta local, Lic. Fernanda Alonso, y el vicepresidente del Instituto de Seguridad Social, Dr. Fernando S\u00e1nchez.<\/p>\n\n\n\n<p>La farmac\u00e9utica piquense Lorena Pereyra fue la encargada de dar la bienvenida a los presentes en el sal\u00f3n de eventos El Palmar, reconociendo que para ella era \u201cun orgullo\u201d que el festejo se realizara en su ciudad y habl\u00f3 de la trascendencia del acto de encuentro de los y las colegas.<\/p>\n\n\n\n<p>El presidente del Colegio Farmac\u00e9utico, Miguel Osio, repas\u00f3 la historia de la instituci\u00f3n creada en 1963 y destac\u00f3 la continuidad institucional de la entidad, sostenida en la realizaci\u00f3n de asambleas y elecci\u00f3n de autoridades, aun en tiempos dictatoriales.<\/p>\n\n\n\n<figure class=\"wp-block-image size-large\"><img data-attachment-id=\"37109\" data-permalink=\"http:\/\/www.rtvnoticias.com.ar\/?attachment_id=37109\" data-orig-file=\"http:\/\/www.rtvnoticias.com.ar\/wp-content\/uploads\/2023\/06\/colegio-farmaceutico-1.jpeg\" data-orig-size=\"1536,1096\" data-comments-opened=\"0\" data-image-meta=\"{&quot;aperture&quot;:&quot;0&quot;,&quot;credit&quot;:&quot;&quot;,&quot;camera&quot;:&quot;&quot;,&quot;caption&quot;:&quot;&quot;,&quot;created_timestamp&quot;:&quot;0&quot;,&quot;copyright&quot;:&quot;&quot;,&quot;focal_length&quot;:&quot;0&quot;,&quot;iso&quot;:&quot;0&quot;,&quot;shutter_speed&quot;:&quot;0&quot;,&quot;title&quot;:&quot;&quot;,&quot;orientation&quot;:&quot;0&quot;}\" data-image-title=\"colegio-farmaceutico-1\" data-image-description=\"\" data-image-caption=\"\" data-medium-file=\"http:\/\/www.rtvnoticias.com.ar\/wp-content\/uploads\/2023\/06\/colegio-farmaceutico-1-300x214.jpeg\" data-large-file=\"http:\/\/www.rtvnoticias.com.ar\/wp-content\/uploads\/2023\/06\/colegio-farmaceutico-1-1024x731.jpeg\" decoding=\"async\" loading=\"lazy\" width=\"1024\" height=\"731\" src=\"http:\/\/www.rtvnoticias.com.ar\/wp-content\/uploads\/2023\/06\/colegio-farmaceutico-1-1024x731.jpeg\" alt=\"\" class=\"wp-image-37109\" srcset=\"http:\/\/www.rtvnoticias.com.ar\/wp-content\/uploads\/2023\/06\/colegio-farmaceutico-1-1024x731.jpeg 1024w, http:\/\/www.rtvnoticias.com.ar\/wp-content\/uploads\/2023\/06\/colegio-farmaceutico-1-300x214.jpeg 300w, http:\/\/www.rtvnoticias.com.ar\/wp-content\/uploads\/2023\/06\/colegio-farmaceutico-1-768x548.jpeg 768w, http:\/\/www.rtvnoticias.com.ar\/wp-content\/uploads\/2023\/06\/colegio-farmaceutico-1.jpeg 1536w\" sizes=\"(max-width: 1024px) 100vw, 1024px\" \/><\/figure>\n\n\n\n<p>Osio subray\u00f3 que el Colegio mantiene una red informatizada provincial \u201cque es un ejemplo a nivel nacional\u201d y que uno de los roles del Colegio \u201ces mantener el equilibro entre las necesidades de las obras sociales y las posibilidades de las farmacias, siempre en beneficio de la gente\u201d.<\/p>\n\n\n\n<p>Adem\u00e1s, destac\u00f3 que en estos 60 a\u00f1os \u201chubo dolores y alegr\u00edas, traiciones y lealtades\u201d y mencion\u00f3 que \u201clos dolores que nos quedan son las conquistas que nos faltan para lograr un ordenamiento normativo que conduzca a una mejor farmacia y ejercicio profesional, para afianzar a\u00fan m\u00e1s la esencialidad de la farmacia y el farmac\u00e9utico, destacada en tiempos de pandemia\u201d.<\/p>\n\n\n\n<p><strong>Acto<\/strong><\/p>\n\n\n\n<p>Los reconocimientos comenzaron con la entrega de medallas por 25 a\u00f1os de graduaci\u00f3n y sigui\u00f3 con el otorgamiento de diplomas y presentes a directivos actuales y con mandato cumplido, a un empleado del Colegio, y a farmac\u00e9uticos y farmac\u00e9uticas que se han desempe\u00f1ado, o lo siguen haciendo, como docentes. En ese segmento habl\u00f3 la farmac\u00e9utica Mariel Montanaro, quien explic\u00f3 que en sus clases en colegios secundarios intenta que los estudiantes \u201cencuentren la qu\u00edmica en la vida cotidiana\u201d, entre otros aprendizajes.<\/p>\n\n\n\n<p>Con Margarita Zaldarriaga, hija de quien fuera propietario de una de las farmacias homenajeadas, comenz\u00f3 el reconocimiento a locales que fueron abiertos hace 60 a\u00f1os o m\u00e1s. Luego donaron al Colegio el libro recetario de la Farmacia Fraire, de Quem\u00fa Quem\u00fa, en el que la primera receta asentada data de 1942.<\/p>\n\n\n\n<p>Tambi\u00e9n se homenaje\u00f3 a las dos farmacias piquenses que tienen m\u00e1s de 100 a\u00f1os: Laborda y Su\u00e1rez.<\/p>\n\n\n\n<p>Cerr\u00f3 la parte protocolar del evento la intendenta Fernanda Alonso, quien agradeci\u00f3 que el Colegio descentralizara los festejos por sus 60 a\u00f1os y expres\u00f3 que el farmac\u00e9utico \u201ces una persona de confianza de la familia\u201d.<\/p>\n\n\n\n<p>Flor Fern\u00e1ndez y Thomas Vazquez fueron los artistas que le dieron el broche de oro a la velada con una seguidilla de canciones surgidas del cancionero popular iberoamericano.<\/p>\n<div class=\"sharedaddy sd-sharing-enabled\"><div class=\"robots-nocontent sd-block sd-social sd-social-icon sd-sharing\"><h3 class=\"sd-title\">Comparte esto:<\/h3><div class=\"sd-content\"><ul><li class=\"share-twitter\"><a rel=\"nofollow noopener noreferrer\" data-shared=\"sharing-twitter-37108\" class=\"share-twitter sd-button share-icon no-text\" href=\"http:\/\/www.rtvnoticias.com.ar\/?p=37108&amp;share=twitter\" target=\"_blank\" title=\"Haz clic para compartir en Twitter\"><span><\/span><span class=\"sharing-screen-reader-text\">Haz clic para compartir en Twitter (Se abre en una ventana nueva)<\/span><\/a><\/li><li class=\"share-facebook\"><a rel=\"nofollow noopener noreferrer\" data-shared=\"sharing-facebook-37108\" class=\"share-facebook sd-button share-icon no-text\" href=\"http:\/\/www.rtvnoticias.com.ar\/?p=37108&amp;share=facebook\" target=\"_blank\" title=\"Haz clic para compartir en Facebook\"><span><\/span><span class=\"sharing-screen-reader-text\">Haz clic para compartir en Facebook (Se abre en una ventana nueva)<\/span><\/a><\/li><li class=\"share-jetpack-whatsapp\"><a rel=\"nofollow noopener noreferrer\" data-shared=\"\" class=\"share-jetpack-whatsapp sd-button share-icon no-text\" href=\"http:\/\/www.rtvnoticias.com.ar\/?p=37108&amp;share=jetpack-whatsapp\" target=\"_blank\" title=\"Haz clic para compartir en WhatsApp\"><span><\/span><span class=\"sharing-screen-reader-text\">Haz clic para compartir en WhatsApp (Se abre en una ventana nueva)<\/span><\/a><\/li><li class=\"share-telegram\"><a rel=\"nofollow noopener noreferrer\" data-shared=\"\" class=\"share-telegram sd-button share-icon no-text\" href=\"http:\/\/www.rtvnoticias.com.ar\/?p=37108&amp;share=telegram\" target=\"_blank\" title=\"Haz clic para compartir en Telegram\"><span><\/span><span class=\"sharing-screen-reader-text\">Haz clic para compartir en Telegram (Se abre en una ventana nueva)<\/span><\/a><\/li><li class=\"share-end\"><\/li><\/ul><\/div><\/div><\/div>","protected":false},"excerpt":{"rendered":"<p>El Colegio Farmac\u00e9utico de La Pampa reconoci\u00f3 en General Pico a una profesional graduada hace 25 a\u00f1os, a directivos actuales y con mandato cumplido, a<\/p>\n<div class=\"sharedaddy sd-sharing-enabled\"><div class=\"robots-nocontent sd-block sd-social sd-social-icon sd-sharing\"><h3 class=\"sd-title\">Comparte esto:<\/h3><div class=\"sd-content\"><ul><li class=\"share-twitter\"><a rel=\"nofollow noopener noreferrer\" data-shared=\"sharing-twitter-37108\" class=\"share-twitter sd-button share-icon no-text\" href=\"http:\/\/www.rtvnoticias.com.ar\/?p=37108&amp;share=twitter\" target=\"_blank\" title=\"Haz clic para compartir en Twitter\"><span><\/span><span class=\"sharing-screen-reader-text\">Haz clic para compartir en Twitter (Se abre en una ventana nueva)<\/span><\/a><\/li><li class=\"share-facebook\"><a rel=\"nofollow noopener noreferrer\" data-shared=\"sharing-facebook-37108\" class=\"share-facebook sd-button share-icon no-text\" href=\"http:\/\/www.rtvnoticias.com.ar\/?p=37108&amp;share=facebook\" target=\"_blank\" title=\"Haz clic para compartir en Facebook\"><span><\/span><span class=\"sharing-screen-reader-text\">Haz clic para compartir en Facebook (Se abre en una ventana nueva)<\/span><\/a><\/li><li class=\"share-jetpack-whatsapp\"><a rel=\"nofollow noopener noreferrer\" data-shared=\"\" class=\"share-jetpack-whatsapp sd-button share-icon no-text\" href=\"http:\/\/www.rtvnoticias.com.ar\/?p=37108&amp;share=jetpack-whatsapp\" target=\"_blank\" title=\"Haz clic para compartir en WhatsApp\"><span><\/span><span class=\"sharing-screen-reader-text\">Haz clic para compartir en WhatsApp (Se abre en una ventana nueva)<\/span><\/a><\/li><li class=\"share-telegram\"><a rel=\"nofollow noopener noreferrer\" data-shared=\"\" class=\"share-telegram sd-button share-icon no-text\" href=\"http:\/\/www.rtvnoticias.com.ar\/?p=37108&amp;share=telegram\" target=\"_blank\" title=\"Haz clic para compartir en Telegram\"><span><\/span><span class=\"sharing-screen-reader-text\">Haz clic para compartir en Telegram (Se abre en una ventana nueva)<\/span><\/a><\/li><li class=\"share-end\"><\/li><\/ul><\/div><\/div><\/div>","protected":false},"author":7,"featured_media":37110,"comment_status":"closed","ping_status":"closed","sticky":false,"template":"","format":"standard","meta":{"spay_email":"","jetpack_publicize_message":"","jetpack_is_tweetstorm":false,"jetpack_publicize_feature_enabled":true},"categories":[1],"tags":[],"jetpack_featured_media_url":"http:\/\/www.rtvnoticias.com.ar\/wp-content\/uploads\/2023\/06\/colegio-farmaceutico-2.jpeg","jetpack_publicize_connections":[],"jetpack_sharing_enabled":true,"_links":{"self":[{"href":"http:\/\/www.rtvnoticias.com.ar\/index.php?rest_route=\/wp\/v2\/posts\/37108"}],"collection":[{"href":"http:\/\/www.rtvnoticias.com.ar\/index.php?rest_route=\/wp\/v2\/posts"}],"about":[{"href":"http:\/\/www.rtvnoticias.com.ar\/index.php?rest_route=\/wp\/v2\/types\/post"}],"author":[{"embeddable":true,"href":"http:\/\/www.rtvnoticias.com.ar\/index.php?rest_route=\/wp\/v2\/users\/7"}],"replies":[{"embeddable":true,"href":"http:\/\/www.rtvnoticias.com.ar\/index.php?rest_route=%2Fwp%2Fv2%2Fcomments&post=37108"}],"version-history":[{"count":1,"href":"http:\/\/www.rtvnoticias.com.ar\/index.php?rest_route=\/wp\/v2\/posts\/37108\/revisions"}],"predecessor-version":[{"id":37111,"href":"http:\/\/www.rtvnoticias.com.ar\/index.php?rest_route=\/wp\/v2\/posts\/37108\/revisions\/37111"}],"wp:featuredmedia":[{"embeddable":true,"href":"http:\/\/www.rtvnoticias.com.ar\/index.php?rest_route=\/wp\/v2\/media\/37110"}],"wp:attachment":[{"href":"http:\/\/www.rtvnoticias.com.ar\/index.php?rest_route=%2Fwp%2Fv2%2Fmedia&parent=37108"}],"wp:term":[{"taxonomy":"category","embeddable":true,"href":"http:\/\/www.rtvnoticias.com.ar\/index.php?rest_route=%2Fwp%2Fv2%2Fcategories&post=37108"},{"taxonomy":"post_tag","embeddable":true,"href":"http:\/\/www.rtvnoticias.com.ar\/index.php?rest_route=%2Fwp%2Fv2%2Ftags&post=37108"}],"curies":[{"name":"wp","href":"https:\/\/api.w.org\/{rel}","templated":true}]}}