{"id":37118,"date":"2023-06-07T11:25:42","date_gmt":"2023-06-07T14:25:42","guid":{"rendered":"http:\/\/www.rtvnoticias.com.ar\/?p=37118"},"modified":"2023-06-07T11:25:45","modified_gmt":"2023-06-07T14:25:45","slug":"para-el-stj-es-legal-la-caza-con-jauria","status":"publish","type":"post","link":"http:\/\/www.rtvnoticias.com.ar\/?p=37118","title":{"rendered":"Para el STJ es legal la caza con jaur\u00eda"},"content":{"rendered":"\n<p>El Superior Tribunal de Justicia (STJ) dio vuelta una sentencia y estableci\u00f3 que es constitucional el decreto que reglamenta la caza con jaur\u00eda del jabal\u00ed en La Pampa. De esta manera, los jueces hicieron lugar al recurso interpuesto por la Provincia de La Pampa y rechazaron la acci\u00f3n de amparo entablada por la defensora Ana Carolina D\u00edaz, que hab\u00eda logrado que la C\u00e1mara Civil declarara la inconstitucionalidad del decreto que reglamentaba la actividad.<\/p>\n\n\n\n<p>En rigor, los magistrados no se involucraron en si hay o no maltrato animal: analizaron si el decreto que reglamenta la caza con jaur\u00eda es constitucional y concluyeron que s\u00ed porque la ley habilita esa modalidad de caza.<\/p>\n\n\n\n<p>Eduardo Fern\u00e1ndez Mend\u00eda y Jos\u00e9 Sappa, integrantes del STJ, fundamentaron la decisi\u00f3n en que la discusi\u00f3n sobre la inconstitucionalidad de la modalidad de caza con jaur\u00eda \u201cno puede darse en este \u00e1mbito judicial\u201d, pues tal labor le pertenece al Poder Legislativo.<\/p>\n\n\n\n<p>\u201cResulta as\u00ed, el recinto parlamentario el espacio pertinente para discutir de manera amplia e integral la mentada cuesti\u00f3n a trav\u00e9s de los sujetos legitimados al efecto. Esta es la soluci\u00f3n que impone el principio de separaci\u00f3n de poderes y el necesario respeto por parte de los tribunales de los l\u00edmites constitucionales y legales que su competencia les impone\u201d, dijero.<\/p>\n\n\n\n<p>La defensora Ana Carolina D\u00edaz hab\u00eda logrado que la C\u00e1mara Civil declarara la inconstitucionalidad del art\u00edculo 26 del decreto reglamentario de la ley 1194 que habilita la caza deportiva con jaur\u00eda por resultar contraria a la ley 14136 que proh\u00edbe el maltrato animal. El decreto cuestionado dice que \u201cel tr\u00e1nsito con jaur\u00edas de caza se efectuar\u00e1 en veh\u00edculos con caja cerrada en laterales y techo, o bien en jaulas de tal manera que no puedan salir de los rodados sin ayuda externa. Los canes estar\u00e1n embozalados\u201d.<\/p>\n\n\n\n<p>En el fallo, los jueces del STJ detallaron que le Ley 1194 no proh\u00edbe la utilizaci\u00f3n de jaur\u00eda para la realizaci\u00f3n de las distintas modalidades de caza que la norma autoriza. \u201cCuando la ley refiere en su art\u00edculo 5\u00b0 al concepto de caza alude \u2018\u2026a la acci\u00f3n ejercida por el hombre mediante el uso de artes, armas y otros medios apropiados, para acechar, perseguir o apresar ejemplares de la fauna silvestre\u2026\u2019. Por su parte, tambi\u00e9n el art\u00edculo 13 del decreto, espec\u00edfico de la caza deportiva, habla de \u00abmedios autorizados\u00bb. Luego, en el art\u00edculo 6\u00b0 al consignar las excepciones \u2013y enumerar los distintos tipos de caza permitidas\u2013, no efect\u00faa la norma salvedad alguna sobre los medios a utilizar\u00bb, explicaron y aclararon: \u00abcabe hacer la salvedad de que ninguno de estos art\u00edculos fueron tachados de inconstitucionales por la amparista\u201d.<\/p>\n\n\n\n<p>\u201cDe acuerdo a ello y atendiendo la manda constitucional de que ning\u00fan habitante ser\u00e1 privado de hacer lo que la ley no proh\u00edbe (art. 19 de la CN) se colige que no hubo por parte del Poder Ejecutivo un exceso en su funci\u00f3n reglamentaria\u201d, dijeron.<\/p>\n\n\n\n<p>Los jueces se refirieron brevemente al maltrato animal. \u201cSin perjuicio de lo dicho hasta aqu\u00ed, es importante dejar sentado que este Superior Tribunal visibiliza el nuevo paradigma que propugna el Derecho Ambiental en pos de la tutela efectiva del ambiente en sentido general, abarcativo de todos los bienes y recursos que lo integran y dentro de los cuales, los animales, como seres sintientes \u2013cualquiera sea su especie\u2013 resulta uno de sus componentes esenciales. En este sentido, no se desconoce el debate actual existente en las distintas disciplinas respecto al estatus jur\u00eddico de los animales tendiente a que se los considere como sujetos de derecho \u2013sujetos no humanos\u2013 con el fin de lograr el reconocimiento de sus derechos fundamentales, muchos de los cuales coinciden con los reconocidos a los seres humanos\u201d, sostuvieron.<\/p>\n<div class=\"sharedaddy sd-sharing-enabled\"><div class=\"robots-nocontent sd-block sd-social sd-social-icon sd-sharing\"><h3 class=\"sd-title\">Comparte esto:<\/h3><div class=\"sd-content\"><ul><li class=\"share-twitter\"><a rel=\"nofollow noopener noreferrer\" data-shared=\"sharing-twitter-37118\" class=\"share-twitter sd-button share-icon no-text\" href=\"http:\/\/www.rtvnoticias.com.ar\/?p=37118&amp;share=twitter\" target=\"_blank\" title=\"Haz clic para compartir en Twitter\"><span><\/span><span class=\"sharing-screen-reader-text\">Haz clic para compartir en Twitter (Se abre en una ventana nueva)<\/span><\/a><\/li><li class=\"share-facebook\"><a rel=\"nofollow noopener noreferrer\" data-shared=\"sharing-facebook-37118\" class=\"share-facebook sd-button share-icon no-text\" href=\"http:\/\/www.rtvnoticias.com.ar\/?p=37118&amp;share=facebook\" target=\"_blank\" title=\"Haz clic para compartir en Facebook\"><span><\/span><span class=\"sharing-screen-reader-text\">Haz clic para compartir en Facebook (Se abre en una ventana nueva)<\/span><\/a><\/li><li class=\"share-jetpack-whatsapp\"><a rel=\"nofollow noopener noreferrer\" data-shared=\"\" class=\"share-jetpack-whatsapp sd-button share-icon no-text\" href=\"http:\/\/www.rtvnoticias.com.ar\/?p=37118&amp;share=jetpack-whatsapp\" target=\"_blank\" title=\"Haz clic para compartir en WhatsApp\"><span><\/span><span class=\"sharing-screen-reader-text\">Haz clic para compartir en WhatsApp (Se abre en una ventana nueva)<\/span><\/a><\/li><li class=\"share-telegram\"><a rel=\"nofollow noopener noreferrer\" data-shared=\"\" class=\"share-telegram sd-button share-icon no-text\" href=\"http:\/\/www.rtvnoticias.com.ar\/?p=37118&amp;share=telegram\" target=\"_blank\" title=\"Haz clic para compartir en Telegram\"><span><\/span><span class=\"sharing-screen-reader-text\">Haz clic para compartir en Telegram (Se abre en una ventana nueva)<\/span><\/a><\/li><li class=\"share-end\"><\/li><\/ul><\/div><\/div><\/div>","protected":false},"excerpt":{"rendered":"<p>El Superior Tribunal de Justicia (STJ) dio vuelta una sentencia y estableci\u00f3 que es constitucional el decreto que reglamenta la caza con jaur\u00eda del jabal\u00ed<\/p>\n<div class=\"sharedaddy sd-sharing-enabled\"><div class=\"robots-nocontent sd-block sd-social sd-social-icon sd-sharing\"><h3 class=\"sd-title\">Comparte esto:<\/h3><div class=\"sd-content\"><ul><li class=\"share-twitter\"><a rel=\"nofollow noopener noreferrer\" data-shared=\"sharing-twitter-37118\" class=\"share-twitter sd-button share-icon no-text\" href=\"http:\/\/www.rtvnoticias.com.ar\/?p=37118&amp;share=twitter\" target=\"_blank\" title=\"Haz clic para compartir en Twitter\"><span><\/span><span class=\"sharing-screen-reader-text\">Haz clic para compartir en Twitter (Se abre en una ventana nueva)<\/span><\/a><\/li><li class=\"share-facebook\"><a rel=\"nofollow noopener noreferrer\" data-shared=\"sharing-facebook-37118\" class=\"share-facebook sd-button share-icon no-text\" href=\"http:\/\/www.rtvnoticias.com.ar\/?p=37118&amp;share=facebook\" target=\"_blank\" title=\"Haz clic para compartir en Facebook\"><span><\/span><span class=\"sharing-screen-reader-text\">Haz clic para compartir en Facebook (Se abre en una ventana nueva)<\/span><\/a><\/li><li class=\"share-jetpack-whatsapp\"><a rel=\"nofollow noopener noreferrer\" data-shared=\"\" class=\"share-jetpack-whatsapp sd-button share-icon no-text\" href=\"http:\/\/www.rtvnoticias.com.ar\/?p=37118&amp;share=jetpack-whatsapp\" target=\"_blank\" title=\"Haz clic para compartir en WhatsApp\"><span><\/span><span class=\"sharing-screen-reader-text\">Haz clic para compartir en WhatsApp (Se abre en una ventana nueva)<\/span><\/a><\/li><li class=\"share-telegram\"><a rel=\"nofollow noopener noreferrer\" data-shared=\"\" class=\"share-telegram sd-button share-icon no-text\" href=\"http:\/\/www.rtvnoticias.com.ar\/?p=37118&amp;share=telegram\" target=\"_blank\" title=\"Haz clic para compartir en Telegram\"><span><\/span><span class=\"sharing-screen-reader-text\">Haz clic para compartir en Telegram (Se abre en una ventana nueva)<\/span><\/a><\/li><li class=\"share-end\"><\/li><\/ul><\/div><\/div><\/div>","protected":false},"author":7,"featured_media":37119,"comment_status":"closed","ping_status":"closed","sticky":false,"template":"","format":"standard","meta":{"spay_email":"","jetpack_publicize_message":"","jetpack_is_tweetstorm":false,"jetpack_publicize_feature_enabled":true},"categories":[4],"tags":[],"jetpack_featured_media_url":"http:\/\/www.rtvnoticias.com.ar\/wp-content\/uploads\/2023\/06\/cazadorescazaconjauria.jpeg","jetpack_publicize_connections":[],"jetpack_sharing_enabled":true,"_links":{"self":[{"href":"http:\/\/www.rtvnoticias.com.ar\/index.php?rest_route=\/wp\/v2\/posts\/37118"}],"collection":[{"href":"http:\/\/www.rtvnoticias.com.ar\/index.php?rest_route=\/wp\/v2\/posts"}],"about":[{"href":"http:\/\/www.rtvnoticias.com.ar\/index.php?rest_route=\/wp\/v2\/types\/post"}],"author":[{"embeddable":true,"href":"http:\/\/www.rtvnoticias.com.ar\/index.php?rest_route=\/wp\/v2\/users\/7"}],"replies":[{"embeddable":true,"href":"http:\/\/www.rtvnoticias.com.ar\/index.php?rest_route=%2Fwp%2Fv2%2Fcomments&post=37118"}],"version-history":[{"count":1,"href":"http:\/\/www.rtvnoticias.com.ar\/index.php?rest_route=\/wp\/v2\/posts\/37118\/revisions"}],"predecessor-version":[{"id":37120,"href":"http:\/\/www.rtvnoticias.com.ar\/index.php?rest_route=\/wp\/v2\/posts\/37118\/revisions\/37120"}],"wp:featuredmedia":[{"embeddable":true,"href":"http:\/\/www.rtvnoticias.com.ar\/index.php?rest_route=\/wp\/v2\/media\/37119"}],"wp:attachment":[{"href":"http:\/\/www.rtvnoticias.com.ar\/index.php?rest_route=%2Fwp%2Fv2%2Fmedia&parent=37118"}],"wp:term":[{"taxonomy":"category","embeddable":true,"href":"http:\/\/www.rtvnoticias.com.ar\/index.php?rest_route=%2Fwp%2Fv2%2Fcategories&post=37118"},{"taxonomy":"post_tag","embeddable":true,"href":"http:\/\/www.rtvnoticias.com.ar\/index.php?rest_route=%2Fwp%2Fv2%2Ftags&post=37118"}],"curies":[{"name":"wp","href":"https:\/\/api.w.org\/{rel}","templated":true}]}}