{"id":37147,"date":"2023-06-08T11:31:30","date_gmt":"2023-06-08T14:31:30","guid":{"rendered":"http:\/\/www.rtvnoticias.com.ar\/?p=37147"},"modified":"2023-06-08T11:31:33","modified_gmt":"2023-06-08T14:31:33","slug":"tras-el-planteo-de-los-gobernadores-el-presidente-se-reunio-con-massa-y-ratifico-la-necesidad-de-que-haya-paso","status":"publish","type":"post","link":"http:\/\/www.rtvnoticias.com.ar\/?p=37147","title":{"rendered":"Tras el planteo de los gobernadores, el Presidente se reuni\u00f3 con Massa y ratific\u00f3 la necesidad de que haya PASO"},"content":{"rendered":"\n<p class=\"has-text-align-center\"><strong>Estuvieron en la Casa Rosada casi tres horas, en uno de los momentos m\u00e1s tensos de su relaci\u00f3n; en el entorno de Alberto Fern\u00e1ndez siguen sosteniendo la idea de que debe haber una competencia interna para definir el futuro candidato<\/strong><\/p>\n\n\n\n<p>Alberto Fern\u00e1ndez y Sergio Massa estuvieron reunidos el mi\u00e9rcoles por la tarde en Casa Rosada durante casi tres horas. El encuentro comenz\u00f3 poco despu\u00e9s de conocerse la postura de los gobernadores que, tras reunirse en el Consejo Federal de Inversiones (CFI), pidieron una lista de unidad de cara a los pr\u00f3ximos comicios. Tras el encuentro de fuerte voltaje pol\u00edtico, y luego de asegurar desde ambas terminales que no se hab\u00eda abordada la postura de los mandatarios provinciales, cerca de Fern\u00e1ndez afirmaron que el jefe de Estado estaba firme en su posici\u00f3n de que \u201cdebe haber PASO\u201d al no haber surgido hasta ahora un candidato de consenso en el espacio del Frente de Todos. Se trata de la postura radicalmente opuesta a la que aspira Massa y para la que hoy se inclin\u00f3 la liga de los gobernadores.<\/p>\n\n\n\n<p>Desde Casa Rosada tambi\u00e9n insistieron en la idea de que Fern\u00e1ndez no apoyar\u00e1 a ninguno de los candidatos que eventualmente correr\u00e1n por las primarias, algo que, creen, contradecir\u00eda el esp\u00edritu democr\u00e1tico que se busca que tengan las PASO. \u201cHay que garantizar que el espacio se abra salga el mejor candidato del conjunto\u201d, insistieron.<\/p>\n\n\n\n<p>El encuentro entre Massa y Fern\u00e1ndez se dio intempestivamente y cuando el mandatario ya ten\u00eda programado a las 16 de un brindis con la prensa acreditada en Gobierno, por el D\u00eda del Periodista. Cuando la demora para el inicio ya pasaba m\u00e1s de una hora y quince minutos, fuentes cercanas a Fern\u00e1ndez se acercaron para avisar que estaba en una reuni\u00f3n \u201cpol\u00edtica\u201d y de alto rango, por lo que no pod\u00eda ser interrumpido. M\u00e1s tarde se sabr\u00eda que era con Massa y pese a que las primeras alusiones oficiales eran las de una reuni\u00f3n pol\u00edtica de importancia, luego se busc\u00f3 presentarla como de gesti\u00f3n, enumerando temas econ\u00f3micos como los que se conversaron con exclusividad.<\/p>\n\n\n\n<p>En las horas siguientes al encuentro hubo versiones extraoficiales de que se hab\u00eda hablado del escenario electoral y de la necesidad de que no haya PASO en el oficialismo, que fueron negadas por ambas partes. \u201cNo hubo nada de eso, de hecho de la posici\u00f3n de los gobernadores nos enteramos despu\u00e9s\u201d, juraban.<\/p>\n\n\n\n<p>La explicaci\u00f3n parec\u00eda contradictoria no solo con lo explicado inicialmente sino con las horas fren\u00e9ticas que vive la coalici\u00f3n oficialista que en menos de una semana deber\u00e1 cerrar sus alianzas y en 17 d\u00edas deber\u00e1 presentar su o sus candidatos a la presidencia. Antes de eso, este s\u00e1bado, el Frente Renovador se reunir\u00e1 para delinear sus pasos a seguir ante su postura de querer avanzar con un candidato \u00fanico.<\/p>\n\n\n\n<p>De cara a las horas de definiciones, en el entorno del mandatario, si bien no descartaron un eventual encuentro de Fern\u00e1ndez, Massa y Cristina Kirchner, las tres patas del Frente de Todos, y respondieron que \u201ctodo es posible\u201d, tomaron distancia ante la consulta de qu\u00e9 ser\u00eda necesario para que eso finalmente suceda. \u201cLos tres tienen que querer\u201d, dijeron, en tanto que sobre la voluntad del mandatario respondieron con una evasiva: \u201cAlberto lo que quiere es la unidad del Frente\u201d.<\/p>\n\n\n\n<p>El presidente y el ministro estuvieron solos durante las casi tres horas de reuni\u00f3n, que comenz\u00f3 poco despu\u00e9s de la postura de los gobernadores, que se conoci\u00f3 esta tarde, y que va en l\u00ednea con lo que busca Massa desde hace tiempo y en contra de la posici\u00f3n de Fern\u00e1ndez, que insiste con que se realicen las elecciones primarias para elegir un candidato presidencial.<\/p>\n\n\n\n<p>Massa sostiene su idea de ir con un candidato de unidad y para eso este s\u00e1bado se reunir\u00e1 el Frente Renovador, su espacio pol\u00edtico, en busca de fijar posici\u00f3n sobre c\u00f3mo seguir en la coalici\u00f3n oficialista. Por otra parte, en las \u00faltimas horas, a trav\u00e9s de dos alfiles suyos, la presidenta de la C\u00e1mara de Diputados, Cecilia Moreau y el ministro Diego Giuliano, tambi\u00e9n tens\u00f3 la cuerda con su posici\u00f3n interna. Moreau le apunt\u00f3 directamente al embajador Daniel Scioli, uno de los precandidatos.<\/p>\n\n\n\n<p>Pese a que se busc\u00f3 relativizar el impacto del comunicado de los gobernadores, a nadie pas\u00f3 desapercibido que llev\u00f3 la firma, entre otros, de Alicia Kirchner y Axel Kicillof, dos de los dirigentes m\u00e1s cercanos a Cristina Kirchner. Sin embargo, cerca de Fern\u00e1ndez, elud\u00edan definiciones sobre si cre\u00edan que la vicepresidenta est\u00e1 detr\u00e1s de esa postura. \u201cNo lo sabemos\u201d, repet\u00edan.<\/p>\n\n\n\n<p>Fern\u00e1ndez y Massa llevaban tiempo sin verse, mientras atraviesan un per\u00edodo muy complejo de su relaci\u00f3n y esta es la primera vez que lo hacen desde que el titular de Hacienda retorn\u00f3 el domingo de China en busca de ox\u00edgeno para la golpeada econom\u00eda local. Tras la reuni\u00f3n y pese a las horas de fren\u00e9ticas negociaciones que se viven en la coalici\u00f3n oficialista, desde ambos sectores buscaron bajarle el tono al encuentro y afirmaron que \u201cno fue pol\u00edtico, ni se habl\u00f3 de la postura de los gobernadores, y apuntaron a que el motivo fue la econom\u00eda local. \u201cChina (por la gira), FMI, Ganancias e inflaci\u00f3n, que parece que este mes viene mejor\u201d, se ilusionaron en Balcarce 50.<\/p>\n\n\n\n<p>Fuente: La Naci\u00f3n<\/p>\n<div class=\"sharedaddy sd-sharing-enabled\"><div class=\"robots-nocontent sd-block sd-social sd-social-icon sd-sharing\"><h3 class=\"sd-title\">Comparte esto:<\/h3><div class=\"sd-content\"><ul><li class=\"share-twitter\"><a rel=\"nofollow noopener noreferrer\" data-shared=\"sharing-twitter-37147\" class=\"share-twitter sd-button share-icon no-text\" href=\"http:\/\/www.rtvnoticias.com.ar\/?p=37147&amp;share=twitter\" target=\"_blank\" title=\"Haz clic para compartir en Twitter\"><span><\/span><span class=\"sharing-screen-reader-text\">Haz clic para compartir en Twitter (Se abre en una ventana nueva)<\/span><\/a><\/li><li class=\"share-facebook\"><a rel=\"nofollow noopener noreferrer\" data-shared=\"sharing-facebook-37147\" class=\"share-facebook sd-button share-icon no-text\" href=\"http:\/\/www.rtvnoticias.com.ar\/?p=37147&amp;share=facebook\" target=\"_blank\" title=\"Haz clic para compartir en Facebook\"><span><\/span><span class=\"sharing-screen-reader-text\">Haz clic para compartir en Facebook (Se abre en una ventana nueva)<\/span><\/a><\/li><li class=\"share-jetpack-whatsapp\"><a rel=\"nofollow noopener noreferrer\" data-shared=\"\" class=\"share-jetpack-whatsapp sd-button share-icon no-text\" href=\"http:\/\/www.rtvnoticias.com.ar\/?p=37147&amp;share=jetpack-whatsapp\" target=\"_blank\" title=\"Haz clic para compartir en WhatsApp\"><span><\/span><span class=\"sharing-screen-reader-text\">Haz clic para compartir en WhatsApp (Se abre en una ventana nueva)<\/span><\/a><\/li><li class=\"share-telegram\"><a rel=\"nofollow noopener noreferrer\" data-shared=\"\" class=\"share-telegram sd-button share-icon no-text\" href=\"http:\/\/www.rtvnoticias.com.ar\/?p=37147&amp;share=telegram\" target=\"_blank\" title=\"Haz clic para compartir en Telegram\"><span><\/span><span class=\"sharing-screen-reader-text\">Haz clic para compartir en Telegram (Se abre en una ventana nueva)<\/span><\/a><\/li><li class=\"share-end\"><\/li><\/ul><\/div><\/div><\/div>","protected":false},"excerpt":{"rendered":"<p>Estuvieron en la Casa Rosada casi tres horas, en uno de los momentos m\u00e1s tensos de su relaci\u00f3n; en el entorno de Alberto Fern\u00e1ndez siguen<\/p>\n<div class=\"sharedaddy sd-sharing-enabled\"><div class=\"robots-nocontent sd-block sd-social sd-social-icon sd-sharing\"><h3 class=\"sd-title\">Comparte esto:<\/h3><div class=\"sd-content\"><ul><li class=\"share-twitter\"><a rel=\"nofollow noopener noreferrer\" data-shared=\"sharing-twitter-37147\" class=\"share-twitter sd-button share-icon no-text\" href=\"http:\/\/www.rtvnoticias.com.ar\/?p=37147&amp;share=twitter\" target=\"_blank\" title=\"Haz clic para compartir en Twitter\"><span><\/span><span class=\"sharing-screen-reader-text\">Haz clic para compartir en Twitter (Se abre en una ventana nueva)<\/span><\/a><\/li><li class=\"share-facebook\"><a rel=\"nofollow noopener noreferrer\" data-shared=\"sharing-facebook-37147\" class=\"share-facebook sd-button share-icon no-text\" href=\"http:\/\/www.rtvnoticias.com.ar\/?p=37147&amp;share=facebook\" target=\"_blank\" title=\"Haz clic para compartir en Facebook\"><span><\/span><span class=\"sharing-screen-reader-text\">Haz clic para compartir en Facebook (Se abre en una ventana nueva)<\/span><\/a><\/li><li class=\"share-jetpack-whatsapp\"><a rel=\"nofollow noopener noreferrer\" data-shared=\"\" class=\"share-jetpack-whatsapp sd-button share-icon no-text\" href=\"http:\/\/www.rtvnoticias.com.ar\/?p=37147&amp;share=jetpack-whatsapp\" target=\"_blank\" title=\"Haz clic para compartir en WhatsApp\"><span><\/span><span class=\"sharing-screen-reader-text\">Haz clic para compartir en WhatsApp (Se abre en una ventana nueva)<\/span><\/a><\/li><li class=\"share-telegram\"><a rel=\"nofollow noopener noreferrer\" data-shared=\"\" class=\"share-telegram sd-button share-icon no-text\" href=\"http:\/\/www.rtvnoticias.com.ar\/?p=37147&amp;share=telegram\" target=\"_blank\" title=\"Haz clic para compartir en Telegram\"><span><\/span><span class=\"sharing-screen-reader-text\">Haz clic para compartir en Telegram (Se abre en una ventana nueva)<\/span><\/a><\/li><li class=\"share-end\"><\/li><\/ul><\/div><\/div><\/div>","protected":false},"author":7,"featured_media":32624,"comment_status":"closed","ping_status":"closed","sticky":false,"template":"","format":"standard","meta":{"spay_email":"","jetpack_publicize_message":"","jetpack_is_tweetstorm":false,"jetpack_publicize_feature_enabled":true},"categories":[5],"tags":[],"jetpack_featured_media_url":"http:\/\/www.rtvnoticias.com.ar\/wp-content\/uploads\/2022\/07\/af-massa.jpg","jetpack_publicize_connections":[],"jetpack_sharing_enabled":true,"_links":{"self":[{"href":"http:\/\/www.rtvnoticias.com.ar\/index.php?rest_route=\/wp\/v2\/posts\/37147"}],"collection":[{"href":"http:\/\/www.rtvnoticias.com.ar\/index.php?rest_route=\/wp\/v2\/posts"}],"about":[{"href":"http:\/\/www.rtvnoticias.com.ar\/index.php?rest_route=\/wp\/v2\/types\/post"}],"author":[{"embeddable":true,"href":"http:\/\/www.rtvnoticias.com.ar\/index.php?rest_route=\/wp\/v2\/users\/7"}],"replies":[{"embeddable":true,"href":"http:\/\/www.rtvnoticias.com.ar\/index.php?rest_route=%2Fwp%2Fv2%2Fcomments&post=37147"}],"version-history":[{"count":1,"href":"http:\/\/www.rtvnoticias.com.ar\/index.php?rest_route=\/wp\/v2\/posts\/37147\/revisions"}],"predecessor-version":[{"id":37148,"href":"http:\/\/www.rtvnoticias.com.ar\/index.php?rest_route=\/wp\/v2\/posts\/37147\/revisions\/37148"}],"wp:featuredmedia":[{"embeddable":true,"href":"http:\/\/www.rtvnoticias.com.ar\/index.php?rest_route=\/wp\/v2\/media\/32624"}],"wp:attachment":[{"href":"http:\/\/www.rtvnoticias.com.ar\/index.php?rest_route=%2Fwp%2Fv2%2Fmedia&parent=37147"}],"wp:term":[{"taxonomy":"category","embeddable":true,"href":"http:\/\/www.rtvnoticias.com.ar\/index.php?rest_route=%2Fwp%2Fv2%2Fcategories&post=37147"},{"taxonomy":"post_tag","embeddable":true,"href":"http:\/\/www.rtvnoticias.com.ar\/index.php?rest_route=%2Fwp%2Fv2%2Ftags&post=37147"}],"curies":[{"name":"wp","href":"https:\/\/api.w.org\/{rel}","templated":true}]}}