{"id":37149,"date":"2023-06-08T11:35:46","date_gmt":"2023-06-08T14:35:46","guid":{"rendered":"http:\/\/www.rtvnoticias.com.ar\/?p=37149"},"modified":"2023-06-08T11:35:53","modified_gmt":"2023-06-08T14:35:53","slug":"por-pedido-de-mirtha-legrand-retiraron-su-estatua-en-villa-canas","status":"publish","type":"post","link":"http:\/\/www.rtvnoticias.com.ar\/?p=37149","title":{"rendered":"Por pedido de Mirtha Legrand, retiraron su estatua en Villa Ca\u00f1\u00e1s"},"content":{"rendered":"\n<p>La estatua de la conductora Mirtha Legrand que se hab\u00eda instalado en la ciudad santafesina de Villa Ca\u00f1\u00e1s fue removida en las \u00faltimas horas, luego de que la propia diva de la televisi\u00f3n declarara p\u00fablicamente que no le hab\u00eda gustado.<\/p>\n\n\n\n<p>Villa Ca\u00f1\u00e1s hab\u00eda celebrado sus 121 a\u00f1os y decidi\u00f3 homenajear a su ciudadana m\u00e1s celebre, Mirtha Legrand, que en 2018 viaj\u00f3 all\u00ed junto a sus dos hermanos: Jos\u00e9 y Goldie.<\/p>\n\n\n\n<p>Pero la conductora sostuvo tajante: \u00abEsa no soy yo\u00bb, durante una entrevista con su hija Marcela Tinayre en su programa, Pol\u00e9mica en el Bar.<\/p>\n\n\n\n<p><strong>Mirtha Legrand opin\u00f3 sobre su estatua: \u00ab\u00c9sa no soy yo\u00bb<\/strong><\/p>\n\n\n\n<p>\u00abLes cuento: habl\u00e9 con el intendente, que se llama Norberto Gizzi, que es encantador. Porque esto es con motivo de los 121 a\u00f1os de la fundaci\u00f3n de Villa Ca\u00f1\u00e1s. Estamos mi hermano y yo y no la pusieron a Goldie, lamentablemente, mi hermana\u00bb, dijo la diva.<\/p>\n\n\n\n<p>\u00abEntonces le dije: &#8216;Mire, Norberto, la estatua no es buena, como dijo Marcela, ni los dientes son m\u00edos'\u00bb, le recrimin\u00f3 la conductora al intendente.<\/p>\n\n\n\n<p>Sin discutir demasiado, Gizzi le respondi\u00f3: \u00abBueno Mirtha, la vamos a sacar\u00bb.<\/p>\n\n\n\n<p><strong>Homenaje a la diva<\/strong><\/p>\n\n\n\n<p>\u00abEstoy contento, no me molesta la cr\u00edtica\u00bb, dijo el escultor de Mirtha Legrand<\/p>\n\n\n\n<p>Sin embargo, Legrand le hizo una sugerencia: \u00abMire, no la saque, h\u00e1gala arreglar porque es de un escultor de Laboulaye, de C\u00f3rdoba, que no me conoce seguramente. Dele una foto m\u00eda y que me haga de vuelta con la foto porque yo no me reconoc\u00ed&#8217;. La idea es muy buena, yo agradezco much\u00edsimo a los ca\u00f1ase\u00f1os, porque me adoran y los adoro, es un pueblo maravilloso\u00bb.<\/p>\n\n\n\n<p>El artista que realiz\u00f3 la estatua es el cordob\u00e9s Daniel Melero, que fue convocado para homenajear a la diva en el festejo por los 121 a\u00f1os de la localidad santafesina.<\/p>\n<div class=\"sharedaddy sd-sharing-enabled\"><div class=\"robots-nocontent sd-block sd-social sd-social-icon sd-sharing\"><h3 class=\"sd-title\">Comparte esto:<\/h3><div class=\"sd-content\"><ul><li class=\"share-twitter\"><a rel=\"nofollow noopener noreferrer\" data-shared=\"sharing-twitter-37149\" class=\"share-twitter sd-button share-icon no-text\" href=\"http:\/\/www.rtvnoticias.com.ar\/?p=37149&amp;share=twitter\" target=\"_blank\" title=\"Haz clic para compartir en Twitter\"><span><\/span><span class=\"sharing-screen-reader-text\">Haz clic para compartir en Twitter (Se abre en una ventana nueva)<\/span><\/a><\/li><li class=\"share-facebook\"><a rel=\"nofollow noopener noreferrer\" data-shared=\"sharing-facebook-37149\" class=\"share-facebook sd-button share-icon no-text\" href=\"http:\/\/www.rtvnoticias.com.ar\/?p=37149&amp;share=facebook\" target=\"_blank\" title=\"Haz clic para compartir en Facebook\"><span><\/span><span class=\"sharing-screen-reader-text\">Haz clic para compartir en Facebook (Se abre en una ventana nueva)<\/span><\/a><\/li><li class=\"share-jetpack-whatsapp\"><a rel=\"nofollow noopener noreferrer\" data-shared=\"\" class=\"share-jetpack-whatsapp sd-button share-icon no-text\" href=\"http:\/\/www.rtvnoticias.com.ar\/?p=37149&amp;share=jetpack-whatsapp\" target=\"_blank\" title=\"Haz clic para compartir en WhatsApp\"><span><\/span><span class=\"sharing-screen-reader-text\">Haz clic para compartir en WhatsApp (Se abre en una ventana nueva)<\/span><\/a><\/li><li class=\"share-telegram\"><a rel=\"nofollow noopener noreferrer\" data-shared=\"\" class=\"share-telegram sd-button share-icon no-text\" href=\"http:\/\/www.rtvnoticias.com.ar\/?p=37149&amp;share=telegram\" target=\"_blank\" title=\"Haz clic para compartir en Telegram\"><span><\/span><span class=\"sharing-screen-reader-text\">Haz clic para compartir en Telegram (Se abre en una ventana nueva)<\/span><\/a><\/li><li class=\"share-end\"><\/li><\/ul><\/div><\/div><\/div>","protected":false},"excerpt":{"rendered":"<p>La estatua de la conductora Mirtha Legrand que se hab\u00eda instalado en la ciudad santafesina de Villa Ca\u00f1\u00e1s fue removida en las \u00faltimas horas, luego<\/p>\n<div class=\"sharedaddy sd-sharing-enabled\"><div class=\"robots-nocontent sd-block sd-social sd-social-icon sd-sharing\"><h3 class=\"sd-title\">Comparte esto:<\/h3><div class=\"sd-content\"><ul><li class=\"share-twitter\"><a rel=\"nofollow noopener noreferrer\" data-shared=\"sharing-twitter-37149\" class=\"share-twitter sd-button share-icon no-text\" href=\"http:\/\/www.rtvnoticias.com.ar\/?p=37149&amp;share=twitter\" target=\"_blank\" title=\"Haz clic para compartir en Twitter\"><span><\/span><span class=\"sharing-screen-reader-text\">Haz clic para compartir en Twitter (Se abre en una ventana nueva)<\/span><\/a><\/li><li class=\"share-facebook\"><a rel=\"nofollow noopener noreferrer\" data-shared=\"sharing-facebook-37149\" class=\"share-facebook sd-button share-icon no-text\" href=\"http:\/\/www.rtvnoticias.com.ar\/?p=37149&amp;share=facebook\" target=\"_blank\" title=\"Haz clic para compartir en Facebook\"><span><\/span><span class=\"sharing-screen-reader-text\">Haz clic para compartir en Facebook (Se abre en una ventana nueva)<\/span><\/a><\/li><li class=\"share-jetpack-whatsapp\"><a rel=\"nofollow noopener noreferrer\" data-shared=\"\" class=\"share-jetpack-whatsapp sd-button share-icon no-text\" href=\"http:\/\/www.rtvnoticias.com.ar\/?p=37149&amp;share=jetpack-whatsapp\" target=\"_blank\" title=\"Haz clic para compartir en WhatsApp\"><span><\/span><span class=\"sharing-screen-reader-text\">Haz clic para compartir en WhatsApp (Se abre en una ventana nueva)<\/span><\/a><\/li><li class=\"share-telegram\"><a rel=\"nofollow noopener noreferrer\" data-shared=\"\" class=\"share-telegram sd-button share-icon no-text\" href=\"http:\/\/www.rtvnoticias.com.ar\/?p=37149&amp;share=telegram\" target=\"_blank\" title=\"Haz clic para compartir en Telegram\"><span><\/span><span class=\"sharing-screen-reader-text\">Haz clic para compartir en Telegram (Se abre en una ventana nueva)<\/span><\/a><\/li><li class=\"share-end\"><\/li><\/ul><\/div><\/div><\/div>","protected":false},"author":7,"featured_media":37072,"comment_status":"closed","ping_status":"closed","sticky":false,"template":"","format":"standard","meta":{"spay_email":"","jetpack_publicize_message":"","jetpack_is_tweetstorm":false,"jetpack_publicize_feature_enabled":true},"categories":[5],"tags":[],"jetpack_featured_media_url":"http:\/\/www.rtvnoticias.com.ar\/wp-content\/uploads\/2023\/06\/estatua-mirtha-legrand.jpg","jetpack_publicize_connections":[],"jetpack_sharing_enabled":true,"_links":{"self":[{"href":"http:\/\/www.rtvnoticias.com.ar\/index.php?rest_route=\/wp\/v2\/posts\/37149"}],"collection":[{"href":"http:\/\/www.rtvnoticias.com.ar\/index.php?rest_route=\/wp\/v2\/posts"}],"about":[{"href":"http:\/\/www.rtvnoticias.com.ar\/index.php?rest_route=\/wp\/v2\/types\/post"}],"author":[{"embeddable":true,"href":"http:\/\/www.rtvnoticias.com.ar\/index.php?rest_route=\/wp\/v2\/users\/7"}],"replies":[{"embeddable":true,"href":"http:\/\/www.rtvnoticias.com.ar\/index.php?rest_route=%2Fwp%2Fv2%2Fcomments&post=37149"}],"version-history":[{"count":1,"href":"http:\/\/www.rtvnoticias.com.ar\/index.php?rest_route=\/wp\/v2\/posts\/37149\/revisions"}],"predecessor-version":[{"id":37150,"href":"http:\/\/www.rtvnoticias.com.ar\/index.php?rest_route=\/wp\/v2\/posts\/37149\/revisions\/37150"}],"wp:featuredmedia":[{"embeddable":true,"href":"http:\/\/www.rtvnoticias.com.ar\/index.php?rest_route=\/wp\/v2\/media\/37072"}],"wp:attachment":[{"href":"http:\/\/www.rtvnoticias.com.ar\/index.php?rest_route=%2Fwp%2Fv2%2Fmedia&parent=37149"}],"wp:term":[{"taxonomy":"category","embeddable":true,"href":"http:\/\/www.rtvnoticias.com.ar\/index.php?rest_route=%2Fwp%2Fv2%2Fcategories&post=37149"},{"taxonomy":"post_tag","embeddable":true,"href":"http:\/\/www.rtvnoticias.com.ar\/index.php?rest_route=%2Fwp%2Fv2%2Ftags&post=37149"}],"curies":[{"name":"wp","href":"https:\/\/api.w.org\/{rel}","templated":true}]}}