{"id":37151,"date":"2023-06-08T21:50:00","date_gmt":"2023-06-09T00:50:00","guid":{"rendered":"http:\/\/www.rtvnoticias.com.ar\/?p=37151"},"modified":"2023-06-09T09:21:36","modified_gmt":"2023-06-09T12:21:36","slug":"el-rene-favaloro-podra-alojar-ninas-ninos-y-adolescentes-que-lleguen-para-atenderse","status":"publish","type":"post","link":"http:\/\/www.rtvnoticias.com.ar\/?p=37151","title":{"rendered":"El \u00abRen\u00e9 Favaloro\u00bb podr\u00e1 alojar ni\u00f1as, ni\u00f1os y adolescentes que lleguen para atenderse"},"content":{"rendered":"\n<p>El Gobierno de La Pampa firm\u00f3 convenio con Naci\u00f3n para la construcci\u00f3n de un espacio, en el marco del programa \u00abCasa Amor\u00bb, espacio destinado a cobijar ni\u00f1os\/as, adolescentes y sus familias que deban trasladarse desde sus hogares para realizar tratamientos m\u00e9dicos prolongados y se encuentren en situaci\u00f3n de vulnerabilidad social.<\/p>\n\n\n\n<p>El convenio se firm\u00f3 en el marco de la reuni\u00f3n del Consejo Federal de Desarrollo Social, que cont\u00f3 con las presencias del presidente Alberto Fern\u00e1ndez y de la ministra Victoria Tolosa Paz.<\/p>\n\n\n\n<p><br>\u201cLa Pampa es una de las primeras siete provincias en suscribir este acuerdo. La Casa Amor se construir\u00e1 en un predio ubicado entre las calles Aconcagua y Donati, de Santa Rosa. Est\u00e1 muy cerca del hospital \u201cRen\u00e9 Favaloro\u201d, as\u00ed que las familias de ni\u00f1as, ni\u00f1os y adolescentes que se alojen all\u00ed no deber\u00e1n pensar en traslados y tendr\u00e1n mayor autonom\u00eda de movimientos. La firmas del convenio es el primer paso, y ahora vendr\u00e1n los tr\u00e1mites administrativos que llevar\u00e1n al inicio de la construcci\u00f3n\u201d, dijo el ministro de Desarrollo Social, Diego \u00c1lvarez.<\/p>\n\n\n\n<p><br>\u201cEl grado de complejidad y excelencia que tiene el sistema p\u00fablico de salud pampeano provoca que, en casos como la atenci\u00f3n pedi\u00e1trica y de adolescentes, deban producirse derivaciones dentro de la misma provincia. Este espacio contempla a quienes tengan alguna dificultad para alojarse en otros lugares. Tambi\u00e9n tendremos equipos especializados para el acompa\u00f1amiento de quienes deban alojarse en Casa Amor\u201d, ampli\u00f3 el funcionario.<br>Entre las caracter\u00edsticas de estas unidades, se privilegiar\u00e1 la seguridad en los materiales de los espacios construidos, la sustentabilidad, accesibilidad universal y los servicios b\u00e1sicos.<br><\/p>\n\n\n\n<p>\u201cCasa Amor y la Unidad Local de Ni\u00f1ez, cuyo convenio para su construcci\u00f3n tambi\u00e9n se firm\u00f3 esta semana, marcar\u00e1n un antes y un despu\u00e9s en la atenci\u00f3n de nuestras infancias y adolescencias\u201d, concluy\u00f3 \u00c1lvarez.<\/p>\n\n\n\n<p><\/p>\n<div class=\"sharedaddy sd-sharing-enabled\"><div class=\"robots-nocontent sd-block sd-social sd-social-icon sd-sharing\"><h3 class=\"sd-title\">Comparte esto:<\/h3><div class=\"sd-content\"><ul><li class=\"share-twitter\"><a rel=\"nofollow noopener noreferrer\" data-shared=\"sharing-twitter-37151\" class=\"share-twitter sd-button share-icon no-text\" href=\"http:\/\/www.rtvnoticias.com.ar\/?p=37151&amp;share=twitter\" target=\"_blank\" title=\"Haz clic para compartir en Twitter\"><span><\/span><span class=\"sharing-screen-reader-text\">Haz clic para compartir en Twitter (Se abre en una ventana nueva)<\/span><\/a><\/li><li class=\"share-facebook\"><a rel=\"nofollow noopener noreferrer\" data-shared=\"sharing-facebook-37151\" class=\"share-facebook sd-button share-icon no-text\" href=\"http:\/\/www.rtvnoticias.com.ar\/?p=37151&amp;share=facebook\" target=\"_blank\" title=\"Haz clic para compartir en Facebook\"><span><\/span><span class=\"sharing-screen-reader-text\">Haz clic para compartir en Facebook (Se abre en una ventana nueva)<\/span><\/a><\/li><li class=\"share-jetpack-whatsapp\"><a rel=\"nofollow noopener noreferrer\" data-shared=\"\" class=\"share-jetpack-whatsapp sd-button share-icon no-text\" href=\"http:\/\/www.rtvnoticias.com.ar\/?p=37151&amp;share=jetpack-whatsapp\" target=\"_blank\" title=\"Haz clic para compartir en WhatsApp\"><span><\/span><span class=\"sharing-screen-reader-text\">Haz clic para compartir en WhatsApp (Se abre en una ventana nueva)<\/span><\/a><\/li><li class=\"share-telegram\"><a rel=\"nofollow noopener noreferrer\" data-shared=\"\" class=\"share-telegram sd-button share-icon no-text\" href=\"http:\/\/www.rtvnoticias.com.ar\/?p=37151&amp;share=telegram\" target=\"_blank\" title=\"Haz clic para compartir en Telegram\"><span><\/span><span class=\"sharing-screen-reader-text\">Haz clic para compartir en Telegram (Se abre en una ventana nueva)<\/span><\/a><\/li><li class=\"share-end\"><\/li><\/ul><\/div><\/div><\/div>","protected":false},"excerpt":{"rendered":"<p>El Gobierno de La Pampa firm\u00f3 convenio con Naci\u00f3n para la construcci\u00f3n de un espacio, en el marco del programa \u00abCasa Amor\u00bb, espacio destinado a<\/p>\n<div class=\"sharedaddy sd-sharing-enabled\"><div class=\"robots-nocontent sd-block sd-social sd-social-icon sd-sharing\"><h3 class=\"sd-title\">Comparte esto:<\/h3><div class=\"sd-content\"><ul><li class=\"share-twitter\"><a rel=\"nofollow noopener noreferrer\" data-shared=\"sharing-twitter-37151\" class=\"share-twitter sd-button share-icon no-text\" href=\"http:\/\/www.rtvnoticias.com.ar\/?p=37151&amp;share=twitter\" target=\"_blank\" title=\"Haz clic para compartir en Twitter\"><span><\/span><span class=\"sharing-screen-reader-text\">Haz clic para compartir en Twitter (Se abre en una ventana nueva)<\/span><\/a><\/li><li class=\"share-facebook\"><a rel=\"nofollow noopener noreferrer\" data-shared=\"sharing-facebook-37151\" class=\"share-facebook sd-button share-icon no-text\" href=\"http:\/\/www.rtvnoticias.com.ar\/?p=37151&amp;share=facebook\" target=\"_blank\" title=\"Haz clic para compartir en Facebook\"><span><\/span><span class=\"sharing-screen-reader-text\">Haz clic para compartir en Facebook (Se abre en una ventana nueva)<\/span><\/a><\/li><li class=\"share-jetpack-whatsapp\"><a rel=\"nofollow noopener noreferrer\" data-shared=\"\" class=\"share-jetpack-whatsapp sd-button share-icon no-text\" href=\"http:\/\/www.rtvnoticias.com.ar\/?p=37151&amp;share=jetpack-whatsapp\" target=\"_blank\" title=\"Haz clic para compartir en WhatsApp\"><span><\/span><span class=\"sharing-screen-reader-text\">Haz clic para compartir en WhatsApp (Se abre en una ventana nueva)<\/span><\/a><\/li><li class=\"share-telegram\"><a rel=\"nofollow noopener noreferrer\" data-shared=\"\" class=\"share-telegram sd-button share-icon no-text\" href=\"http:\/\/www.rtvnoticias.com.ar\/?p=37151&amp;share=telegram\" target=\"_blank\" title=\"Haz clic para compartir en Telegram\"><span><\/span><span class=\"sharing-screen-reader-text\">Haz clic para compartir en Telegram (Se abre en una ventana nueva)<\/span><\/a><\/li><li class=\"share-end\"><\/li><\/ul><\/div><\/div><\/div>","protected":false},"author":7,"featured_media":37152,"comment_status":"closed","ping_status":"closed","sticky":false,"template":"","format":"standard","meta":{"spay_email":"","jetpack_publicize_message":"","jetpack_is_tweetstorm":false,"jetpack_publicize_feature_enabled":true},"categories":[1],"tags":[],"jetpack_featured_media_url":"http:\/\/www.rtvnoticias.com.ar\/wp-content\/uploads\/2023\/06\/rene-favaloro-ooo-copia.jpg","jetpack_publicize_connections":[],"jetpack_sharing_enabled":true,"_links":{"self":[{"href":"http:\/\/www.rtvnoticias.com.ar\/index.php?rest_route=\/wp\/v2\/posts\/37151"}],"collection":[{"href":"http:\/\/www.rtvnoticias.com.ar\/index.php?rest_route=\/wp\/v2\/posts"}],"about":[{"href":"http:\/\/www.rtvnoticias.com.ar\/index.php?rest_route=\/wp\/v2\/types\/post"}],"author":[{"embeddable":true,"href":"http:\/\/www.rtvnoticias.com.ar\/index.php?rest_route=\/wp\/v2\/users\/7"}],"replies":[{"embeddable":true,"href":"http:\/\/www.rtvnoticias.com.ar\/index.php?rest_route=%2Fwp%2Fv2%2Fcomments&post=37151"}],"version-history":[{"count":1,"href":"http:\/\/www.rtvnoticias.com.ar\/index.php?rest_route=\/wp\/v2\/posts\/37151\/revisions"}],"predecessor-version":[{"id":37153,"href":"http:\/\/www.rtvnoticias.com.ar\/index.php?rest_route=\/wp\/v2\/posts\/37151\/revisions\/37153"}],"wp:featuredmedia":[{"embeddable":true,"href":"http:\/\/www.rtvnoticias.com.ar\/index.php?rest_route=\/wp\/v2\/media\/37152"}],"wp:attachment":[{"href":"http:\/\/www.rtvnoticias.com.ar\/index.php?rest_route=%2Fwp%2Fv2%2Fmedia&parent=37151"}],"wp:term":[{"taxonomy":"category","embeddable":true,"href":"http:\/\/www.rtvnoticias.com.ar\/index.php?rest_route=%2Fwp%2Fv2%2Fcategories&post=37151"},{"taxonomy":"post_tag","embeddable":true,"href":"http:\/\/www.rtvnoticias.com.ar\/index.php?rest_route=%2Fwp%2Fv2%2Ftags&post=37151"}],"curies":[{"name":"wp","href":"https:\/\/api.w.org\/{rel}","templated":true}]}}