{"id":37154,"date":"2023-06-08T21:57:00","date_gmt":"2023-06-09T00:57:00","guid":{"rendered":"http:\/\/www.rtvnoticias.com.ar\/?p=37154"},"modified":"2023-06-09T00:56:31","modified_gmt":"2023-06-09T03:56:31","slug":"llega-a-la-pampa-el-turismo-pista-en-su-quinta-fecha-de-la-temporada","status":"publish","type":"post","link":"http:\/\/www.rtvnoticias.com.ar\/?p=37154","title":{"rendered":"Llega a La Pampa el Turismo Pista en su quinta fecha de la temporada"},"content":{"rendered":"\n<p>En la Secretar\u00eda de Turismo se present\u00f3 ante los medios la competencia de Turismo Pista. Adriana Romero, secretaria del \u00e1rea present\u00f3 al presidente del Fideicomiso Aut\u00f3dromo Provincia de La Pampa, Sergio Pereda, al intendente de Toay, Rodolfo \u00c1lvarez y al piloto pampeano Rodrigo Giunchi, quienes dieron detalles del Turismo Pista en su quinta fecha, a disputarse este fin de semana en sus tres categor\u00edas. &nbsp;En el sal\u00f3n de conferencias de la Secretar\u00eda de Turismo se present\u00f3 hoy una de las novedades del calendario 2023 para la categor\u00eda nacional de automovilismo con tres categor\u00edas que permitir\u00e1n disfrutar de la clasificaci\u00f3n m\u00e1s poderosa del pa\u00eds.<\/p>\n\n\n\n<p>La titular de la cartera tur\u00edstica provincial, Adriana Romero dio inicio a la presentaci\u00f3n y agradeci\u00f3 la convocatoria \u201ces un gusto para Turismo acompa\u00f1ar estos acontecimientos porque difunden y posicionan la marca tur\u00edstica La Pampa\u201d.<br>Por su parte el presidente del Fideicomiso Aut\u00f3dromo Provincia de La Pampa, Sergio Pereda agradeci\u00f3 a Turismo por el recibimiento y a Rodolfo \u00c1lvarez por la predisposici\u00f3n continua para que los eventos salgan siempre de la mejor manera \u201csin duda que seguir generando eventos en el Aut\u00f3dromo Provincia de La Pampa es un desaf\u00edo y una oportunidad para las actividades tur\u00edsticas y econ\u00f3micas\u201d. Agreg\u00f3 detalles de la competencia que se realizar\u00e1 este viernes 9, s\u00e1bado 10 y domingo 11 con la final de todas las categor\u00edas donde personas mayores, mujeres y ni\u00f1os entran gratis.<\/p>\n\n\n\n<p>Asimismo, el intendente de Toay, Rodolfo \u00c1lvarez expres\u00f3 su agradecimiento de poder tener una actividad m\u00e1s en el aut\u00f3dromo \u201cen esta oportunidad tener el Turismo Pista, es un espect\u00e1culo garantizado por sus propias caracter\u00edsticas\u201d.<br>Por su parte el jefe de Prensa de Turismo Pista, Paulino Hern\u00e1ndez expres\u00f3 su alegr\u00eda de poder estar en La Pampa \u201cnos sentimos muy contentos de poder estar en esta Provincia, hay una buena combinaci\u00f3n de trabajo entre lo pol\u00edtico y el aut\u00f3dromo. Estos eventos proporcionan una buena imagen a nivel tur\u00edstico, somos una categor\u00eda federal que nos gusta tener ese contacto permanente con el interior y ac\u00e1 en La Pampa uno se siente en casa\u201d.<\/p>\n\n\n\n<p>Adem\u00e1s, form\u00f3 parte de la rueda de prensa, el piloto pampeano Rodrigo Giunchi quien ser\u00e1 el \u00fanico piloto local en la quinta fecha del Turismo Pista. \u201cEs un honor estar ac\u00e1, va a ser un gran espect\u00e1culo y voy a hacer lo mejor para representar a nuestra Provincia\u201d se\u00f1al\u00f3.<\/p>\n\n\n\n<p><\/p>\n<div class=\"sharedaddy sd-sharing-enabled\"><div class=\"robots-nocontent sd-block sd-social sd-social-icon sd-sharing\"><h3 class=\"sd-title\">Comparte esto:<\/h3><div class=\"sd-content\"><ul><li class=\"share-twitter\"><a rel=\"nofollow noopener noreferrer\" data-shared=\"sharing-twitter-37154\" class=\"share-twitter sd-button share-icon no-text\" href=\"http:\/\/www.rtvnoticias.com.ar\/?p=37154&amp;share=twitter\" target=\"_blank\" title=\"Haz clic para compartir en Twitter\"><span><\/span><span class=\"sharing-screen-reader-text\">Haz clic para compartir en Twitter (Se abre en una ventana nueva)<\/span><\/a><\/li><li class=\"share-facebook\"><a rel=\"nofollow noopener noreferrer\" data-shared=\"sharing-facebook-37154\" class=\"share-facebook sd-button share-icon no-text\" href=\"http:\/\/www.rtvnoticias.com.ar\/?p=37154&amp;share=facebook\" target=\"_blank\" title=\"Haz clic para compartir en Facebook\"><span><\/span><span class=\"sharing-screen-reader-text\">Haz clic para compartir en Facebook (Se abre en una ventana nueva)<\/span><\/a><\/li><li class=\"share-jetpack-whatsapp\"><a rel=\"nofollow noopener noreferrer\" data-shared=\"\" class=\"share-jetpack-whatsapp sd-button share-icon no-text\" href=\"http:\/\/www.rtvnoticias.com.ar\/?p=37154&amp;share=jetpack-whatsapp\" target=\"_blank\" title=\"Haz clic para compartir en WhatsApp\"><span><\/span><span class=\"sharing-screen-reader-text\">Haz clic para compartir en WhatsApp (Se abre en una ventana nueva)<\/span><\/a><\/li><li class=\"share-telegram\"><a rel=\"nofollow noopener noreferrer\" data-shared=\"\" class=\"share-telegram sd-button share-icon no-text\" href=\"http:\/\/www.rtvnoticias.com.ar\/?p=37154&amp;share=telegram\" target=\"_blank\" title=\"Haz clic para compartir en Telegram\"><span><\/span><span class=\"sharing-screen-reader-text\">Haz clic para compartir en Telegram (Se abre en una ventana nueva)<\/span><\/a><\/li><li class=\"share-end\"><\/li><\/ul><\/div><\/div><\/div>","protected":false},"excerpt":{"rendered":"<p>En la Secretar\u00eda de Turismo se present\u00f3 ante los medios la competencia de Turismo Pista. Adriana Romero, secretaria del \u00e1rea present\u00f3 al presidente del Fideicomiso<\/p>\n<div class=\"sharedaddy sd-sharing-enabled\"><div class=\"robots-nocontent sd-block sd-social sd-social-icon sd-sharing\"><h3 class=\"sd-title\">Comparte esto:<\/h3><div class=\"sd-content\"><ul><li class=\"share-twitter\"><a rel=\"nofollow noopener noreferrer\" data-shared=\"sharing-twitter-37154\" class=\"share-twitter sd-button share-icon no-text\" href=\"http:\/\/www.rtvnoticias.com.ar\/?p=37154&amp;share=twitter\" target=\"_blank\" title=\"Haz clic para compartir en Twitter\"><span><\/span><span class=\"sharing-screen-reader-text\">Haz clic para compartir en Twitter (Se abre en una ventana nueva)<\/span><\/a><\/li><li class=\"share-facebook\"><a rel=\"nofollow noopener noreferrer\" data-shared=\"sharing-facebook-37154\" class=\"share-facebook sd-button share-icon no-text\" href=\"http:\/\/www.rtvnoticias.com.ar\/?p=37154&amp;share=facebook\" target=\"_blank\" title=\"Haz clic para compartir en Facebook\"><span><\/span><span class=\"sharing-screen-reader-text\">Haz clic para compartir en Facebook (Se abre en una ventana nueva)<\/span><\/a><\/li><li class=\"share-jetpack-whatsapp\"><a rel=\"nofollow noopener noreferrer\" data-shared=\"\" class=\"share-jetpack-whatsapp sd-button share-icon no-text\" href=\"http:\/\/www.rtvnoticias.com.ar\/?p=37154&amp;share=jetpack-whatsapp\" target=\"_blank\" title=\"Haz clic para compartir en WhatsApp\"><span><\/span><span class=\"sharing-screen-reader-text\">Haz clic para compartir en WhatsApp (Se abre en una ventana nueva)<\/span><\/a><\/li><li class=\"share-telegram\"><a rel=\"nofollow noopener noreferrer\" data-shared=\"\" class=\"share-telegram sd-button share-icon no-text\" href=\"http:\/\/www.rtvnoticias.com.ar\/?p=37154&amp;share=telegram\" target=\"_blank\" title=\"Haz clic para compartir en Telegram\"><span><\/span><span class=\"sharing-screen-reader-text\">Haz clic para compartir en Telegram (Se abre en una ventana nueva)<\/span><\/a><\/li><li class=\"share-end\"><\/li><\/ul><\/div><\/div><\/div>","protected":false},"author":7,"featured_media":37155,"comment_status":"closed","ping_status":"closed","sticky":false,"template":"","format":"standard","meta":{"spay_email":"","jetpack_publicize_message":"","jetpack_is_tweetstorm":false,"jetpack_publicize_feature_enabled":true},"categories":[1],"tags":[],"jetpack_featured_media_url":"http:\/\/www.rtvnoticias.com.ar\/wp-content\/uploads\/2023\/06\/chekcchek1.jpg","jetpack_publicize_connections":[],"jetpack_sharing_enabled":true,"_links":{"self":[{"href":"http:\/\/www.rtvnoticias.com.ar\/index.php?rest_route=\/wp\/v2\/posts\/37154"}],"collection":[{"href":"http:\/\/www.rtvnoticias.com.ar\/index.php?rest_route=\/wp\/v2\/posts"}],"about":[{"href":"http:\/\/www.rtvnoticias.com.ar\/index.php?rest_route=\/wp\/v2\/types\/post"}],"author":[{"embeddable":true,"href":"http:\/\/www.rtvnoticias.com.ar\/index.php?rest_route=\/wp\/v2\/users\/7"}],"replies":[{"embeddable":true,"href":"http:\/\/www.rtvnoticias.com.ar\/index.php?rest_route=%2Fwp%2Fv2%2Fcomments&post=37154"}],"version-history":[{"count":2,"href":"http:\/\/www.rtvnoticias.com.ar\/index.php?rest_route=\/wp\/v2\/posts\/37154\/revisions"}],"predecessor-version":[{"id":37157,"href":"http:\/\/www.rtvnoticias.com.ar\/index.php?rest_route=\/wp\/v2\/posts\/37154\/revisions\/37157"}],"wp:featuredmedia":[{"embeddable":true,"href":"http:\/\/www.rtvnoticias.com.ar\/index.php?rest_route=\/wp\/v2\/media\/37155"}],"wp:attachment":[{"href":"http:\/\/www.rtvnoticias.com.ar\/index.php?rest_route=%2Fwp%2Fv2%2Fmedia&parent=37154"}],"wp:term":[{"taxonomy":"category","embeddable":true,"href":"http:\/\/www.rtvnoticias.com.ar\/index.php?rest_route=%2Fwp%2Fv2%2Fcategories&post=37154"},{"taxonomy":"post_tag","embeddable":true,"href":"http:\/\/www.rtvnoticias.com.ar\/index.php?rest_route=%2Fwp%2Fv2%2Ftags&post=37154"}],"curies":[{"name":"wp","href":"https:\/\/api.w.org\/{rel}","templated":true}]}}