{"id":37168,"date":"2023-06-09T12:11:46","date_gmt":"2023-06-09T15:11:46","guid":{"rendered":"http:\/\/www.rtvnoticias.com.ar\/?p=37168"},"modified":"2023-06-09T12:11:50","modified_gmt":"2023-06-09T15:11:50","slug":"avanza-proyecto-para-declarar-monumento-historico-a-radio-nacional-santa-rosa","status":"publish","type":"post","link":"http:\/\/www.rtvnoticias.com.ar\/?p=37168","title":{"rendered":"Avanza proyecto para declarar Monumento Hist\u00f3rico a Radio Nacional Santa Rosa"},"content":{"rendered":"\n<p>La Comisi\u00f3n Nacional de Monumentos, de Lugares y Bienes Hist\u00f3ricos de la Naci\u00f3n dio el visto bueno para que el edificio de LRA3 Radio Nacional Santa Rosa pueda ser declarado Monumento Hist\u00f3rico Nacional. En la misma comunicaci\u00f3n tambi\u00e9n consideraron que el predio de la avenida Palacios tiene potencial para transformarse en un Espacio de Memoria.<\/p>\n\n\n\n<p>La Comisi\u00f3n respondi\u00f3 de esta manera a la consulta que se hiciera desde el Senado de la Naci\u00f3n, en base al proyecto de ley presentado por el senador Daniel Bensus\u00e1n.<\/p>\n\n\n\n<p>\u201cRadio Nacional Santa Rosa fue la primera filial que hubo fuera de los l\u00edmites de Buenos Aires. Est\u00e1 a punto de cumplir 73 a\u00f1os y representa el inicio de un proyecto de comunicaci\u00f3n federal, como el que demostr\u00f3 el entonces presidente Juan Domingo Per\u00f3n. Este es un argumento importante para la comisi\u00f3n diera su aval a la iniciativa que presentamos\u201d, comend\u00f3 el legislador nacional.<\/p>\n\n\n\n<p>La comisi\u00f3n evaluadora fundament\u00f3 su decisi\u00f3n en que consider\u00f3 que el edificio de LRA Radio Nacional Santa Rosa \u201cre\u00fane los m\u00e9ritos para su declaratoria como Monumento Hist\u00f3rico Nacional, tanto por su condici\u00f3n de establecimiento radiof\u00f3nico pionero en la zona y relevante a nivel nacional, como por su razonable potencial para funcionar como Espacio de Memoria\u201d.<\/p>\n\n\n\n<p><strong>Memoria del bombardeo<\/strong><\/p>\n\n\n\n<p>\u201cAl valor hist\u00f3rico de ser la primera filial debemos agregar que calculamos debe ser la \u00fanica emisora argentina que fuera bombardeada, durante el gobierno dictatorial autodenominado \u201cRevoluci\u00f3n Libertadora\u201d, luego de los hechos acontecidos a partir del 9 de junio de 1956\u201d, agreg\u00f3.<\/p>\n\n\n\n<p>\u201cEn esa fecha hist\u00f3rica de 1956, el movimiento c\u00edvico militar que propugnaba el retorno de Per\u00f3n logr\u00f3 que LRA3 fuera la \u00fanica emisora en donde se pudiera leer el documento que ped\u00eda por las condiciones para la vuelta del fundador de nuestro movimiento, en ese momento exiliado. Esta proclama fue motivo suficiente para los fusilamientos en el basural de Jos\u00e9 Le\u00f3n Su\u00e1rez y del general Juan Jos\u00e9 Valle, y se sumara el bombardeo a nuestra Radio Nacional y las descargas de metralla que sufrir\u00eda el edificio\u201d, dijo en este sentido.<\/p>\n\n\n\n<p>Reflexion\u00f3 que \u201ceste es un paso importante del proyecto, que en estos momentos est\u00e1 en la Comisi\u00f3n de Cultura de la C\u00e1mara alta. Con la memoria presente, tenemos una oportunidad de que nuestras juventudes se informen y no permitan que situaciones como esta vuelvan a suceder\u201d.<\/p>\n\n\n\n<p>Finalmente dirigi\u00f3 su saludo a la militancia peronista pampeana, \u201cporque, en memoria del levantamiento y la represi\u00f3n del 9 de junio de 1956, hoy se recuerda el D\u00eda de la Resistencia Peronista\u201d.<\/p>\n<div class=\"sharedaddy sd-sharing-enabled\"><div class=\"robots-nocontent sd-block sd-social sd-social-icon sd-sharing\"><h3 class=\"sd-title\">Comparte esto:<\/h3><div class=\"sd-content\"><ul><li class=\"share-twitter\"><a rel=\"nofollow noopener noreferrer\" data-shared=\"sharing-twitter-37168\" class=\"share-twitter sd-button share-icon no-text\" href=\"http:\/\/www.rtvnoticias.com.ar\/?p=37168&amp;share=twitter\" target=\"_blank\" title=\"Haz clic para compartir en Twitter\"><span><\/span><span class=\"sharing-screen-reader-text\">Haz clic para compartir en Twitter (Se abre en una ventana nueva)<\/span><\/a><\/li><li class=\"share-facebook\"><a rel=\"nofollow noopener noreferrer\" data-shared=\"sharing-facebook-37168\" class=\"share-facebook sd-button share-icon no-text\" href=\"http:\/\/www.rtvnoticias.com.ar\/?p=37168&amp;share=facebook\" target=\"_blank\" title=\"Haz clic para compartir en Facebook\"><span><\/span><span class=\"sharing-screen-reader-text\">Haz clic para compartir en Facebook (Se abre en una ventana nueva)<\/span><\/a><\/li><li class=\"share-jetpack-whatsapp\"><a rel=\"nofollow noopener noreferrer\" data-shared=\"\" class=\"share-jetpack-whatsapp sd-button share-icon no-text\" href=\"http:\/\/www.rtvnoticias.com.ar\/?p=37168&amp;share=jetpack-whatsapp\" target=\"_blank\" title=\"Haz clic para compartir en WhatsApp\"><span><\/span><span class=\"sharing-screen-reader-text\">Haz clic para compartir en WhatsApp (Se abre en una ventana nueva)<\/span><\/a><\/li><li class=\"share-telegram\"><a rel=\"nofollow noopener noreferrer\" data-shared=\"\" class=\"share-telegram sd-button share-icon no-text\" href=\"http:\/\/www.rtvnoticias.com.ar\/?p=37168&amp;share=telegram\" target=\"_blank\" title=\"Haz clic para compartir en Telegram\"><span><\/span><span class=\"sharing-screen-reader-text\">Haz clic para compartir en Telegram (Se abre en una ventana nueva)<\/span><\/a><\/li><li class=\"share-end\"><\/li><\/ul><\/div><\/div><\/div>","protected":false},"excerpt":{"rendered":"<p>La Comisi\u00f3n Nacional de Monumentos, de Lugares y Bienes Hist\u00f3ricos de la Naci\u00f3n dio el visto bueno para que el edificio de LRA3 Radio Nacional<\/p>\n<div class=\"sharedaddy sd-sharing-enabled\"><div class=\"robots-nocontent sd-block sd-social sd-social-icon sd-sharing\"><h3 class=\"sd-title\">Comparte esto:<\/h3><div class=\"sd-content\"><ul><li class=\"share-twitter\"><a rel=\"nofollow noopener noreferrer\" data-shared=\"sharing-twitter-37168\" class=\"share-twitter sd-button share-icon no-text\" href=\"http:\/\/www.rtvnoticias.com.ar\/?p=37168&amp;share=twitter\" target=\"_blank\" title=\"Haz clic para compartir en Twitter\"><span><\/span><span class=\"sharing-screen-reader-text\">Haz clic para compartir en Twitter (Se abre en una ventana nueva)<\/span><\/a><\/li><li class=\"share-facebook\"><a rel=\"nofollow noopener noreferrer\" data-shared=\"sharing-facebook-37168\" class=\"share-facebook sd-button share-icon no-text\" href=\"http:\/\/www.rtvnoticias.com.ar\/?p=37168&amp;share=facebook\" target=\"_blank\" title=\"Haz clic para compartir en Facebook\"><span><\/span><span class=\"sharing-screen-reader-text\">Haz clic para compartir en Facebook (Se abre en una ventana nueva)<\/span><\/a><\/li><li class=\"share-jetpack-whatsapp\"><a rel=\"nofollow noopener noreferrer\" data-shared=\"\" class=\"share-jetpack-whatsapp sd-button share-icon no-text\" href=\"http:\/\/www.rtvnoticias.com.ar\/?p=37168&amp;share=jetpack-whatsapp\" target=\"_blank\" title=\"Haz clic para compartir en WhatsApp\"><span><\/span><span class=\"sharing-screen-reader-text\">Haz clic para compartir en WhatsApp (Se abre en una ventana nueva)<\/span><\/a><\/li><li class=\"share-telegram\"><a rel=\"nofollow noopener noreferrer\" data-shared=\"\" class=\"share-telegram sd-button share-icon no-text\" href=\"http:\/\/www.rtvnoticias.com.ar\/?p=37168&amp;share=telegram\" target=\"_blank\" title=\"Haz clic para compartir en Telegram\"><span><\/span><span class=\"sharing-screen-reader-text\">Haz clic para compartir en Telegram (Se abre en una ventana nueva)<\/span><\/a><\/li><li class=\"share-end\"><\/li><\/ul><\/div><\/div><\/div>","protected":false},"author":5,"featured_media":0,"comment_status":"closed","ping_status":"closed","sticky":false,"template":"","format":"standard","meta":{"spay_email":"","jetpack_publicize_message":"","jetpack_is_tweetstorm":false,"jetpack_publicize_feature_enabled":true},"categories":[1],"tags":[],"jetpack_featured_media_url":"","jetpack_publicize_connections":[],"jetpack_sharing_enabled":true,"_links":{"self":[{"href":"http:\/\/www.rtvnoticias.com.ar\/index.php?rest_route=\/wp\/v2\/posts\/37168"}],"collection":[{"href":"http:\/\/www.rtvnoticias.com.ar\/index.php?rest_route=\/wp\/v2\/posts"}],"about":[{"href":"http:\/\/www.rtvnoticias.com.ar\/index.php?rest_route=\/wp\/v2\/types\/post"}],"author":[{"embeddable":true,"href":"http:\/\/www.rtvnoticias.com.ar\/index.php?rest_route=\/wp\/v2\/users\/5"}],"replies":[{"embeddable":true,"href":"http:\/\/www.rtvnoticias.com.ar\/index.php?rest_route=%2Fwp%2Fv2%2Fcomments&post=37168"}],"version-history":[{"count":1,"href":"http:\/\/www.rtvnoticias.com.ar\/index.php?rest_route=\/wp\/v2\/posts\/37168\/revisions"}],"predecessor-version":[{"id":37169,"href":"http:\/\/www.rtvnoticias.com.ar\/index.php?rest_route=\/wp\/v2\/posts\/37168\/revisions\/37169"}],"wp:attachment":[{"href":"http:\/\/www.rtvnoticias.com.ar\/index.php?rest_route=%2Fwp%2Fv2%2Fmedia&parent=37168"}],"wp:term":[{"taxonomy":"category","embeddable":true,"href":"http:\/\/www.rtvnoticias.com.ar\/index.php?rest_route=%2Fwp%2Fv2%2Fcategories&post=37168"},{"taxonomy":"post_tag","embeddable":true,"href":"http:\/\/www.rtvnoticias.com.ar\/index.php?rest_route=%2Fwp%2Fv2%2Ftags&post=37168"}],"curies":[{"name":"wp","href":"https:\/\/api.w.org\/{rel}","templated":true}]}}