{"id":37183,"date":"2023-06-10T11:59:08","date_gmt":"2023-06-10T14:59:08","guid":{"rendered":"http:\/\/www.rtvnoticias.com.ar\/?p=37183"},"modified":"2023-06-10T12:00:42","modified_gmt":"2023-06-10T15:00:42","slug":"mejora-la-salud-del-papa-francisco-y-ya-se-alimenta-con-una-dieta-semiliquida","status":"publish","type":"post","link":"http:\/\/www.rtvnoticias.com.ar\/?p=37183","title":{"rendered":"Mejora la salud del Papa Francisco y ya se alimenta con una \u00abdieta semil\u00edquida\u00bb"},"content":{"rendered":"\n<p>El papa Francisco, de 86 a\u00f1os, \u00abest\u00e1 bien\u00bb y comenz\u00f3 hoy una \u00abdieta semil\u00edquida\u00bb en reemplazo de la alimentaci\u00f3n exclusiva con l\u00edquidos que manten\u00eda desde que fue operado el mi\u00e9rcoles del abdomen, mientras por recomendaci\u00f3n m\u00e9dica no recitar\u00e1 p\u00fablicamente la tradicional oraci\u00f3n del \u00c1ngelus prevista para ma\u00f1ana.<\/p>\n\n\n\n<p>\u00abEl papa Francisco est\u00e1 bien. No tiene fiebre y todos los par\u00e1metros son regulares\u00bb, inform\u00f3 hoy el m\u00e9dico que lo oper\u00f3, Sergio Alfieri, en declaraciones desde el hospital Gemelli de Roma. Agreg\u00f3 adem\u00e1s, que \u00abcomenz\u00f3 a comer con una dieta semil\u00edquida, tras haberse alimentado con l\u00edquidos\u00bb, agreg\u00f3 luego Alfieri.<\/p>\n\n\n\n<p>Al hablar con medios desde el Gemelli, Alfieri precis\u00f3 de todos modos que por recomendaci\u00f3n del personal m\u00e9dico \u00abFrancisco recitar\u00e1 ma\u00f1ana el \u00c1ngelus en privado\u00bb. Precis\u00f3 que la idea es reducir los esfuerzos del Papa al moverse para permitir una buena cicatrizaci\u00f3n del abdomen.<\/p>\n\n\n\n<p>\u00abEl Santo Padre est\u00e1 siguiendo una cuidadosa convalecencia que tiene como objetivo reducir el esfuerzo de la pared abdominal, para permitir que la malla prot\u00e9sica implantada y la reparaci\u00f3n de la fascia muscular cicatricen de manera \u00f3ptima\u00bb, explic\u00f3.<\/p>\n\n\n\n<p>\u00abNosotros le dimos la sugerencia m\u00e9dica y \u00e9l decidi\u00f3\u00bb rezar el \u00c1ngelus en privado, sin transmisi\u00f3n televisiva, desarroll\u00f3 el m\u00e9dico, a\u00fan \u00absabiendo que para \u00e9l es un sacrificio\u00bb.<\/p>\n\n\n\n<p>De cara a la salida del hospital, Alfieri plante\u00f3 que el personal m\u00e9dico buscar\u00e1 \u00abconvencerlo de que se quede toda la semana pr\u00f3xima\u00bb, en l\u00ednea con el anuncio vaticano de que las audiencias se mantienen suspendidas hasta el domingo 18. \u00abEso le recomendamos nosotros, pero decide \u00e9l\u00bb, plante\u00f3 el m\u00e9dico italiano.<\/p>\n\n\n\n<p>Tras ser operado el mi\u00e9rcoles, Francisco dej\u00f3 ayer todos los sueros y retom\u00f3 el trabajo desde el hospital. En ese marco, Alfieri agreg\u00f3 adem\u00e1s que el Papa \u00abnunca tuvo un infarto\u00bb, luego de versiones sobre enfermedades card\u00edacas descartadas por el m\u00e9dico.<\/p>\n\n\n\n<p>Fuente: Cadena 3<\/p>\n<div class=\"sharedaddy sd-sharing-enabled\"><div class=\"robots-nocontent sd-block sd-social sd-social-icon sd-sharing\"><h3 class=\"sd-title\">Comparte esto:<\/h3><div class=\"sd-content\"><ul><li class=\"share-twitter\"><a rel=\"nofollow noopener noreferrer\" data-shared=\"sharing-twitter-37183\" class=\"share-twitter sd-button share-icon no-text\" href=\"http:\/\/www.rtvnoticias.com.ar\/?p=37183&amp;share=twitter\" target=\"_blank\" title=\"Haz clic para compartir en Twitter\"><span><\/span><span class=\"sharing-screen-reader-text\">Haz clic para compartir en Twitter (Se abre en una ventana nueva)<\/span><\/a><\/li><li class=\"share-facebook\"><a rel=\"nofollow noopener noreferrer\" data-shared=\"sharing-facebook-37183\" class=\"share-facebook sd-button share-icon no-text\" href=\"http:\/\/www.rtvnoticias.com.ar\/?p=37183&amp;share=facebook\" target=\"_blank\" title=\"Haz clic para compartir en Facebook\"><span><\/span><span class=\"sharing-screen-reader-text\">Haz clic para compartir en Facebook (Se abre en una ventana nueva)<\/span><\/a><\/li><li class=\"share-jetpack-whatsapp\"><a rel=\"nofollow noopener noreferrer\" data-shared=\"\" class=\"share-jetpack-whatsapp sd-button share-icon no-text\" href=\"http:\/\/www.rtvnoticias.com.ar\/?p=37183&amp;share=jetpack-whatsapp\" target=\"_blank\" title=\"Haz clic para compartir en WhatsApp\"><span><\/span><span class=\"sharing-screen-reader-text\">Haz clic para compartir en WhatsApp (Se abre en una ventana nueva)<\/span><\/a><\/li><li class=\"share-telegram\"><a rel=\"nofollow noopener noreferrer\" data-shared=\"\" class=\"share-telegram sd-button share-icon no-text\" href=\"http:\/\/www.rtvnoticias.com.ar\/?p=37183&amp;share=telegram\" target=\"_blank\" title=\"Haz clic para compartir en Telegram\"><span><\/span><span class=\"sharing-screen-reader-text\">Haz clic para compartir en Telegram (Se abre en una ventana nueva)<\/span><\/a><\/li><li class=\"share-end\"><\/li><\/ul><\/div><\/div><\/div>","protected":false},"excerpt":{"rendered":"<p>El papa Francisco, de 86 a\u00f1os, \u00abest\u00e1 bien\u00bb y comenz\u00f3 hoy una \u00abdieta semil\u00edquida\u00bb en reemplazo de la alimentaci\u00f3n exclusiva con l\u00edquidos que manten\u00eda desde<\/p>\n<div class=\"sharedaddy sd-sharing-enabled\"><div class=\"robots-nocontent sd-block sd-social sd-social-icon sd-sharing\"><h3 class=\"sd-title\">Comparte esto:<\/h3><div class=\"sd-content\"><ul><li class=\"share-twitter\"><a rel=\"nofollow noopener noreferrer\" data-shared=\"sharing-twitter-37183\" class=\"share-twitter sd-button share-icon no-text\" href=\"http:\/\/www.rtvnoticias.com.ar\/?p=37183&amp;share=twitter\" target=\"_blank\" title=\"Haz clic para compartir en Twitter\"><span><\/span><span class=\"sharing-screen-reader-text\">Haz clic para compartir en Twitter (Se abre en una ventana nueva)<\/span><\/a><\/li><li class=\"share-facebook\"><a rel=\"nofollow noopener noreferrer\" data-shared=\"sharing-facebook-37183\" class=\"share-facebook sd-button share-icon no-text\" href=\"http:\/\/www.rtvnoticias.com.ar\/?p=37183&amp;share=facebook\" target=\"_blank\" title=\"Haz clic para compartir en Facebook\"><span><\/span><span class=\"sharing-screen-reader-text\">Haz clic para compartir en Facebook (Se abre en una ventana nueva)<\/span><\/a><\/li><li class=\"share-jetpack-whatsapp\"><a rel=\"nofollow noopener noreferrer\" data-shared=\"\" class=\"share-jetpack-whatsapp sd-button share-icon no-text\" href=\"http:\/\/www.rtvnoticias.com.ar\/?p=37183&amp;share=jetpack-whatsapp\" target=\"_blank\" title=\"Haz clic para compartir en WhatsApp\"><span><\/span><span class=\"sharing-screen-reader-text\">Haz clic para compartir en WhatsApp (Se abre en una ventana nueva)<\/span><\/a><\/li><li class=\"share-telegram\"><a rel=\"nofollow noopener noreferrer\" data-shared=\"\" class=\"share-telegram sd-button share-icon no-text\" href=\"http:\/\/www.rtvnoticias.com.ar\/?p=37183&amp;share=telegram\" target=\"_blank\" title=\"Haz clic para compartir en Telegram\"><span><\/span><span class=\"sharing-screen-reader-text\">Haz clic para compartir en Telegram (Se abre en una ventana nueva)<\/span><\/a><\/li><li class=\"share-end\"><\/li><\/ul><\/div><\/div><\/div>","protected":false},"author":5,"featured_media":37184,"comment_status":"closed","ping_status":"closed","sticky":false,"template":"","format":"standard","meta":{"spay_email":"","jetpack_publicize_message":"","jetpack_is_tweetstorm":false,"jetpack_publicize_feature_enabled":true},"categories":[7],"tags":[4056],"jetpack_featured_media_url":"http:\/\/www.rtvnoticias.com.ar\/wp-content\/uploads\/2023\/06\/papa-francisco.jpg","jetpack_publicize_connections":[],"jetpack_sharing_enabled":true,"_links":{"self":[{"href":"http:\/\/www.rtvnoticias.com.ar\/index.php?rest_route=\/wp\/v2\/posts\/37183"}],"collection":[{"href":"http:\/\/www.rtvnoticias.com.ar\/index.php?rest_route=\/wp\/v2\/posts"}],"about":[{"href":"http:\/\/www.rtvnoticias.com.ar\/index.php?rest_route=\/wp\/v2\/types\/post"}],"author":[{"embeddable":true,"href":"http:\/\/www.rtvnoticias.com.ar\/index.php?rest_route=\/wp\/v2\/users\/5"}],"replies":[{"embeddable":true,"href":"http:\/\/www.rtvnoticias.com.ar\/index.php?rest_route=%2Fwp%2Fv2%2Fcomments&post=37183"}],"version-history":[{"count":1,"href":"http:\/\/www.rtvnoticias.com.ar\/index.php?rest_route=\/wp\/v2\/posts\/37183\/revisions"}],"predecessor-version":[{"id":37186,"href":"http:\/\/www.rtvnoticias.com.ar\/index.php?rest_route=\/wp\/v2\/posts\/37183\/revisions\/37186"}],"wp:featuredmedia":[{"embeddable":true,"href":"http:\/\/www.rtvnoticias.com.ar\/index.php?rest_route=\/wp\/v2\/media\/37184"}],"wp:attachment":[{"href":"http:\/\/www.rtvnoticias.com.ar\/index.php?rest_route=%2Fwp%2Fv2%2Fmedia&parent=37183"}],"wp:term":[{"taxonomy":"category","embeddable":true,"href":"http:\/\/www.rtvnoticias.com.ar\/index.php?rest_route=%2Fwp%2Fv2%2Fcategories&post=37183"},{"taxonomy":"post_tag","embeddable":true,"href":"http:\/\/www.rtvnoticias.com.ar\/index.php?rest_route=%2Fwp%2Fv2%2Ftags&post=37183"}],"curies":[{"name":"wp","href":"https:\/\/api.w.org\/{rel}","templated":true}]}}