{"id":37197,"date":"2023-06-10T23:54:46","date_gmt":"2023-06-11T02:54:46","guid":{"rendered":"http:\/\/www.rtvnoticias.com.ar\/?p=37197"},"modified":"2023-06-10T23:54:50","modified_gmt":"2023-06-11T02:54:50","slug":"seguridad-vial-entregaron-36-kits-de-cascos-y-chalecos-para-motociclistas","status":"publish","type":"post","link":"http:\/\/www.rtvnoticias.com.ar\/?p=37197","title":{"rendered":"Seguridad vial: Entregaron 36 kits de cascos y chalecos para motociclistas"},"content":{"rendered":"\n<p>La Municipalidad de General Pico, a trav\u00e9s de la Direcci\u00f3n de Prevenci\u00f3n y Convivencia Ciudadana, realiz\u00f3 esta ma\u00f1ana en MEDANO la entrega de 36 kits compuestos de cascos y chalecos en el marco del Programa Federal de Cascos y Equipamiento Reflectivo, convenio firmado entre el municipio local y la Agencia Nacional de Seguridad Vial.<\/p>\n\n\n\n<p>La entrega, adem\u00e1s, se realiz\u00f3 en conmemoraci\u00f3n del D\u00eda Nacional de la Seguridad Vial que se celebra ma\u00f1ana, 10 de junio.<\/p>\n\n\n\n<p>La iniciativa, que previamente tuvo una capacitaci\u00f3n obligatoria sobre conducci\u00f3n segura, est\u00e1 orientada a j\u00f3venes motociclistas que hayan obtenido su primera Licencia Nacional de Conducir Clase A, es decir, motodeliverys y personas que utilicen motos como medio de transporte a sus lugares de trabajo. Adem\u00e1s se sumaron a las y los conductores que fueron detenidos en controles de tr\u00e1nsito por no usar casco.<\/p>\n\n\n\n<p>Del acto de entrega participaron el viceintendente Daniel L\u00f3pez; el juez de Faltas, Eduardo Lettieri; los concejales, Mario Garc\u00eda y H\u00e9ctor Viola; el director de Prevenci\u00f3n y Convivencia Ciudadana, Pablo Gandino; el director de Participaci\u00f3n Ciudadana y Relaciones Institucionales, Cristian Viola; la jefa de Departamento de Educaci\u00f3n Vial, Viviana Prieto; la representante del Programa \u201cEstrellas Amarillas\u201d, Zulma Aimonetto; beneficiarios y beneficiarias.<\/p>\n\n\n\n<p>En relaci\u00f3n a la entrega, el viceintendente L\u00f3pez se dirigi\u00f3 a las y los presentes: \u201cCoincidimos en trabajar en todo lo vinculado a la concientizaci\u00f3n y educaci\u00f3n vial. Este programa es parte de estas iniciativas que se llevan adelante junto con el Ministerio de Seguridad de La Pampa, realizando diferentes campa\u00f1as en \u00e1mbitos p\u00fablicos y establecimientos educativos\u201d.<\/p>\n\n\n\n<p>Por su parte, el director de Prevenci\u00f3n y Convivencia Ciudadana, Pablo Gandino, afirm\u00f3: \u201cLa valoraci\u00f3n de esta propuesta es muy positiva porque siempre apuntamos a crear conciencia, que sepan que el casco es un elemento de seguridad sumamente importante y que puede salvarles la vida\u201d.<\/p>\n\n\n\n<p>Adem\u00e1s, se\u00f1al\u00f3 que \u201csiempre tiene que ver con la conducta de las personas que conducen, pero tratamos de llegar a la gente para que no vuelvan a cometer este tipo de errores\u201d.<\/p>\n\n\n\n<p>Viviana Prieto, a su turno, explic\u00f3 el trabajo realizado: \u201cEsta es la sexta y \u00faltima entrega de cascos. Fueron 200 los que fueron entregados a ciudadanas y ciudadanos de General Pico, siendo muy buena la propuesta, bien recibida por cada una y uno de los que participaron del programa\u201d.<\/p>\n\n\n\n<p>En este sentido, indic\u00f3 que \u201ccontinuamos poniendo el \u00e9nfasis en esto de la seguridad vial, por eso queremos seguir recalcando la importancia de que conduzcamos bien en la ciudad, respet\u00e1ndonos entre todos para tener una buena convivencia\u201d.<\/p>\n<div class=\"sharedaddy sd-sharing-enabled\"><div class=\"robots-nocontent sd-block sd-social sd-social-icon sd-sharing\"><h3 class=\"sd-title\">Comparte esto:<\/h3><div class=\"sd-content\"><ul><li class=\"share-twitter\"><a rel=\"nofollow noopener noreferrer\" data-shared=\"sharing-twitter-37197\" class=\"share-twitter sd-button share-icon no-text\" href=\"http:\/\/www.rtvnoticias.com.ar\/?p=37197&amp;share=twitter\" target=\"_blank\" title=\"Haz clic para compartir en Twitter\"><span><\/span><span class=\"sharing-screen-reader-text\">Haz clic para compartir en Twitter (Se abre en una ventana nueva)<\/span><\/a><\/li><li class=\"share-facebook\"><a rel=\"nofollow noopener noreferrer\" data-shared=\"sharing-facebook-37197\" class=\"share-facebook sd-button share-icon no-text\" href=\"http:\/\/www.rtvnoticias.com.ar\/?p=37197&amp;share=facebook\" target=\"_blank\" title=\"Haz clic para compartir en Facebook\"><span><\/span><span class=\"sharing-screen-reader-text\">Haz clic para compartir en Facebook (Se abre en una ventana nueva)<\/span><\/a><\/li><li class=\"share-jetpack-whatsapp\"><a rel=\"nofollow noopener noreferrer\" data-shared=\"\" class=\"share-jetpack-whatsapp sd-button share-icon no-text\" href=\"http:\/\/www.rtvnoticias.com.ar\/?p=37197&amp;share=jetpack-whatsapp\" target=\"_blank\" title=\"Haz clic para compartir en WhatsApp\"><span><\/span><span class=\"sharing-screen-reader-text\">Haz clic para compartir en WhatsApp (Se abre en una ventana nueva)<\/span><\/a><\/li><li class=\"share-telegram\"><a rel=\"nofollow noopener noreferrer\" data-shared=\"\" class=\"share-telegram sd-button share-icon no-text\" href=\"http:\/\/www.rtvnoticias.com.ar\/?p=37197&amp;share=telegram\" target=\"_blank\" title=\"Haz clic para compartir en Telegram\"><span><\/span><span class=\"sharing-screen-reader-text\">Haz clic para compartir en Telegram (Se abre en una ventana nueva)<\/span><\/a><\/li><li class=\"share-end\"><\/li><\/ul><\/div><\/div><\/div>","protected":false},"excerpt":{"rendered":"<p>La Municipalidad de General Pico, a trav\u00e9s de la Direcci\u00f3n de Prevenci\u00f3n y Convivencia Ciudadana, realiz\u00f3 esta ma\u00f1ana en MEDANO la entrega de 36 kits<\/p>\n<div class=\"sharedaddy sd-sharing-enabled\"><div class=\"robots-nocontent sd-block sd-social sd-social-icon sd-sharing\"><h3 class=\"sd-title\">Comparte esto:<\/h3><div class=\"sd-content\"><ul><li class=\"share-twitter\"><a rel=\"nofollow noopener noreferrer\" data-shared=\"sharing-twitter-37197\" class=\"share-twitter sd-button share-icon no-text\" href=\"http:\/\/www.rtvnoticias.com.ar\/?p=37197&amp;share=twitter\" target=\"_blank\" title=\"Haz clic para compartir en Twitter\"><span><\/span><span class=\"sharing-screen-reader-text\">Haz clic para compartir en Twitter (Se abre en una ventana nueva)<\/span><\/a><\/li><li class=\"share-facebook\"><a rel=\"nofollow noopener noreferrer\" data-shared=\"sharing-facebook-37197\" class=\"share-facebook sd-button share-icon no-text\" href=\"http:\/\/www.rtvnoticias.com.ar\/?p=37197&amp;share=facebook\" target=\"_blank\" title=\"Haz clic para compartir en Facebook\"><span><\/span><span class=\"sharing-screen-reader-text\">Haz clic para compartir en Facebook (Se abre en una ventana nueva)<\/span><\/a><\/li><li class=\"share-jetpack-whatsapp\"><a rel=\"nofollow noopener noreferrer\" data-shared=\"\" class=\"share-jetpack-whatsapp sd-button share-icon no-text\" href=\"http:\/\/www.rtvnoticias.com.ar\/?p=37197&amp;share=jetpack-whatsapp\" target=\"_blank\" title=\"Haz clic para compartir en WhatsApp\"><span><\/span><span class=\"sharing-screen-reader-text\">Haz clic para compartir en WhatsApp (Se abre en una ventana nueva)<\/span><\/a><\/li><li class=\"share-telegram\"><a rel=\"nofollow noopener noreferrer\" data-shared=\"\" class=\"share-telegram sd-button share-icon no-text\" href=\"http:\/\/www.rtvnoticias.com.ar\/?p=37197&amp;share=telegram\" target=\"_blank\" title=\"Haz clic para compartir en Telegram\"><span><\/span><span class=\"sharing-screen-reader-text\">Haz clic para compartir en Telegram (Se abre en una ventana nueva)<\/span><\/a><\/li><li class=\"share-end\"><\/li><\/ul><\/div><\/div><\/div>","protected":false},"author":7,"featured_media":37198,"comment_status":"closed","ping_status":"closed","sticky":false,"template":"","format":"standard","meta":{"spay_email":"","jetpack_publicize_message":"","jetpack_is_tweetstorm":false,"jetpack_publicize_feature_enabled":true},"categories":[3],"tags":[],"jetpack_featured_media_url":"http:\/\/www.rtvnoticias.com.ar\/wp-content\/uploads\/2023\/06\/Entrega-de-cascos-1.jpeg","jetpack_publicize_connections":[],"jetpack_sharing_enabled":true,"_links":{"self":[{"href":"http:\/\/www.rtvnoticias.com.ar\/index.php?rest_route=\/wp\/v2\/posts\/37197"}],"collection":[{"href":"http:\/\/www.rtvnoticias.com.ar\/index.php?rest_route=\/wp\/v2\/posts"}],"about":[{"href":"http:\/\/www.rtvnoticias.com.ar\/index.php?rest_route=\/wp\/v2\/types\/post"}],"author":[{"embeddable":true,"href":"http:\/\/www.rtvnoticias.com.ar\/index.php?rest_route=\/wp\/v2\/users\/7"}],"replies":[{"embeddable":true,"href":"http:\/\/www.rtvnoticias.com.ar\/index.php?rest_route=%2Fwp%2Fv2%2Fcomments&post=37197"}],"version-history":[{"count":1,"href":"http:\/\/www.rtvnoticias.com.ar\/index.php?rest_route=\/wp\/v2\/posts\/37197\/revisions"}],"predecessor-version":[{"id":37199,"href":"http:\/\/www.rtvnoticias.com.ar\/index.php?rest_route=\/wp\/v2\/posts\/37197\/revisions\/37199"}],"wp:featuredmedia":[{"embeddable":true,"href":"http:\/\/www.rtvnoticias.com.ar\/index.php?rest_route=\/wp\/v2\/media\/37198"}],"wp:attachment":[{"href":"http:\/\/www.rtvnoticias.com.ar\/index.php?rest_route=%2Fwp%2Fv2%2Fmedia&parent=37197"}],"wp:term":[{"taxonomy":"category","embeddable":true,"href":"http:\/\/www.rtvnoticias.com.ar\/index.php?rest_route=%2Fwp%2Fv2%2Fcategories&post=37197"},{"taxonomy":"post_tag","embeddable":true,"href":"http:\/\/www.rtvnoticias.com.ar\/index.php?rest_route=%2Fwp%2Fv2%2Ftags&post=37197"}],"curies":[{"name":"wp","href":"https:\/\/api.w.org\/{rel}","templated":true}]}}