{"id":37200,"date":"2023-06-10T23:58:34","date_gmt":"2023-06-11T02:58:34","guid":{"rendered":"http:\/\/www.rtvnoticias.com.ar\/?p=37200"},"modified":"2023-06-10T23:58:42","modified_gmt":"2023-06-11T02:58:42","slug":"acto-en-homenaje-a-adolfo-cesar-philippeaux","status":"publish","type":"post","link":"http:\/\/www.rtvnoticias.com.ar\/?p=37200","title":{"rendered":"Acto en homenaje a Adolfo C\u00e9sar Philippeaux"},"content":{"rendered":"\n<p>Con el objetivo de conmemorar la lucha del militar y en un nuevo aniversario del inicio de la revoluci\u00f3n de 1956, encabezada por el General Juan Jos\u00e9 Valle, la Municipalidad de General Pico llev\u00f3 a cabo este viernes un acto para recordar al Teniente Coronel Adolfo C\u00e9sar Philippeaux. Fue soldado y protector del General Juan Domingo Per\u00f3n, cuyos restos descansan en el Cementerio municipal de nuestra ciudad.<\/p>\n\n\n\n<p>Del sentido homenaje participaron funcionarios y funcionarias del departamento Ejecutivo Municipal; autoridades militares y policiales; integrantes del Consejo de Unidad B\u00e1sica General Pico; el representante del Partido Comunista Revolucionario, Eduardo Marquesoni; entidades intermedias locales y p\u00fablico en general.<\/p>\n\n\n\n<p>Se entonaron las estrofas del Himno Nacional argentino y se leyeron dos cartas: una enviada por su compa\u00f1era, Virginia del Valle Mart\u00ednez de Philippeaux, y otra proveniente de la Agrupaci\u00f3n General Pascual Pistarinni de Victorica, La Pampa.<\/p>\n\n\n\n<p>Finalmente, y a modo de cierre, se colocaron ofrendas florales en el mausoleo donde Philippeaux descansa y se realiz\u00f3 un minuto de silencio en su honor.<\/p>\n\n\n\n<p><strong>Biograf\u00eda<\/strong><\/p>\n\n\n\n<p>Adolfo C\u00e9sar Philippeaux naci\u00f3 el 25 de septiembre de 1925. Fue destinado a la custodia del presidente General Juan Domingo Per\u00f3n hasta 1955 cuando fue removido por la dictadura instaurada el 16 de septiembre de dicho a\u00f1o.<\/p>\n\n\n\n<p>Producido el golpe de Estado fue destinado a La Pampa donde se consagr\u00f3 como el jefe, en la provincia, de la revoluci\u00f3n del 9 de junio de 1956 encabezada por el General Valle a nivel nacional. All\u00ed moviliz\u00f3 al Ej\u00e9rcito, a la polic\u00eda pampeana y a los paisanos peronistas.<\/p>\n\n\n\n<p>Philippeaux se opuso a todos los golpes de Estado y a todas las dictaduras, por ello fue detenido y torturado. Falleci\u00f3 el 2 de octubre de 2004 en Mar del Plata.<\/p>\n\n\n\n<p>Cumpliendo con su deseo, sus restos yacen en General Pico.<\/p>\n<div class=\"sharedaddy sd-sharing-enabled\"><div class=\"robots-nocontent sd-block sd-social sd-social-icon sd-sharing\"><h3 class=\"sd-title\">Comparte esto:<\/h3><div class=\"sd-content\"><ul><li class=\"share-twitter\"><a rel=\"nofollow noopener noreferrer\" data-shared=\"sharing-twitter-37200\" class=\"share-twitter sd-button share-icon no-text\" href=\"http:\/\/www.rtvnoticias.com.ar\/?p=37200&amp;share=twitter\" target=\"_blank\" title=\"Haz clic para compartir en Twitter\"><span><\/span><span class=\"sharing-screen-reader-text\">Haz clic para compartir en Twitter (Se abre en una ventana nueva)<\/span><\/a><\/li><li class=\"share-facebook\"><a rel=\"nofollow noopener noreferrer\" data-shared=\"sharing-facebook-37200\" class=\"share-facebook sd-button share-icon no-text\" href=\"http:\/\/www.rtvnoticias.com.ar\/?p=37200&amp;share=facebook\" target=\"_blank\" title=\"Haz clic para compartir en Facebook\"><span><\/span><span class=\"sharing-screen-reader-text\">Haz clic para compartir en Facebook (Se abre en una ventana nueva)<\/span><\/a><\/li><li class=\"share-jetpack-whatsapp\"><a rel=\"nofollow noopener noreferrer\" data-shared=\"\" class=\"share-jetpack-whatsapp sd-button share-icon no-text\" href=\"http:\/\/www.rtvnoticias.com.ar\/?p=37200&amp;share=jetpack-whatsapp\" target=\"_blank\" title=\"Haz clic para compartir en WhatsApp\"><span><\/span><span class=\"sharing-screen-reader-text\">Haz clic para compartir en WhatsApp (Se abre en una ventana nueva)<\/span><\/a><\/li><li class=\"share-telegram\"><a rel=\"nofollow noopener noreferrer\" data-shared=\"\" class=\"share-telegram sd-button share-icon no-text\" href=\"http:\/\/www.rtvnoticias.com.ar\/?p=37200&amp;share=telegram\" target=\"_blank\" title=\"Haz clic para compartir en Telegram\"><span><\/span><span class=\"sharing-screen-reader-text\">Haz clic para compartir en Telegram (Se abre en una ventana nueva)<\/span><\/a><\/li><li class=\"share-end\"><\/li><\/ul><\/div><\/div><\/div>","protected":false},"excerpt":{"rendered":"<p>Con el objetivo de conmemorar la lucha del militar y en un nuevo aniversario del inicio de la revoluci\u00f3n de 1956, encabezada por el General<\/p>\n<div class=\"sharedaddy sd-sharing-enabled\"><div class=\"robots-nocontent sd-block sd-social sd-social-icon sd-sharing\"><h3 class=\"sd-title\">Comparte esto:<\/h3><div class=\"sd-content\"><ul><li class=\"share-twitter\"><a rel=\"nofollow noopener noreferrer\" data-shared=\"sharing-twitter-37200\" class=\"share-twitter sd-button share-icon no-text\" href=\"http:\/\/www.rtvnoticias.com.ar\/?p=37200&amp;share=twitter\" target=\"_blank\" title=\"Haz clic para compartir en Twitter\"><span><\/span><span class=\"sharing-screen-reader-text\">Haz clic para compartir en Twitter (Se abre en una ventana nueva)<\/span><\/a><\/li><li class=\"share-facebook\"><a rel=\"nofollow noopener noreferrer\" data-shared=\"sharing-facebook-37200\" class=\"share-facebook sd-button share-icon no-text\" href=\"http:\/\/www.rtvnoticias.com.ar\/?p=37200&amp;share=facebook\" target=\"_blank\" title=\"Haz clic para compartir en Facebook\"><span><\/span><span class=\"sharing-screen-reader-text\">Haz clic para compartir en Facebook (Se abre en una ventana nueva)<\/span><\/a><\/li><li class=\"share-jetpack-whatsapp\"><a rel=\"nofollow noopener noreferrer\" data-shared=\"\" class=\"share-jetpack-whatsapp sd-button share-icon no-text\" href=\"http:\/\/www.rtvnoticias.com.ar\/?p=37200&amp;share=jetpack-whatsapp\" target=\"_blank\" title=\"Haz clic para compartir en WhatsApp\"><span><\/span><span class=\"sharing-screen-reader-text\">Haz clic para compartir en WhatsApp (Se abre en una ventana nueva)<\/span><\/a><\/li><li class=\"share-telegram\"><a rel=\"nofollow noopener noreferrer\" data-shared=\"\" class=\"share-telegram sd-button share-icon no-text\" href=\"http:\/\/www.rtvnoticias.com.ar\/?p=37200&amp;share=telegram\" target=\"_blank\" title=\"Haz clic para compartir en Telegram\"><span><\/span><span class=\"sharing-screen-reader-text\">Haz clic para compartir en Telegram (Se abre en una ventana nueva)<\/span><\/a><\/li><li class=\"share-end\"><\/li><\/ul><\/div><\/div><\/div>","protected":false},"author":7,"featured_media":37201,"comment_status":"closed","ping_status":"closed","sticky":false,"template":"","format":"standard","meta":{"spay_email":"","jetpack_publicize_message":"","jetpack_is_tweetstorm":false,"jetpack_publicize_feature_enabled":true},"categories":[3],"tags":[],"jetpack_featured_media_url":"http:\/\/www.rtvnoticias.com.ar\/wp-content\/uploads\/2023\/06\/acto-Philippeaux-1.jpeg","jetpack_publicize_connections":[],"jetpack_sharing_enabled":true,"_links":{"self":[{"href":"http:\/\/www.rtvnoticias.com.ar\/index.php?rest_route=\/wp\/v2\/posts\/37200"}],"collection":[{"href":"http:\/\/www.rtvnoticias.com.ar\/index.php?rest_route=\/wp\/v2\/posts"}],"about":[{"href":"http:\/\/www.rtvnoticias.com.ar\/index.php?rest_route=\/wp\/v2\/types\/post"}],"author":[{"embeddable":true,"href":"http:\/\/www.rtvnoticias.com.ar\/index.php?rest_route=\/wp\/v2\/users\/7"}],"replies":[{"embeddable":true,"href":"http:\/\/www.rtvnoticias.com.ar\/index.php?rest_route=%2Fwp%2Fv2%2Fcomments&post=37200"}],"version-history":[{"count":1,"href":"http:\/\/www.rtvnoticias.com.ar\/index.php?rest_route=\/wp\/v2\/posts\/37200\/revisions"}],"predecessor-version":[{"id":37202,"href":"http:\/\/www.rtvnoticias.com.ar\/index.php?rest_route=\/wp\/v2\/posts\/37200\/revisions\/37202"}],"wp:featuredmedia":[{"embeddable":true,"href":"http:\/\/www.rtvnoticias.com.ar\/index.php?rest_route=\/wp\/v2\/media\/37201"}],"wp:attachment":[{"href":"http:\/\/www.rtvnoticias.com.ar\/index.php?rest_route=%2Fwp%2Fv2%2Fmedia&parent=37200"}],"wp:term":[{"taxonomy":"category","embeddable":true,"href":"http:\/\/www.rtvnoticias.com.ar\/index.php?rest_route=%2Fwp%2Fv2%2Fcategories&post=37200"},{"taxonomy":"post_tag","embeddable":true,"href":"http:\/\/www.rtvnoticias.com.ar\/index.php?rest_route=%2Fwp%2Fv2%2Ftags&post=37200"}],"curies":[{"name":"wp","href":"https:\/\/api.w.org\/{rel}","templated":true}]}}