{"id":37209,"date":"2023-06-11T00:17:31","date_gmt":"2023-06-11T03:17:31","guid":{"rendered":"http:\/\/www.rtvnoticias.com.ar\/?p=37209"},"modified":"2023-06-11T00:17:35","modified_gmt":"2023-06-11T03:17:35","slug":"sergio-massa-creo-que-lo-mejor-es-la-unidad-pero-si-hay-paso-anotennos","status":"publish","type":"post","link":"http:\/\/www.rtvnoticias.com.ar\/?p=37209","title":{"rendered":"Sergio Massa: \u00abCreo que lo mejor es la unidad, pero si hay PASO an\u00f3tennos\u00bb"},"content":{"rendered":"\n<p>El ministro de Econom\u00eda, Sergio Massa, asegur\u00f3 este s\u00e1bado que \u00abel mejor camino es la unidad\u00bb del Frente de Todos (FdT) para los comicios de este a\u00f1o, pero adelant\u00f3 que si hay una competencia interna de la coalici\u00f3n oficialista en las primarias, abiertas, simult\u00e1neas y obligatorias (PASO) del 13 de agosto, el espacio \u00abva a estar poniendo lo mejor\u00bb, al cerrar el Congreso partidario del Frente Renovador (FR).<\/p>\n\n\n\n<p>\u00abLo mejor para Argentina y para el FdT es la unidad, pero si se decide que haya PASO, an\u00f3tennos. Vamos a estar poniendo lo mejor de nosotros y buscando los mejores acuerdos\u00bb, asegur\u00f3 Massa al pronunciar su discurso en este c\u00f3nclave que se desarroll\u00f3 en el estadio Arenas (ex DirecTV) de la localidad bonaerense de Tortuguitas, partido de Malvinas Argentinas, donde hubo 12 mil militantes dentro y 8 mil personas en las zonas aleda\u00f1as, seg\u00fan la organizaci\u00f3n.<\/p>\n\n\n\n<p>Massa asegur\u00f3 adem\u00e1s que el FR \u00abtom\u00f3 la decisi\u00f3n correcta\u00bb al sumarse al FdT en 2019, y valor\u00f3 \u00abla generosidad que tuvo la dirigenta que m\u00e1s votos reun\u00eda\u00bb para armar la coalici\u00f3n, en referencia a la vicepresidenta Cristina Kirchner.<\/p>\n\n\n\n<p>En ese marco, el titular de la cartera econ\u00f3mica sostuvo que \u00abel mejor camino es la unidad\u00bb y que esa postura est\u00e1 por encima de las \u00abvanidades personales\u00bb.<\/p>\n\n\n\n<p>\u00abNo necesito un cargo para hacer pol\u00edtica. Hago pol\u00edtica por lo que creo y por el pa\u00eds que sue\u00f1o. Nosotros no extorsionamos, no presionamos, damos nuestra opini\u00f3n como dirigentes y militantes pol\u00edticos. Que nadie se haga la v\u00edctima porque somos todos grandes\u00bb, subray\u00f3.<\/p>\n\n\n\n<p>Adem\u00e1s, record\u00f3 que los dirigentes del FR pusieron \u00abel cuerpo\u00bb y no se \u00abescondieron\u00bb en agosto del a\u00f1o pasado cuando \u00abse instalaba la idea de una crisis pol\u00edtica y econ\u00f3mica\u00bb, en un contexto en el cual algunos sectores anticipaban \u00abque se ven\u00eda la corrida (bancaria) y que el Gobierno estaba de salida\u00bb.<\/p>\n\n\n\n<p>Tambi\u00e9n consider\u00f3 que \u00abhay dos oposiciones: una que es la de &#8216;Juntos por el cargo&#8217;, que est\u00e1 dando un espect\u00e1culo dantesco en una interna y otra que en nombre de la libertad plantea dolarizaci\u00f3n ajuste y represi\u00f3n\u00bb.<\/p>\n\n\n\n<p>\u00abYa lo dijo una dirigente que no me quiere nada. Tiene raz\u00f3n (la l\u00edder de la Coalici\u00f3n C\u00edvica, Elisa) Carri\u00f3, vienen por el ajuste y la represi\u00f3n, Nosotros vamos por los derechos, la igualdad, el crecimiento y el desarrollo\u00bb, asever\u00f3 Massa en alusi\u00f3n a Juntos por el Cambio (JxC) y la Libertad Avanza que encabeza el diputado nacional Javier Milei.<\/p>\n\n\n\n<p>\u00abUnidad, unidad, unidad\u00bb, repiti\u00f3 al finalizar su discurso y fue despedido por los presentes que corearon: \u00abMassa\/ Presidente\/ Massa Presidente\u00bb.<\/p>\n\n\n\n<p>Al retirarse del estadio, Massa luci\u00f3 una gorra que dec\u00eda \u2018Malena, intendenta de Tigre\u2019, y en un breve intercambio con la prensa le preguntaron cu\u00e1l deb\u00eda ser la frase que deber\u00eda estar escrita en esa prenda.<\/p>\n\n\n\n<p>\u201cUnidad. La gorra debe decir eso. Todos debemos estar sentados a una misma mesa y dialogando como gente adulta\u201d, apunt\u00f3 Massa mientras se retiraba y evitaba pronunciarse sobre si iba a ser candidato en los pr\u00f3ximos comicios.<\/p>\n\n\n\n<p>Estuvieron presentes dirigentes como la titular de la C\u00e1mara de Diputados, Cecilia Moreau, el secretario de Industria y Desarrollo Productivo, Jos\u00e9 Ignacio de Mendiguren, la presidenta de Aysa y esposa de Massa, Malena Galmarini, el gobernador de Chubut, Mariano Arcioni, y el ministro de Transporte, Diego Giuliano.<\/p>\n\n\n\n<p>Por su parte, Malena Galmarini cerr\u00f3 su discurso ante los dirigentes y militantes con una sugerente frase: \u201cSergio (Massa) es el mejor l\u00edder y cuando los argentinos y argentinas le den la oportunidad, ser\u00e1 el mejor Presidente\u201d.<\/p>\n\n\n\n<p>Luego del acto, ante la prensa, Galmarini agreg\u00f3: \u201cEl FdT est\u00e1 unido y, a pesar de algunas diferencias, estamos mejor que la oposici\u00f3n que tienen objetivos individuales y propios intereses\u201d.<\/p>\n\n\n\n<p>\u201cNosotros no estamos planteando que Sergio sea el candidato, sino que tenemos que gobernar hasta el 10 de diciembre y por eso tenemos que anteponer la responsabilidad de gestionar. Nos parece que la rosca permanente no es algo que est\u00e9 bueno. Esto es para los funcionarios que buscan la interna\u201d, remarc\u00f3 la titular de Aysa.<\/p>\n\n\n\n<p>\u201cCon unidad, con consenso o sin consenso, el FR participar\u00e1 de las PASO\u201d, sentenci\u00f3 Galmarini, en coincidencia con el planteo de Massa.<\/p>\n\n\n\n<p>Fiel a su estilo, el secretario de Industria, Jos\u00e9 Ignacio \u2018Vasco\u2019 de Mendiguren, no dio rodeos y estim\u00f3 que \u201cel mejor candidato a presidente que tiene el FdT es Sergio Massa\u201d.<\/p>\n\n\n\n<p>\u00abTiene muy claro y sabe lo que quiere porque nunca cambi\u00f3 el rumbo. As\u00ed lo hizo cuando, con mucha valent\u00eda, tom\u00f3 la decisi\u00f3n de crear este FR que est\u00e1 cumpliendo 10 a\u00f1os\u201d, ponder\u00f3 De Mendiguren.<\/p>\n\n\n\n<p>En tanto, el ministro de Transporte, Diego Giuliano, se\u00f1al\u00f3 que para todos los que integran el FR el candidato a Presidente deber\u00eda ser Massa\u00bb.<\/p>\n\n\n\n<p>Pero es verdad que ni Sergio ni nadie est\u00e1 hablando de nombres propios sino de proyectos y propuestas para vivir en una mejor Argentina. No se trata de decir que el candidato deber\u00eda ser uno solo. Tenemos que comprender, entre todos los compa\u00f1eros, la necesidad de mantener la unidad para confluir en una \u00fanica f\u00f3rmula sea quien sea el postulante\u201d, remarc\u00f3 Giuliano.<\/p>\n\n\n\n<p>M\u00e1s calmo y abstra\u00eddo de la euforia que se adue\u00f1\u00f3 del estadio en Tortuguitas tras el discurso de Massa, el gobernador chubutense Mariano Arcioni advirti\u00f3 que \u201ctodav\u00eda faltan algunos d\u00edas para decidir el tema del candidato y, por eso, vamos a seguir trabajando y hablando con todos los sectores para lograr que haya una \u00fanica lista el 24\u201d de junio, fecha l\u00edmite para presentar las candidaturas.<\/p>\n\n\n\n<p>Durante el congreso, antes de las palabras del ministro de Econom\u00eda, se reprodujo un mensaje grabado del diputado nacional y titular del PJ bonaerense, M\u00e1ximo Kirchner, quien envi\u00f3 sus saludos a los \u00abcompa\u00f1eras y compa\u00f1eros de FR\u00bb.<\/p>\n\n\n\n<p>\u00abFelicidades y, como siempre, organizarse, discutir, debatir, trabajar, hay que organizar a la ciudadan\u00eda, nuestras vecinas y vecinos, porque la Argentina necesita de todas y de todos, y no puede darse el lujo de no construir una nueva oportunidad para su pueblo\u00bb, expres\u00f3 Kirchner en su mensaje.<\/p>\n\n\n\n<p>Tambi\u00e9n enviaron sus saludos los gobernadores Gustavo S\u00e1enz (Salta), Oscar Herrera Ahuad (Misiones), Rolando Figueroa (electo en Neuqu\u00e9n), Gustavo Melella (Tierra del Fuego) y Gustavo Bordet (Entre R\u00edos).<\/p>\n\n\n\n<p>Adem\u00e1s, el senador Alberto Weretilneck, el presidente del bloque del FdT, Germ\u00e1n Mart\u00ednez, los diputados Sergio Palazzo, H\u00e9ctor Barbaro, Luis Di Giacomo, Leopoldo Moreau, Hugo Yasky y Leandro Santoro, el embajador Ricardo Alfons\u00edn y los intendentes de Escobar, Ariel Sujarchuk, Cruz Alta, Agust\u00edn Gonz\u00e1lez, de Malvinas Argentinas, Leonardo Nardini y de Avellaneda, Jorge Ferraresi, entre otros dirigentes, tambi\u00e9n enviaron sus mensajes.<\/p>\n<div class=\"sharedaddy sd-sharing-enabled\"><div class=\"robots-nocontent sd-block sd-social sd-social-icon sd-sharing\"><h3 class=\"sd-title\">Comparte esto:<\/h3><div class=\"sd-content\"><ul><li class=\"share-twitter\"><a rel=\"nofollow noopener noreferrer\" data-shared=\"sharing-twitter-37209\" class=\"share-twitter sd-button share-icon no-text\" href=\"http:\/\/www.rtvnoticias.com.ar\/?p=37209&amp;share=twitter\" target=\"_blank\" title=\"Haz clic para compartir en Twitter\"><span><\/span><span class=\"sharing-screen-reader-text\">Haz clic para compartir en Twitter (Se abre en una ventana nueva)<\/span><\/a><\/li><li class=\"share-facebook\"><a rel=\"nofollow noopener noreferrer\" data-shared=\"sharing-facebook-37209\" class=\"share-facebook sd-button share-icon no-text\" href=\"http:\/\/www.rtvnoticias.com.ar\/?p=37209&amp;share=facebook\" target=\"_blank\" title=\"Haz clic para compartir en Facebook\"><span><\/span><span class=\"sharing-screen-reader-text\">Haz clic para compartir en Facebook (Se abre en una ventana nueva)<\/span><\/a><\/li><li class=\"share-jetpack-whatsapp\"><a rel=\"nofollow noopener noreferrer\" data-shared=\"\" class=\"share-jetpack-whatsapp sd-button share-icon no-text\" href=\"http:\/\/www.rtvnoticias.com.ar\/?p=37209&amp;share=jetpack-whatsapp\" target=\"_blank\" title=\"Haz clic para compartir en WhatsApp\"><span><\/span><span class=\"sharing-screen-reader-text\">Haz clic para compartir en WhatsApp (Se abre en una ventana nueva)<\/span><\/a><\/li><li class=\"share-telegram\"><a rel=\"nofollow noopener noreferrer\" data-shared=\"\" class=\"share-telegram sd-button share-icon no-text\" href=\"http:\/\/www.rtvnoticias.com.ar\/?p=37209&amp;share=telegram\" target=\"_blank\" title=\"Haz clic para compartir en Telegram\"><span><\/span><span class=\"sharing-screen-reader-text\">Haz clic para compartir en Telegram (Se abre en una ventana nueva)<\/span><\/a><\/li><li class=\"share-end\"><\/li><\/ul><\/div><\/div><\/div>","protected":false},"excerpt":{"rendered":"<p>El ministro de Econom\u00eda, Sergio Massa, asegur\u00f3 este s\u00e1bado que \u00abel mejor camino es la unidad\u00bb del Frente de Todos (FdT) para los comicios de<\/p>\n<div class=\"sharedaddy sd-sharing-enabled\"><div class=\"robots-nocontent sd-block sd-social sd-social-icon sd-sharing\"><h3 class=\"sd-title\">Comparte esto:<\/h3><div class=\"sd-content\"><ul><li class=\"share-twitter\"><a rel=\"nofollow noopener noreferrer\" data-shared=\"sharing-twitter-37209\" class=\"share-twitter sd-button share-icon no-text\" href=\"http:\/\/www.rtvnoticias.com.ar\/?p=37209&amp;share=twitter\" target=\"_blank\" title=\"Haz clic para compartir en Twitter\"><span><\/span><span class=\"sharing-screen-reader-text\">Haz clic para compartir en Twitter (Se abre en una ventana nueva)<\/span><\/a><\/li><li class=\"share-facebook\"><a rel=\"nofollow noopener noreferrer\" data-shared=\"sharing-facebook-37209\" class=\"share-facebook sd-button share-icon no-text\" href=\"http:\/\/www.rtvnoticias.com.ar\/?p=37209&amp;share=facebook\" target=\"_blank\" title=\"Haz clic para compartir en Facebook\"><span><\/span><span class=\"sharing-screen-reader-text\">Haz clic para compartir en Facebook (Se abre en una ventana nueva)<\/span><\/a><\/li><li class=\"share-jetpack-whatsapp\"><a rel=\"nofollow noopener noreferrer\" data-shared=\"\" class=\"share-jetpack-whatsapp sd-button share-icon no-text\" href=\"http:\/\/www.rtvnoticias.com.ar\/?p=37209&amp;share=jetpack-whatsapp\" target=\"_blank\" title=\"Haz clic para compartir en WhatsApp\"><span><\/span><span class=\"sharing-screen-reader-text\">Haz clic para compartir en WhatsApp (Se abre en una ventana nueva)<\/span><\/a><\/li><li class=\"share-telegram\"><a rel=\"nofollow noopener noreferrer\" data-shared=\"\" class=\"share-telegram sd-button share-icon no-text\" href=\"http:\/\/www.rtvnoticias.com.ar\/?p=37209&amp;share=telegram\" target=\"_blank\" title=\"Haz clic para compartir en Telegram\"><span><\/span><span class=\"sharing-screen-reader-text\">Haz clic para compartir en Telegram (Se abre en una ventana nueva)<\/span><\/a><\/li><li class=\"share-end\"><\/li><\/ul><\/div><\/div><\/div>","protected":false},"author":7,"featured_media":37210,"comment_status":"closed","ping_status":"closed","sticky":false,"template":"","format":"standard","meta":{"spay_email":"","jetpack_publicize_message":"","jetpack_is_tweetstorm":false,"jetpack_publicize_feature_enabled":true},"categories":[5],"tags":[],"jetpack_featured_media_url":"http:\/\/www.rtvnoticias.com.ar\/wp-content\/uploads\/2023\/06\/massa.jpg","jetpack_publicize_connections":[],"jetpack_sharing_enabled":true,"_links":{"self":[{"href":"http:\/\/www.rtvnoticias.com.ar\/index.php?rest_route=\/wp\/v2\/posts\/37209"}],"collection":[{"href":"http:\/\/www.rtvnoticias.com.ar\/index.php?rest_route=\/wp\/v2\/posts"}],"about":[{"href":"http:\/\/www.rtvnoticias.com.ar\/index.php?rest_route=\/wp\/v2\/types\/post"}],"author":[{"embeddable":true,"href":"http:\/\/www.rtvnoticias.com.ar\/index.php?rest_route=\/wp\/v2\/users\/7"}],"replies":[{"embeddable":true,"href":"http:\/\/www.rtvnoticias.com.ar\/index.php?rest_route=%2Fwp%2Fv2%2Fcomments&post=37209"}],"version-history":[{"count":1,"href":"http:\/\/www.rtvnoticias.com.ar\/index.php?rest_route=\/wp\/v2\/posts\/37209\/revisions"}],"predecessor-version":[{"id":37211,"href":"http:\/\/www.rtvnoticias.com.ar\/index.php?rest_route=\/wp\/v2\/posts\/37209\/revisions\/37211"}],"wp:featuredmedia":[{"embeddable":true,"href":"http:\/\/www.rtvnoticias.com.ar\/index.php?rest_route=\/wp\/v2\/media\/37210"}],"wp:attachment":[{"href":"http:\/\/www.rtvnoticias.com.ar\/index.php?rest_route=%2Fwp%2Fv2%2Fmedia&parent=37209"}],"wp:term":[{"taxonomy":"category","embeddable":true,"href":"http:\/\/www.rtvnoticias.com.ar\/index.php?rest_route=%2Fwp%2Fv2%2Fcategories&post=37209"},{"taxonomy":"post_tag","embeddable":true,"href":"http:\/\/www.rtvnoticias.com.ar\/index.php?rest_route=%2Fwp%2Fv2%2Ftags&post=37209"}],"curies":[{"name":"wp","href":"https:\/\/api.w.org\/{rel}","templated":true}]}}