{"id":37215,"date":"2023-06-11T00:25:30","date_gmt":"2023-06-11T03:25:30","guid":{"rendered":"http:\/\/www.rtvnoticias.com.ar\/?p=37215"},"modified":"2023-06-11T00:25:33","modified_gmt":"2023-06-11T03:25:33","slug":"sin-los-hermanos-rodriguez-saa-en-las-listas-san-luis-define-a-su-proximo-gobernador","status":"publish","type":"post","link":"http:\/\/www.rtvnoticias.com.ar\/?p=37215","title":{"rendered":"Sin los hermanos Rodr\u00edguez Sa\u00e1 en las listas, San Luis define a su pr\u00f3ximo gobernador"},"content":{"rendered":"\n<p>La provincia de San Luis elegir\u00e1 este domingo gobernador y vice, senadores y diputados provinciales, intendentes municipales y concejales, con ley de lemas y con la particularidad de que el apellido Rodr\u00edguez Sa\u00e1 no estar\u00e1 en ninguna de las boletas.<\/p>\n\n\n\n<p>Si bien los hermanos Alberto y Adolfo Rodr\u00edguez Sa\u00e1 no estar\u00e1n al frente de ninguna boleta pero jugar\u00e1n a favor de las dos principales coaliciones.<\/p>\n\n\n\n<p>El oficialista Uni\u00f3n por San Luis, con el apoyo del gobernador Alberto Rodr\u00edguez Sa\u00e1, tendr\u00e1 como sublema principal a \u00abCeleste unidad\u00bb, que presenta la f\u00f3rmula conformada por el ex juez del Superior Tribunal de Justicia puntana Jorge Fern\u00e1ndez junto a la senadora nacional Eugenia Catalfamo para gobernador y vice, respectivamente.<\/p>\n\n\n\n<p>Por este espacio, tambi\u00e9n se presentan Mariela Cros con el sublema \u00abMovimiento Evita, Tierra, Techo y Trabajo\u00bb; el actual ministro de Producci\u00f3n, Marcelo Amitrano, con \u00abBlanca Azul y Blanca\u00bb; y Diego Gonz\u00e1lez, con \u00abModelo Productivo\u00bb. Todos esos sublemas terminan sumando para el frente oficialista.<\/p>\n\n\n\n<p>De la vereda de enfrente est\u00e1 \u00abCambia San Luis\u00bb, apoyado por Adolfo Rodr\u00edguez Sa\u00e1, y cuyo sublema principal \u00abAvanzar\u00bb estar\u00e1 representado por el diputado nacional Claudio Poggi y por el abogado Ricardo Endeiza como candidatos a gobernador y vice.<\/p>\n\n\n\n<p>En este mismo frente opositor, el sublema \u00abEncuentro Multisectorial\u00bb presentar\u00e1 a Eduardo Mones Ruiz como candidato a gobernador, acompa\u00f1ado por Marcelo Rodas para vice.<\/p>\n\n\n\n<p>Por primera vez en 40 a\u00f1os de democracia, la izquierda presentar\u00e1 candidatos para los principales cargos de la provincia de San Luis.<\/p>\n\n\n\n<p>El Frente de Izquierda y de los Trabajadores llevar\u00e1 como principales candidatos a Johana Anah\u00ed Gomez y Dario Iv\u00e1n Amado para gobernadora y vicegobernador, respectivamente.<\/p>\n\n\n\n<p>Adem\u00e1s de la dupla que gobernar\u00e1 la provincia por los pr\u00f3ximos cuatro a\u00f1os, San Luis renovar\u00e1 cinco bancas de senadores y 21 de diputados provinciales, sumado a 17 intendencias, 38 comisionados municipales y m\u00e1s de 70 cargos de concejales.<\/p>\n\n\n\n<p>La provincia puntana es una de las ocho que este a\u00f1o renovar\u00e1 bancas para el Senado de la Naci\u00f3n y la C\u00e1mara de Diputados de la Naci\u00f3n en la misma fecha que las presidenciales.<\/p>\n<div class=\"sharedaddy sd-sharing-enabled\"><div class=\"robots-nocontent sd-block sd-social sd-social-icon sd-sharing\"><h3 class=\"sd-title\">Comparte esto:<\/h3><div class=\"sd-content\"><ul><li class=\"share-twitter\"><a rel=\"nofollow noopener noreferrer\" data-shared=\"sharing-twitter-37215\" class=\"share-twitter sd-button share-icon no-text\" href=\"http:\/\/www.rtvnoticias.com.ar\/?p=37215&amp;share=twitter\" target=\"_blank\" title=\"Haz clic para compartir en Twitter\"><span><\/span><span class=\"sharing-screen-reader-text\">Haz clic para compartir en Twitter (Se abre en una ventana nueva)<\/span><\/a><\/li><li class=\"share-facebook\"><a rel=\"nofollow noopener noreferrer\" data-shared=\"sharing-facebook-37215\" class=\"share-facebook sd-button share-icon no-text\" href=\"http:\/\/www.rtvnoticias.com.ar\/?p=37215&amp;share=facebook\" target=\"_blank\" title=\"Haz clic para compartir en Facebook\"><span><\/span><span class=\"sharing-screen-reader-text\">Haz clic para compartir en Facebook (Se abre en una ventana nueva)<\/span><\/a><\/li><li class=\"share-jetpack-whatsapp\"><a rel=\"nofollow noopener noreferrer\" data-shared=\"\" class=\"share-jetpack-whatsapp sd-button share-icon no-text\" href=\"http:\/\/www.rtvnoticias.com.ar\/?p=37215&amp;share=jetpack-whatsapp\" target=\"_blank\" title=\"Haz clic para compartir en WhatsApp\"><span><\/span><span class=\"sharing-screen-reader-text\">Haz clic para compartir en WhatsApp (Se abre en una ventana nueva)<\/span><\/a><\/li><li class=\"share-telegram\"><a rel=\"nofollow noopener noreferrer\" data-shared=\"\" class=\"share-telegram sd-button share-icon no-text\" href=\"http:\/\/www.rtvnoticias.com.ar\/?p=37215&amp;share=telegram\" target=\"_blank\" title=\"Haz clic para compartir en Telegram\"><span><\/span><span class=\"sharing-screen-reader-text\">Haz clic para compartir en Telegram (Se abre en una ventana nueva)<\/span><\/a><\/li><li class=\"share-end\"><\/li><\/ul><\/div><\/div><\/div>","protected":false},"excerpt":{"rendered":"<p>La provincia de San Luis elegir\u00e1 este domingo gobernador y vice, senadores y diputados provinciales, intendentes municipales y concejales, con ley de lemas y con<\/p>\n<div class=\"sharedaddy sd-sharing-enabled\"><div class=\"robots-nocontent sd-block sd-social sd-social-icon sd-sharing\"><h3 class=\"sd-title\">Comparte esto:<\/h3><div class=\"sd-content\"><ul><li class=\"share-twitter\"><a rel=\"nofollow noopener noreferrer\" data-shared=\"sharing-twitter-37215\" class=\"share-twitter sd-button share-icon no-text\" href=\"http:\/\/www.rtvnoticias.com.ar\/?p=37215&amp;share=twitter\" target=\"_blank\" title=\"Haz clic para compartir en Twitter\"><span><\/span><span class=\"sharing-screen-reader-text\">Haz clic para compartir en Twitter (Se abre en una ventana nueva)<\/span><\/a><\/li><li class=\"share-facebook\"><a rel=\"nofollow noopener noreferrer\" data-shared=\"sharing-facebook-37215\" class=\"share-facebook sd-button share-icon no-text\" href=\"http:\/\/www.rtvnoticias.com.ar\/?p=37215&amp;share=facebook\" target=\"_blank\" title=\"Haz clic para compartir en Facebook\"><span><\/span><span class=\"sharing-screen-reader-text\">Haz clic para compartir en Facebook (Se abre en una ventana nueva)<\/span><\/a><\/li><li class=\"share-jetpack-whatsapp\"><a rel=\"nofollow noopener noreferrer\" data-shared=\"\" class=\"share-jetpack-whatsapp sd-button share-icon no-text\" href=\"http:\/\/www.rtvnoticias.com.ar\/?p=37215&amp;share=jetpack-whatsapp\" target=\"_blank\" title=\"Haz clic para compartir en WhatsApp\"><span><\/span><span class=\"sharing-screen-reader-text\">Haz clic para compartir en WhatsApp (Se abre en una ventana nueva)<\/span><\/a><\/li><li class=\"share-telegram\"><a rel=\"nofollow noopener noreferrer\" data-shared=\"\" class=\"share-telegram sd-button share-icon no-text\" href=\"http:\/\/www.rtvnoticias.com.ar\/?p=37215&amp;share=telegram\" target=\"_blank\" title=\"Haz clic para compartir en Telegram\"><span><\/span><span class=\"sharing-screen-reader-text\">Haz clic para compartir en Telegram (Se abre en una ventana nueva)<\/span><\/a><\/li><li class=\"share-end\"><\/li><\/ul><\/div><\/div><\/div>","protected":false},"author":7,"featured_media":37216,"comment_status":"closed","ping_status":"closed","sticky":false,"template":"","format":"standard","meta":{"spay_email":"","jetpack_publicize_message":"","jetpack_is_tweetstorm":false,"jetpack_publicize_feature_enabled":true},"categories":[5],"tags":[],"jetpack_featured_media_url":"http:\/\/www.rtvnoticias.com.ar\/wp-content\/uploads\/2023\/06\/elecciones-san-luis.jpg","jetpack_publicize_connections":[],"jetpack_sharing_enabled":true,"_links":{"self":[{"href":"http:\/\/www.rtvnoticias.com.ar\/index.php?rest_route=\/wp\/v2\/posts\/37215"}],"collection":[{"href":"http:\/\/www.rtvnoticias.com.ar\/index.php?rest_route=\/wp\/v2\/posts"}],"about":[{"href":"http:\/\/www.rtvnoticias.com.ar\/index.php?rest_route=\/wp\/v2\/types\/post"}],"author":[{"embeddable":true,"href":"http:\/\/www.rtvnoticias.com.ar\/index.php?rest_route=\/wp\/v2\/users\/7"}],"replies":[{"embeddable":true,"href":"http:\/\/www.rtvnoticias.com.ar\/index.php?rest_route=%2Fwp%2Fv2%2Fcomments&post=37215"}],"version-history":[{"count":1,"href":"http:\/\/www.rtvnoticias.com.ar\/index.php?rest_route=\/wp\/v2\/posts\/37215\/revisions"}],"predecessor-version":[{"id":37217,"href":"http:\/\/www.rtvnoticias.com.ar\/index.php?rest_route=\/wp\/v2\/posts\/37215\/revisions\/37217"}],"wp:featuredmedia":[{"embeddable":true,"href":"http:\/\/www.rtvnoticias.com.ar\/index.php?rest_route=\/wp\/v2\/media\/37216"}],"wp:attachment":[{"href":"http:\/\/www.rtvnoticias.com.ar\/index.php?rest_route=%2Fwp%2Fv2%2Fmedia&parent=37215"}],"wp:term":[{"taxonomy":"category","embeddable":true,"href":"http:\/\/www.rtvnoticias.com.ar\/index.php?rest_route=%2Fwp%2Fv2%2Fcategories&post=37215"},{"taxonomy":"post_tag","embeddable":true,"href":"http:\/\/www.rtvnoticias.com.ar\/index.php?rest_route=%2Fwp%2Fv2%2Ftags&post=37215"}],"curies":[{"name":"wp","href":"https:\/\/api.w.org\/{rel}","templated":true}]}}