{"id":37218,"date":"2023-06-11T00:30:17","date_gmt":"2023-06-11T03:30:17","guid":{"rendered":"http:\/\/www.rtvnoticias.com.ar\/?p=37218"},"modified":"2023-06-11T00:30:20","modified_gmt":"2023-06-11T03:30:20","slug":"tras-la-suspension-tucuman-elige-a-su-gobernador-y-el-pj-busca-retener-el-poder","status":"publish","type":"post","link":"http:\/\/www.rtvnoticias.com.ar\/?p=37218","title":{"rendered":"Tras la suspensi\u00f3n, Tucum\u00e1n elige a su gobernador y el PJ busca retener el poder"},"content":{"rendered":"\n<p class=\"has-text-align-center\"><strong>Osvaldo Jaldo busca conservar la gobernaci\u00f3n por el oficialismo. Juntos por el Cambio presenta a Roberto S\u00e1nchez y Javier Milei acompa\u00f1a a Ricardo Buzzi.<\/strong><\/p>\n\n\n\n<p>La provincia de Tucum\u00e1n elegir\u00e1 este domingo gobernador, vicegobernador, 49 legisladores provinciales, 19 intendentes, concejales de cada una de sus ciudades y 93 comisionados rurales, luego de que se suspendiera la primera fecha de elecciones por una decisi\u00f3n de la Corte Suprema.<\/p>\n\n\n\n<p>Tras la impugnaci\u00f3n de la candidatura de Juan Manzur, que ante la suspensi\u00f3n de los comicios decidi\u00f3 bajarse, el peronismo intentar\u00e1 hacer valer su favoritismo con Osvaldo Jaldo al frente de la boleta.<\/p>\n\n\n\n<p>Siendo el sexto distrito electoral m\u00e1s grande del pa\u00eds con el 3,7% del padr\u00f3n, Tucum\u00e1n utiliza el sistema de \u00abacoples\u00bb incorporado a la Constituci\u00f3n en la reforma de 2006.<\/p>\n\n\n\n<p>Las elecciones iban a realizarse el 14 de mayo pasado, pero una medida cautelar de la Corte Suprema dej\u00f3 en suspenso los comicios al hacer lugar a una cautelar contra la postulaci\u00f3n del gobernador Manzur, que iba a presentarse como compa\u00f1ero de f\u00f3rmula de su actual vice, Jaldo.<\/p>\n\n\n\n<p>Finalmente, el mandatario se corri\u00f3 de la boleta y dej\u00f3 en su lugar al ministro de Interior tucumano, Miguel Acevedo, para competir el 11 de junio, la fecha a la cual fue reprogramada la elecci\u00f3n.<\/p>\n\n\n\n<p>Pese al desplazamiento de Manzur, el Frente de Todos corre como favorito. De ganar, el peronismo prolongar\u00e1 la hegemon\u00eda pol\u00edtica que ejerce en Tucum\u00e1n, donde gobierna desde 1983, a excepci\u00f3n de un solo mandato democr\u00e1tico entre 1995 y 1999 que estuvo a cargo del ex represor Antonio Bussi (quien ya hab\u00eda gobernado la provincia entre 1976 y 1977, pero como interventor de facto).<\/p>\n\n\n\n<p><br>El rival m\u00e1s competitivo que encontrar\u00e1 el Frente de Todos en las urnas ser\u00e1 Juntos por el Cambio, que competir\u00e1 con la f\u00f3rmula encabezada por el diputado nacional de la UCR y ex intendente de Concepci\u00f3n Roberto S\u00e1nchez, que ser\u00e1 secundado por el intendente de San Miguel de Tucum\u00e1n, Germ\u00e1n Alfaro.<\/p>\n\n\n\n<p>El ex presidente Mauricio Macri estuvo en Tucum\u00e1n la semana pasada junto a sus postulantes y lo mismo hizo el jefe de Gobierno porte\u00f1o, Horacio Rodr\u00edguez Larreta, este jueves para el cierre de campa\u00f1a.<\/p>\n\n\n\n<p>El liberalismo de Javier Milei tendr\u00e1 una participaci\u00f3n distinguida en esta elecci\u00f3n de la mano de Ricardo Bussi, hijo del ex represor, quien liderar\u00e1 la boleta del sello Fuerza Republicana (el partido fundado por el fallecido Bussi padre) en el marco de una f\u00f3rmula junto al legislador provincial Gerardo Huesen.<\/p>\n\n\n\n<p>El resto de las fuerzas pol\u00edticas que estar\u00e1n en el cuarto oscuro ser\u00e1n el Frente Amplio por Tucum\u00e1n (Federico Masso-Florencia Guerra), el Frente de Izquierda (Mart\u00edn Correa y Alejandra Arreguez), Pol\u00edtica Obrera (Raquel Grassino y Luis Toranzo), y Nos Une el Cambio (Juan Coria y Liliana Guzm\u00e1n).<\/p>\n<div class=\"sharedaddy sd-sharing-enabled\"><div class=\"robots-nocontent sd-block sd-social sd-social-icon sd-sharing\"><h3 class=\"sd-title\">Comparte esto:<\/h3><div class=\"sd-content\"><ul><li class=\"share-twitter\"><a rel=\"nofollow noopener noreferrer\" data-shared=\"sharing-twitter-37218\" class=\"share-twitter sd-button share-icon no-text\" href=\"http:\/\/www.rtvnoticias.com.ar\/?p=37218&amp;share=twitter\" target=\"_blank\" title=\"Haz clic para compartir en Twitter\"><span><\/span><span class=\"sharing-screen-reader-text\">Haz clic para compartir en Twitter (Se abre en una ventana nueva)<\/span><\/a><\/li><li class=\"share-facebook\"><a rel=\"nofollow noopener noreferrer\" data-shared=\"sharing-facebook-37218\" class=\"share-facebook sd-button share-icon no-text\" href=\"http:\/\/www.rtvnoticias.com.ar\/?p=37218&amp;share=facebook\" target=\"_blank\" title=\"Haz clic para compartir en Facebook\"><span><\/span><span class=\"sharing-screen-reader-text\">Haz clic para compartir en Facebook (Se abre en una ventana nueva)<\/span><\/a><\/li><li class=\"share-jetpack-whatsapp\"><a rel=\"nofollow noopener noreferrer\" data-shared=\"\" class=\"share-jetpack-whatsapp sd-button share-icon no-text\" href=\"http:\/\/www.rtvnoticias.com.ar\/?p=37218&amp;share=jetpack-whatsapp\" target=\"_blank\" title=\"Haz clic para compartir en WhatsApp\"><span><\/span><span class=\"sharing-screen-reader-text\">Haz clic para compartir en WhatsApp (Se abre en una ventana nueva)<\/span><\/a><\/li><li class=\"share-telegram\"><a rel=\"nofollow noopener noreferrer\" data-shared=\"\" class=\"share-telegram sd-button share-icon no-text\" href=\"http:\/\/www.rtvnoticias.com.ar\/?p=37218&amp;share=telegram\" target=\"_blank\" title=\"Haz clic para compartir en Telegram\"><span><\/span><span class=\"sharing-screen-reader-text\">Haz clic para compartir en Telegram (Se abre en una ventana nueva)<\/span><\/a><\/li><li class=\"share-end\"><\/li><\/ul><\/div><\/div><\/div>","protected":false},"excerpt":{"rendered":"<p>Osvaldo Jaldo busca conservar la gobernaci\u00f3n por el oficialismo. Juntos por el Cambio presenta a Roberto S\u00e1nchez y Javier Milei acompa\u00f1a a Ricardo Buzzi. La<\/p>\n<div class=\"sharedaddy sd-sharing-enabled\"><div class=\"robots-nocontent sd-block sd-social sd-social-icon sd-sharing\"><h3 class=\"sd-title\">Comparte esto:<\/h3><div class=\"sd-content\"><ul><li class=\"share-twitter\"><a rel=\"nofollow noopener noreferrer\" data-shared=\"sharing-twitter-37218\" class=\"share-twitter sd-button share-icon no-text\" href=\"http:\/\/www.rtvnoticias.com.ar\/?p=37218&amp;share=twitter\" target=\"_blank\" title=\"Haz clic para compartir en Twitter\"><span><\/span><span class=\"sharing-screen-reader-text\">Haz clic para compartir en Twitter (Se abre en una ventana nueva)<\/span><\/a><\/li><li class=\"share-facebook\"><a rel=\"nofollow noopener noreferrer\" data-shared=\"sharing-facebook-37218\" class=\"share-facebook sd-button share-icon no-text\" href=\"http:\/\/www.rtvnoticias.com.ar\/?p=37218&amp;share=facebook\" target=\"_blank\" title=\"Haz clic para compartir en Facebook\"><span><\/span><span class=\"sharing-screen-reader-text\">Haz clic para compartir en Facebook (Se abre en una ventana nueva)<\/span><\/a><\/li><li class=\"share-jetpack-whatsapp\"><a rel=\"nofollow noopener noreferrer\" data-shared=\"\" class=\"share-jetpack-whatsapp sd-button share-icon no-text\" href=\"http:\/\/www.rtvnoticias.com.ar\/?p=37218&amp;share=jetpack-whatsapp\" target=\"_blank\" title=\"Haz clic para compartir en WhatsApp\"><span><\/span><span class=\"sharing-screen-reader-text\">Haz clic para compartir en WhatsApp (Se abre en una ventana nueva)<\/span><\/a><\/li><li class=\"share-telegram\"><a rel=\"nofollow noopener noreferrer\" data-shared=\"\" class=\"share-telegram sd-button share-icon no-text\" href=\"http:\/\/www.rtvnoticias.com.ar\/?p=37218&amp;share=telegram\" target=\"_blank\" title=\"Haz clic para compartir en Telegram\"><span><\/span><span class=\"sharing-screen-reader-text\">Haz clic para compartir en Telegram (Se abre en una ventana nueva)<\/span><\/a><\/li><li class=\"share-end\"><\/li><\/ul><\/div><\/div><\/div>","protected":false},"author":7,"featured_media":37220,"comment_status":"closed","ping_status":"closed","sticky":false,"template":"","format":"standard","meta":{"spay_email":"","jetpack_publicize_message":"","jetpack_is_tweetstorm":false,"jetpack_publicize_feature_enabled":true},"categories":[5],"tags":[],"jetpack_featured_media_url":"http:\/\/www.rtvnoticias.com.ar\/wp-content\/uploads\/2023\/06\/elecciones-tucuman.jpg","jetpack_publicize_connections":[],"jetpack_sharing_enabled":true,"_links":{"self":[{"href":"http:\/\/www.rtvnoticias.com.ar\/index.php?rest_route=\/wp\/v2\/posts\/37218"}],"collection":[{"href":"http:\/\/www.rtvnoticias.com.ar\/index.php?rest_route=\/wp\/v2\/posts"}],"about":[{"href":"http:\/\/www.rtvnoticias.com.ar\/index.php?rest_route=\/wp\/v2\/types\/post"}],"author":[{"embeddable":true,"href":"http:\/\/www.rtvnoticias.com.ar\/index.php?rest_route=\/wp\/v2\/users\/7"}],"replies":[{"embeddable":true,"href":"http:\/\/www.rtvnoticias.com.ar\/index.php?rest_route=%2Fwp%2Fv2%2Fcomments&post=37218"}],"version-history":[{"count":1,"href":"http:\/\/www.rtvnoticias.com.ar\/index.php?rest_route=\/wp\/v2\/posts\/37218\/revisions"}],"predecessor-version":[{"id":37221,"href":"http:\/\/www.rtvnoticias.com.ar\/index.php?rest_route=\/wp\/v2\/posts\/37218\/revisions\/37221"}],"wp:featuredmedia":[{"embeddable":true,"href":"http:\/\/www.rtvnoticias.com.ar\/index.php?rest_route=\/wp\/v2\/media\/37220"}],"wp:attachment":[{"href":"http:\/\/www.rtvnoticias.com.ar\/index.php?rest_route=%2Fwp%2Fv2%2Fmedia&parent=37218"}],"wp:term":[{"taxonomy":"category","embeddable":true,"href":"http:\/\/www.rtvnoticias.com.ar\/index.php?rest_route=%2Fwp%2Fv2%2Fcategories&post=37218"},{"taxonomy":"post_tag","embeddable":true,"href":"http:\/\/www.rtvnoticias.com.ar\/index.php?rest_route=%2Fwp%2Fv2%2Ftags&post=37218"}],"curies":[{"name":"wp","href":"https:\/\/api.w.org\/{rel}","templated":true}]}}