{"id":37226,"date":"2023-06-11T00:53:05","date_gmt":"2023-06-11T03:53:05","guid":{"rendered":"http:\/\/www.rtvnoticias.com.ar\/?p=37226"},"modified":"2023-06-11T00:53:07","modified_gmt":"2023-06-11T03:53:07","slug":"murio-en-prision-el-unabomber-el-atacante-que-aterrorizo-a-eeuu-con-cartas-bomba","status":"publish","type":"post","link":"http:\/\/www.rtvnoticias.com.ar\/?p=37226","title":{"rendered":"Muri\u00f3 en prisi\u00f3n el Unabomber, el atacante que aterroriz\u00f3 a EEUU con cartas bomba"},"content":{"rendered":"\n<p>Ted Kaczynski, de 81 a\u00f1os, fue encontrado muerto en su celda en una c\u00e1rcel de Carolina del Norte, donde hab\u00eda sido trasladado en 2021 desde una prisi\u00f3n de m\u00e1xima seguridad por problemas de salud.<\/p>\n\n\n\n<p>Ted Kaczynski, conocido como el Unabomber por aterrorizar a Estados Unidos durante d\u00e9cadas al mandar una serie de cartas bomba que dejaron tres muertos y 23 heridos, muri\u00f3 a los 81 a\u00f1os en prisi\u00f3n.<\/p>\n\n\n\n<p>Kaczynski, un matem\u00e1tico graduado de Harvard, fue encontrado muerto este s\u00e1bado en su celda en una c\u00e1rcel de Carolina del Norte, donde hab\u00eda sido trasladado en 2021 desde una prisi\u00f3n de m\u00e1xima seguridad por problemas de salud, inform\u00f3 la cadena NBC News.<\/p>\n\n\n\n<p>Desde 1978 y durante 18 a\u00f1os hab\u00eda enviado 16 bombas escondidas en paquetes postales a diversas personas y empresas.<\/p>\n\n\n\n<p>Despu\u00e9s de una larga cacer\u00eda policial, fue arrestado en 1996 y condenado a cadena perpetua en 1998.<\/p>\n\n\n\n<p>Las bombas de fabricaci\u00f3n casera que Kaczynski mand\u00f3 por correo, entre ellas una que explot\u00f3 en un vuelo debido a la altitud, modificaron la forma en que los estadounidenses enviaban paquete y embarcaban en los aviones.<\/p>\n\n\n\n<p>El FBI lo llam\u00f3 Unabomber porque en principio cre\u00eda que su objetivo eran las universidades y las aerol\u00edneas.<\/p>\n\n\n\n<p>El matem\u00e1tico no conoc\u00eda a ninguna de sus v\u00edctimas y, hasta que fue capturado en medio de las monta\u00f1as en Montana en 1996, desconcert\u00f3 a las fuerzas de seguridad y gener\u00f3 inquietud en la poblaci\u00f3n al perpetrar ataques aparentemente aleatorios en todo el pa\u00eds.<\/p>\n<div class=\"sharedaddy sd-sharing-enabled\"><div class=\"robots-nocontent sd-block sd-social sd-social-icon sd-sharing\"><h3 class=\"sd-title\">Comparte esto:<\/h3><div class=\"sd-content\"><ul><li class=\"share-twitter\"><a rel=\"nofollow noopener noreferrer\" data-shared=\"sharing-twitter-37226\" class=\"share-twitter sd-button share-icon no-text\" href=\"http:\/\/www.rtvnoticias.com.ar\/?p=37226&amp;share=twitter\" target=\"_blank\" title=\"Haz clic para compartir en Twitter\"><span><\/span><span class=\"sharing-screen-reader-text\">Haz clic para compartir en Twitter (Se abre en una ventana nueva)<\/span><\/a><\/li><li class=\"share-facebook\"><a rel=\"nofollow noopener noreferrer\" data-shared=\"sharing-facebook-37226\" class=\"share-facebook sd-button share-icon no-text\" href=\"http:\/\/www.rtvnoticias.com.ar\/?p=37226&amp;share=facebook\" target=\"_blank\" title=\"Haz clic para compartir en Facebook\"><span><\/span><span class=\"sharing-screen-reader-text\">Haz clic para compartir en Facebook (Se abre en una ventana nueva)<\/span><\/a><\/li><li class=\"share-jetpack-whatsapp\"><a rel=\"nofollow noopener noreferrer\" data-shared=\"\" class=\"share-jetpack-whatsapp sd-button share-icon no-text\" href=\"http:\/\/www.rtvnoticias.com.ar\/?p=37226&amp;share=jetpack-whatsapp\" target=\"_blank\" title=\"Haz clic para compartir en WhatsApp\"><span><\/span><span class=\"sharing-screen-reader-text\">Haz clic para compartir en WhatsApp (Se abre en una ventana nueva)<\/span><\/a><\/li><li class=\"share-telegram\"><a rel=\"nofollow noopener noreferrer\" data-shared=\"\" class=\"share-telegram sd-button share-icon no-text\" href=\"http:\/\/www.rtvnoticias.com.ar\/?p=37226&amp;share=telegram\" target=\"_blank\" title=\"Haz clic para compartir en Telegram\"><span><\/span><span class=\"sharing-screen-reader-text\">Haz clic para compartir en Telegram (Se abre en una ventana nueva)<\/span><\/a><\/li><li class=\"share-end\"><\/li><\/ul><\/div><\/div><\/div>","protected":false},"excerpt":{"rendered":"<p>Ted Kaczynski, de 81 a\u00f1os, fue encontrado muerto en su celda en una c\u00e1rcel de Carolina del Norte, donde hab\u00eda sido trasladado en 2021 desde<\/p>\n<div class=\"sharedaddy sd-sharing-enabled\"><div class=\"robots-nocontent sd-block sd-social sd-social-icon sd-sharing\"><h3 class=\"sd-title\">Comparte esto:<\/h3><div class=\"sd-content\"><ul><li class=\"share-twitter\"><a rel=\"nofollow noopener noreferrer\" data-shared=\"sharing-twitter-37226\" class=\"share-twitter sd-button share-icon no-text\" href=\"http:\/\/www.rtvnoticias.com.ar\/?p=37226&amp;share=twitter\" target=\"_blank\" title=\"Haz clic para compartir en Twitter\"><span><\/span><span class=\"sharing-screen-reader-text\">Haz clic para compartir en Twitter (Se abre en una ventana nueva)<\/span><\/a><\/li><li class=\"share-facebook\"><a rel=\"nofollow noopener noreferrer\" data-shared=\"sharing-facebook-37226\" class=\"share-facebook sd-button share-icon no-text\" href=\"http:\/\/www.rtvnoticias.com.ar\/?p=37226&amp;share=facebook\" target=\"_blank\" title=\"Haz clic para compartir en Facebook\"><span><\/span><span class=\"sharing-screen-reader-text\">Haz clic para compartir en Facebook (Se abre en una ventana nueva)<\/span><\/a><\/li><li class=\"share-jetpack-whatsapp\"><a rel=\"nofollow noopener noreferrer\" data-shared=\"\" class=\"share-jetpack-whatsapp sd-button share-icon no-text\" href=\"http:\/\/www.rtvnoticias.com.ar\/?p=37226&amp;share=jetpack-whatsapp\" target=\"_blank\" title=\"Haz clic para compartir en WhatsApp\"><span><\/span><span class=\"sharing-screen-reader-text\">Haz clic para compartir en WhatsApp (Se abre en una ventana nueva)<\/span><\/a><\/li><li class=\"share-telegram\"><a rel=\"nofollow noopener noreferrer\" data-shared=\"\" class=\"share-telegram sd-button share-icon no-text\" href=\"http:\/\/www.rtvnoticias.com.ar\/?p=37226&amp;share=telegram\" target=\"_blank\" title=\"Haz clic para compartir en Telegram\"><span><\/span><span class=\"sharing-screen-reader-text\">Haz clic para compartir en Telegram (Se abre en una ventana nueva)<\/span><\/a><\/li><li class=\"share-end\"><\/li><\/ul><\/div><\/div><\/div>","protected":false},"author":7,"featured_media":37227,"comment_status":"closed","ping_status":"closed","sticky":false,"template":"","format":"standard","meta":{"spay_email":"","jetpack_publicize_message":"","jetpack_is_tweetstorm":false,"jetpack_publicize_feature_enabled":true},"categories":[7],"tags":[],"jetpack_featured_media_url":"http:\/\/www.rtvnoticias.com.ar\/wp-content\/uploads\/2023\/06\/unabomber.jpg","jetpack_publicize_connections":[],"jetpack_sharing_enabled":true,"_links":{"self":[{"href":"http:\/\/www.rtvnoticias.com.ar\/index.php?rest_route=\/wp\/v2\/posts\/37226"}],"collection":[{"href":"http:\/\/www.rtvnoticias.com.ar\/index.php?rest_route=\/wp\/v2\/posts"}],"about":[{"href":"http:\/\/www.rtvnoticias.com.ar\/index.php?rest_route=\/wp\/v2\/types\/post"}],"author":[{"embeddable":true,"href":"http:\/\/www.rtvnoticias.com.ar\/index.php?rest_route=\/wp\/v2\/users\/7"}],"replies":[{"embeddable":true,"href":"http:\/\/www.rtvnoticias.com.ar\/index.php?rest_route=%2Fwp%2Fv2%2Fcomments&post=37226"}],"version-history":[{"count":1,"href":"http:\/\/www.rtvnoticias.com.ar\/index.php?rest_route=\/wp\/v2\/posts\/37226\/revisions"}],"predecessor-version":[{"id":37228,"href":"http:\/\/www.rtvnoticias.com.ar\/index.php?rest_route=\/wp\/v2\/posts\/37226\/revisions\/37228"}],"wp:featuredmedia":[{"embeddable":true,"href":"http:\/\/www.rtvnoticias.com.ar\/index.php?rest_route=\/wp\/v2\/media\/37227"}],"wp:attachment":[{"href":"http:\/\/www.rtvnoticias.com.ar\/index.php?rest_route=%2Fwp%2Fv2%2Fmedia&parent=37226"}],"wp:term":[{"taxonomy":"category","embeddable":true,"href":"http:\/\/www.rtvnoticias.com.ar\/index.php?rest_route=%2Fwp%2Fv2%2Fcategories&post=37226"},{"taxonomy":"post_tag","embeddable":true,"href":"http:\/\/www.rtvnoticias.com.ar\/index.php?rest_route=%2Fwp%2Fv2%2Ftags&post=37226"}],"curies":[{"name":"wp","href":"https:\/\/api.w.org\/{rel}","templated":true}]}}