{"id":37233,"date":"2023-06-12T08:26:14","date_gmt":"2023-06-12T11:26:14","guid":{"rendered":"http:\/\/www.rtvnoticias.com.ar\/?p=37233"},"modified":"2023-06-12T08:26:17","modified_gmt":"2023-06-12T11:26:17","slug":"contundente-triunfo-del-frente-de-todos-en-tucuman-jaldo-sera-el-gobernador","status":"publish","type":"post","link":"http:\/\/www.rtvnoticias.com.ar\/?p=37233","title":{"rendered":"Contundente triunfo del Frente de Todos en Tucum\u00e1n: Jaldo ser\u00e1 el gobernador"},"content":{"rendered":"\n<p>El Frente de Todos logr\u00f3 una victoria aplastante sobre Juntos por el Cambio con la candidatura a gobernador del actual vice, Osvaldo Jaldo, en un resultado rotundo que extiende la hegemon\u00eda del peronismo en la provincia del noroeste argentino.<\/p>\n\n\n\n<p>De esta manera, el actual mandatario Juan Manzur se asegura la sucesi\u00f3n con un hombre de su ri\u00f1\u00f3n luego de la resoluci\u00f3n de la Corte Suprema que lo dej\u00f3 fuera de carrera como candidato a vicegobernador.<\/p>\n\n\n\n<p>Con el 16% de las mesas escrutadas, la f\u00f3rmula oficialista de Jaldo obten\u00eda casi el 65% de los votos, dejando muy lejos a Juntos por el Cambio con el 28%.<\/p>\n\n\n\n<p>\u00abEstamos ganando la provincia de Tucum\u00e1n y tenemos un nuevo gobernador peronista. El peronismo una vez m\u00e1s vuelve a ganar por amplio margen la provincia de Tucum\u00e1n\u00bb, areng\u00f3 Manzur en conferencia de prensa desde el b\u00fanker del Frente de Todos.<\/p>\n\n\n\n<p>\u00abGracias a cada uno de los tucumanos que primero concurrieron a votar, que fue m\u00e1s del 80%. Segundo agradecerles a a cada uno de los militantes que en cada uno de los rincones de la provincia nos han venido acompa\u00f1ando\u00bb, expres\u00f3 Jaldo.<\/p>\n\n\n\n<p>\u00abPor una diferencia m\u00e1s que importante estamos ganando la provincia de Tucum\u00e1n. Ha sido una campa\u00f1a con mucho sacrificio del Frente de Todos, cuya columna vertebral es el Partido Justicialista\u00bb, sigui\u00f3 el flamante gobernador electo, que agradeci\u00f3 a Manzur por \u00abponerse al frente de la campa\u00f1a\u00bb.<\/p>\n\n\n\n<p>Juntos por el Cambio llegaba a la competencia con el binomio integrado por el diputado nacional de la UCR y ex intendente de Concepci\u00f3n Roberto S\u00e1nchez, y el intendente de San Miguel de Tucum\u00e1n, Germ\u00e1n Alfaro.<\/p>\n\n\n\n<p>El ex presidente Mauricio Macri hab\u00eda estado en Tucum\u00e1n la semana pasada junto a sus postulantes y lo mismo hab\u00eda hecho el jefe de Gobierno porte\u00f1o, Horacio Rodr\u00edguez Larreta, el jueves pasado para el cierre de campa\u00f1a. Sin embargo, ese apoyo nacional no alcanz\u00f3 para empujar demasiado la intenci\u00f3n de voto de los candidatos provinciales de Juntos por el Cambio, a la vista de los resultados.<\/p>\n\n\n\n<p>El liberalismo de Javier Milei tuvo una performance electoral muy por debajo de las expectativas ya que Ricardo Bussi, hijo del ex represor, obten\u00eda apenas el 2,87% de los votos con el sello Fuerza Republicana (el partido fundado por el fallecido Bussi padre) en el marco de una f\u00f3rmula junto al legislador provincial Gerardo Huesen.<\/p>\n\n\n\n<p>Completaban el cuadro Federico Masso de Libres del Sur con el 1,28%, y Jos\u00e9 Mart\u00edn Correa Tejerizo del Frente de Izquierda con el 0,63%. Le segu\u00edan Margarita Raquel Grassino de Pol\u00edtica Obrera con el 0,53%, Juan Coria de Nos Une el Cambio con el 0,06% y Luis Benjam\u00edn Burgos de Camino a la Lealtad con el 0,02%.<\/p>\n\n\n\n<p>En el b\u00fanker del Frente de Todos festejaban, adem\u00e1s de Manzur Jaldo, los gobernadores Ra\u00fal Jalil, de Catamarca; Gildo Insfr\u00e1n, de Formosa; Ricardo Quintela, de La Rioja, y Gerardo Zamora de Santiago del Estero.<\/p>\n\n\n\n<p>Tambi\u00e9n estaban el senador nacional de Santiago del Estero Emilio Neder, el vicegobernador de Jujuy, Carlos Haquim, el vicegobernador de Salta, Antonio Marocco, y la vicegobernadora de La Rioja, Florencia L\u00f3pez.<\/p>\n\n\n\n<p>La provincia de Tucum\u00e1n eleg\u00eda este domingo gobernador, vicegobernador, 49 legisladores provinciales, 19 intendentes, concejales de cada una de sus ciudades y 93 comisionados rurales, luego de que se suspendiera la primera fecha de elecciones por una decisi\u00f3n de la Corte Suprema.<\/p>\n\n\n\n<p>Tras la impugnaci\u00f3n de la candidatura de Manzur, que ante la suspensi\u00f3n de los comicios decidi\u00f3 bajarse, el peronismo hizo valer su favoritismo con Jaldo, actual vicegobernador, al frente de la boleta.<\/p>\n\n\n\n<p>Siendo el sexto distrito electoral m\u00e1s grande del pa\u00eds con el 3,7% del padr\u00f3n, Tucum\u00e1n utiliza el sistema de \u00abacoples\u00bb incorporado a la Constituci\u00f3n en la reforma de 2006.<\/p>\n\n\n\n<p>Este sistema permiti\u00f3 que se incorporaran a la elecci\u00f3n una excesiva cantidad de candidatos, lo que trajo como consecuencia cierta demora en el escrutinio provisorio.<\/p>\n\n\n\n<p>Las elecciones iban a realizarse el 14 de mayo pasado, pero una medida cautelar de la Corte Suprema dej\u00f3 en suspenso los comicios al hacer lugar a una cautelar contra la postulaci\u00f3n del gobernador Manzur, que iba a presentarse como compa\u00f1ero de f\u00f3rmula de su actual vice, Jaldo.<\/p>\n\n\n\n<p>Finalmente, el mandatario se corri\u00f3 de la boleta y dej\u00f3 en su lugar al ministro de Interior tucumano, Miguel Acevedo.<\/p>\n\n\n\n<p>Con este resonante triunfo electoral, el peronismo prolonga la hegemon\u00eda pol\u00edtica que ejerce en Tucum\u00e1n, donde gobierna desde 1983, a excepci\u00f3n de un solo mandato democr\u00e1tico entre 1995 y 1999 que estuvo a cargo del ex represor Antonio Bussi (quien ya hab\u00eda gobernado la provincia entre 1976 y 1977 pero como interventor de facto).<\/p>\n\n\n\n<p>El gran perdedor de la elecci\u00f3n fue el sistema de acople, que produjo grandes complicaciones en su quinta elecci\u00f3n, donde las ausencias de autoridades de mesa han rondado el 40%.<\/p>\n\n\n\n<p>La junta electoral decidi\u00f3 iniciar una investigaci\u00f3n y si lo consideran necesario, una denuncia penal debido no solo a la ausencia de autoridades de mesa sino tambi\u00e9n a la gran demora para la llegada de las urnas.<\/p>\n\n\n\n<p>Carlos Amaya, de la Junta electoral, explic\u00f3 a Cadena 3 que hubo dos tipos de problemas t\u00e9cnicos.<\/p>\n\n\n\n<p>\u00abCerca de la una, quedaron pr\u00e1cticamente ca\u00edda la carga de datos durante 45 minutos. Tambi\u00e9n hubo una serie de Telegramas, que los presidentes de mesa, las autoridades de ya hab\u00edan confeccionado con muchos errores y el esc\u00e1ner los rechaza. La cifra total de las mesas quedar\u00e1 para el escrutinio definitivo\u00bb, indic\u00f3.<\/p>\n<div class=\"sharedaddy sd-sharing-enabled\"><div class=\"robots-nocontent sd-block sd-social sd-social-icon sd-sharing\"><h3 class=\"sd-title\">Comparte esto:<\/h3><div class=\"sd-content\"><ul><li class=\"share-twitter\"><a rel=\"nofollow noopener noreferrer\" data-shared=\"sharing-twitter-37233\" class=\"share-twitter sd-button share-icon no-text\" href=\"http:\/\/www.rtvnoticias.com.ar\/?p=37233&amp;share=twitter\" target=\"_blank\" title=\"Haz clic para compartir en Twitter\"><span><\/span><span class=\"sharing-screen-reader-text\">Haz clic para compartir en Twitter (Se abre en una ventana nueva)<\/span><\/a><\/li><li class=\"share-facebook\"><a rel=\"nofollow noopener noreferrer\" data-shared=\"sharing-facebook-37233\" class=\"share-facebook sd-button share-icon no-text\" href=\"http:\/\/www.rtvnoticias.com.ar\/?p=37233&amp;share=facebook\" target=\"_blank\" title=\"Haz clic para compartir en Facebook\"><span><\/span><span class=\"sharing-screen-reader-text\">Haz clic para compartir en Facebook (Se abre en una ventana nueva)<\/span><\/a><\/li><li class=\"share-jetpack-whatsapp\"><a rel=\"nofollow noopener noreferrer\" data-shared=\"\" class=\"share-jetpack-whatsapp sd-button share-icon no-text\" href=\"http:\/\/www.rtvnoticias.com.ar\/?p=37233&amp;share=jetpack-whatsapp\" target=\"_blank\" title=\"Haz clic para compartir en WhatsApp\"><span><\/span><span class=\"sharing-screen-reader-text\">Haz clic para compartir en WhatsApp (Se abre en una ventana nueva)<\/span><\/a><\/li><li class=\"share-telegram\"><a rel=\"nofollow noopener noreferrer\" data-shared=\"\" class=\"share-telegram sd-button share-icon no-text\" href=\"http:\/\/www.rtvnoticias.com.ar\/?p=37233&amp;share=telegram\" target=\"_blank\" title=\"Haz clic para compartir en Telegram\"><span><\/span><span class=\"sharing-screen-reader-text\">Haz clic para compartir en Telegram (Se abre en una ventana nueva)<\/span><\/a><\/li><li class=\"share-end\"><\/li><\/ul><\/div><\/div><\/div>","protected":false},"excerpt":{"rendered":"<p>El Frente de Todos logr\u00f3 una victoria aplastante sobre Juntos por el Cambio con la candidatura a gobernador del actual vice, Osvaldo Jaldo, en un<\/p>\n<div class=\"sharedaddy sd-sharing-enabled\"><div class=\"robots-nocontent sd-block sd-social sd-social-icon sd-sharing\"><h3 class=\"sd-title\">Comparte esto:<\/h3><div class=\"sd-content\"><ul><li class=\"share-twitter\"><a rel=\"nofollow noopener noreferrer\" data-shared=\"sharing-twitter-37233\" class=\"share-twitter sd-button share-icon no-text\" href=\"http:\/\/www.rtvnoticias.com.ar\/?p=37233&amp;share=twitter\" target=\"_blank\" title=\"Haz clic para compartir en Twitter\"><span><\/span><span class=\"sharing-screen-reader-text\">Haz clic para compartir en Twitter (Se abre en una ventana nueva)<\/span><\/a><\/li><li class=\"share-facebook\"><a rel=\"nofollow noopener noreferrer\" data-shared=\"sharing-facebook-37233\" class=\"share-facebook sd-button share-icon no-text\" href=\"http:\/\/www.rtvnoticias.com.ar\/?p=37233&amp;share=facebook\" target=\"_blank\" title=\"Haz clic para compartir en Facebook\"><span><\/span><span class=\"sharing-screen-reader-text\">Haz clic para compartir en Facebook (Se abre en una ventana nueva)<\/span><\/a><\/li><li class=\"share-jetpack-whatsapp\"><a rel=\"nofollow noopener noreferrer\" data-shared=\"\" class=\"share-jetpack-whatsapp sd-button share-icon no-text\" href=\"http:\/\/www.rtvnoticias.com.ar\/?p=37233&amp;share=jetpack-whatsapp\" target=\"_blank\" title=\"Haz clic para compartir en WhatsApp\"><span><\/span><span class=\"sharing-screen-reader-text\">Haz clic para compartir en WhatsApp (Se abre en una ventana nueva)<\/span><\/a><\/li><li class=\"share-telegram\"><a rel=\"nofollow noopener noreferrer\" data-shared=\"\" class=\"share-telegram sd-button share-icon no-text\" href=\"http:\/\/www.rtvnoticias.com.ar\/?p=37233&amp;share=telegram\" target=\"_blank\" title=\"Haz clic para compartir en Telegram\"><span><\/span><span class=\"sharing-screen-reader-text\">Haz clic para compartir en Telegram (Se abre en una ventana nueva)<\/span><\/a><\/li><li class=\"share-end\"><\/li><\/ul><\/div><\/div><\/div>","protected":false},"author":7,"featured_media":37234,"comment_status":"closed","ping_status":"closed","sticky":false,"template":"","format":"standard","meta":{"spay_email":"","jetpack_publicize_message":"","jetpack_is_tweetstorm":false,"jetpack_publicize_feature_enabled":true},"categories":[5],"tags":[],"jetpack_featured_media_url":"http:\/\/www.rtvnoticias.com.ar\/wp-content\/uploads\/2023\/06\/jaldo.jpg","jetpack_publicize_connections":[],"jetpack_sharing_enabled":true,"_links":{"self":[{"href":"http:\/\/www.rtvnoticias.com.ar\/index.php?rest_route=\/wp\/v2\/posts\/37233"}],"collection":[{"href":"http:\/\/www.rtvnoticias.com.ar\/index.php?rest_route=\/wp\/v2\/posts"}],"about":[{"href":"http:\/\/www.rtvnoticias.com.ar\/index.php?rest_route=\/wp\/v2\/types\/post"}],"author":[{"embeddable":true,"href":"http:\/\/www.rtvnoticias.com.ar\/index.php?rest_route=\/wp\/v2\/users\/7"}],"replies":[{"embeddable":true,"href":"http:\/\/www.rtvnoticias.com.ar\/index.php?rest_route=%2Fwp%2Fv2%2Fcomments&post=37233"}],"version-history":[{"count":1,"href":"http:\/\/www.rtvnoticias.com.ar\/index.php?rest_route=\/wp\/v2\/posts\/37233\/revisions"}],"predecessor-version":[{"id":37235,"href":"http:\/\/www.rtvnoticias.com.ar\/index.php?rest_route=\/wp\/v2\/posts\/37233\/revisions\/37235"}],"wp:featuredmedia":[{"embeddable":true,"href":"http:\/\/www.rtvnoticias.com.ar\/index.php?rest_route=\/wp\/v2\/media\/37234"}],"wp:attachment":[{"href":"http:\/\/www.rtvnoticias.com.ar\/index.php?rest_route=%2Fwp%2Fv2%2Fmedia&parent=37233"}],"wp:term":[{"taxonomy":"category","embeddable":true,"href":"http:\/\/www.rtvnoticias.com.ar\/index.php?rest_route=%2Fwp%2Fv2%2Fcategories&post=37233"},{"taxonomy":"post_tag","embeddable":true,"href":"http:\/\/www.rtvnoticias.com.ar\/index.php?rest_route=%2Fwp%2Fv2%2Ftags&post=37233"}],"curies":[{"name":"wp","href":"https:\/\/api.w.org\/{rel}","templated":true}]}}