{"id":37239,"date":"2023-06-12T08:58:53","date_gmt":"2023-06-12T11:58:53","guid":{"rendered":"http:\/\/www.rtvnoticias.com.ar\/?p=37239"},"modified":"2023-06-12T08:58:56","modified_gmt":"2023-06-12T11:58:56","slug":"la-municipalidad-propone-a-ferroexpreso-pampeano-crear-espacios-verdes","status":"publish","type":"post","link":"http:\/\/www.rtvnoticias.com.ar\/?p=37239","title":{"rendered":"La municipalidad propone a FerroExpreso Pampeano crear espacios verdes"},"content":{"rendered":"\n<p>La puesta en valor de la Estaci\u00f3n de Trenes de General Pico comenz\u00f3 en febrero \u00faltimo a partir de un convenio entre la Municipalidad local y Ferrocarriles Argentinos Sociedad del Estado. En este marco, el secretario de Gobierno, Seguridad, Educaci\u00f3n y Cultura, Nicol\u00e1s Mendoza, mantuvo una reuni\u00f3n para analizar el avance de las obras.<\/p>\n\n\n\n<p>Las labores que se realizan en este hist\u00f3rico sitio piquense no s\u00f3lo revisten gran importancia en cuanto a su conservaci\u00f3n y mantenimiento sino que enaltecen la historia ferroviaria de la ciudad, posibilitando una mayor circulaci\u00f3n de este transporte.<\/p>\n\n\n\n<p>Junto a Dami\u00e1n Contreras, presidente de Ferrocarriles Argentinos Sociedad del Estado, Mendoza trat\u00f3 diferentes tem\u00e1ticas inherentes al trabajo conjunto entre las partes.<\/p>\n\n\n\n<p>El secretario piquense, afirm\u00f3: \u201cDialogamos sobre la inauguraci\u00f3n de la puesta en valor de la Estaci\u00f3n, que pertenece al Estado Nacional, analizando opciones para desarrollar all\u00ed actividades de \u00edndole cultural. Cabe mencionar que este espacio fue otorgado por contrato de concesi\u00f3n a FerroExpreso Pampeano S.A\u201d.<\/p>\n\n\n\n<p>En este marco, se refirieron \u201ca los terrenos propiedad del gobierno de la Naci\u00f3n y que son parte del cuadro de estaci\u00f3n, producto de la concesi\u00f3n por la prestaci\u00f3n de servicio de trenes\u201d.<\/p>\n\n\n\n<p>A ra\u00edz de ello, se trat\u00f3 la posibilidad de concretar en estos lugares proyectos de la gesti\u00f3n local: \u201cEn algunos de estos lugares estuvimos estudiando la situaci\u00f3n de cada inmueble para ver la factibilidad legal y t\u00e9cnica de desarrollar obras que proyecta la Municipalidad para aprovechar como espacios verdes\u201d.<\/p>\n<div class=\"sharedaddy sd-sharing-enabled\"><div class=\"robots-nocontent sd-block sd-social sd-social-icon sd-sharing\"><h3 class=\"sd-title\">Comparte esto:<\/h3><div class=\"sd-content\"><ul><li class=\"share-twitter\"><a rel=\"nofollow noopener noreferrer\" data-shared=\"sharing-twitter-37239\" class=\"share-twitter sd-button share-icon no-text\" href=\"http:\/\/www.rtvnoticias.com.ar\/?p=37239&amp;share=twitter\" target=\"_blank\" title=\"Haz clic para compartir en Twitter\"><span><\/span><span class=\"sharing-screen-reader-text\">Haz clic para compartir en Twitter (Se abre en una ventana nueva)<\/span><\/a><\/li><li class=\"share-facebook\"><a rel=\"nofollow noopener noreferrer\" data-shared=\"sharing-facebook-37239\" class=\"share-facebook sd-button share-icon no-text\" href=\"http:\/\/www.rtvnoticias.com.ar\/?p=37239&amp;share=facebook\" target=\"_blank\" title=\"Haz clic para compartir en Facebook\"><span><\/span><span class=\"sharing-screen-reader-text\">Haz clic para compartir en Facebook (Se abre en una ventana nueva)<\/span><\/a><\/li><li class=\"share-jetpack-whatsapp\"><a rel=\"nofollow noopener noreferrer\" data-shared=\"\" class=\"share-jetpack-whatsapp sd-button share-icon no-text\" href=\"http:\/\/www.rtvnoticias.com.ar\/?p=37239&amp;share=jetpack-whatsapp\" target=\"_blank\" title=\"Haz clic para compartir en WhatsApp\"><span><\/span><span class=\"sharing-screen-reader-text\">Haz clic para compartir en WhatsApp (Se abre en una ventana nueva)<\/span><\/a><\/li><li class=\"share-telegram\"><a rel=\"nofollow noopener noreferrer\" data-shared=\"\" class=\"share-telegram sd-button share-icon no-text\" href=\"http:\/\/www.rtvnoticias.com.ar\/?p=37239&amp;share=telegram\" target=\"_blank\" title=\"Haz clic para compartir en Telegram\"><span><\/span><span class=\"sharing-screen-reader-text\">Haz clic para compartir en Telegram (Se abre en una ventana nueva)<\/span><\/a><\/li><li class=\"share-end\"><\/li><\/ul><\/div><\/div><\/div>","protected":false},"excerpt":{"rendered":"<p>La puesta en valor de la Estaci\u00f3n de Trenes de General Pico comenz\u00f3 en febrero \u00faltimo a partir de un convenio entre la Municipalidad local<\/p>\n<div class=\"sharedaddy sd-sharing-enabled\"><div class=\"robots-nocontent sd-block sd-social sd-social-icon sd-sharing\"><h3 class=\"sd-title\">Comparte esto:<\/h3><div class=\"sd-content\"><ul><li class=\"share-twitter\"><a rel=\"nofollow noopener noreferrer\" data-shared=\"sharing-twitter-37239\" class=\"share-twitter sd-button share-icon no-text\" href=\"http:\/\/www.rtvnoticias.com.ar\/?p=37239&amp;share=twitter\" target=\"_blank\" title=\"Haz clic para compartir en Twitter\"><span><\/span><span class=\"sharing-screen-reader-text\">Haz clic para compartir en Twitter (Se abre en una ventana nueva)<\/span><\/a><\/li><li class=\"share-facebook\"><a rel=\"nofollow noopener noreferrer\" data-shared=\"sharing-facebook-37239\" class=\"share-facebook sd-button share-icon no-text\" href=\"http:\/\/www.rtvnoticias.com.ar\/?p=37239&amp;share=facebook\" target=\"_blank\" title=\"Haz clic para compartir en Facebook\"><span><\/span><span class=\"sharing-screen-reader-text\">Haz clic para compartir en Facebook (Se abre en una ventana nueva)<\/span><\/a><\/li><li class=\"share-jetpack-whatsapp\"><a rel=\"nofollow noopener noreferrer\" data-shared=\"\" class=\"share-jetpack-whatsapp sd-button share-icon no-text\" href=\"http:\/\/www.rtvnoticias.com.ar\/?p=37239&amp;share=jetpack-whatsapp\" target=\"_blank\" title=\"Haz clic para compartir en WhatsApp\"><span><\/span><span class=\"sharing-screen-reader-text\">Haz clic para compartir en WhatsApp (Se abre en una ventana nueva)<\/span><\/a><\/li><li class=\"share-telegram\"><a rel=\"nofollow noopener noreferrer\" data-shared=\"\" class=\"share-telegram sd-button share-icon no-text\" href=\"http:\/\/www.rtvnoticias.com.ar\/?p=37239&amp;share=telegram\" target=\"_blank\" title=\"Haz clic para compartir en Telegram\"><span><\/span><span class=\"sharing-screen-reader-text\">Haz clic para compartir en Telegram (Se abre en una ventana nueva)<\/span><\/a><\/li><li class=\"share-end\"><\/li><\/ul><\/div><\/div><\/div>","protected":false},"author":7,"featured_media":37240,"comment_status":"closed","ping_status":"closed","sticky":false,"template":"","format":"standard","meta":{"spay_email":"","jetpack_publicize_message":"","jetpack_is_tweetstorm":false,"jetpack_publicize_feature_enabled":true},"categories":[3],"tags":[],"jetpack_featured_media_url":"http:\/\/www.rtvnoticias.com.ar\/wp-content\/uploads\/2023\/06\/mendoza-trenes.jpg","jetpack_publicize_connections":[],"jetpack_sharing_enabled":true,"_links":{"self":[{"href":"http:\/\/www.rtvnoticias.com.ar\/index.php?rest_route=\/wp\/v2\/posts\/37239"}],"collection":[{"href":"http:\/\/www.rtvnoticias.com.ar\/index.php?rest_route=\/wp\/v2\/posts"}],"about":[{"href":"http:\/\/www.rtvnoticias.com.ar\/index.php?rest_route=\/wp\/v2\/types\/post"}],"author":[{"embeddable":true,"href":"http:\/\/www.rtvnoticias.com.ar\/index.php?rest_route=\/wp\/v2\/users\/7"}],"replies":[{"embeddable":true,"href":"http:\/\/www.rtvnoticias.com.ar\/index.php?rest_route=%2Fwp%2Fv2%2Fcomments&post=37239"}],"version-history":[{"count":1,"href":"http:\/\/www.rtvnoticias.com.ar\/index.php?rest_route=\/wp\/v2\/posts\/37239\/revisions"}],"predecessor-version":[{"id":37242,"href":"http:\/\/www.rtvnoticias.com.ar\/index.php?rest_route=\/wp\/v2\/posts\/37239\/revisions\/37242"}],"wp:featuredmedia":[{"embeddable":true,"href":"http:\/\/www.rtvnoticias.com.ar\/index.php?rest_route=\/wp\/v2\/media\/37240"}],"wp:attachment":[{"href":"http:\/\/www.rtvnoticias.com.ar\/index.php?rest_route=%2Fwp%2Fv2%2Fmedia&parent=37239"}],"wp:term":[{"taxonomy":"category","embeddable":true,"href":"http:\/\/www.rtvnoticias.com.ar\/index.php?rest_route=%2Fwp%2Fv2%2Fcategories&post=37239"},{"taxonomy":"post_tag","embeddable":true,"href":"http:\/\/www.rtvnoticias.com.ar\/index.php?rest_route=%2Fwp%2Fv2%2Ftags&post=37239"}],"curies":[{"name":"wp","href":"https:\/\/api.w.org\/{rel}","templated":true}]}}