{"id":37321,"date":"2023-06-17T18:44:49","date_gmt":"2023-06-17T21:44:49","guid":{"rendered":"http:\/\/www.rtvnoticias.com.ar\/?p=37321"},"modified":"2023-06-17T18:44:53","modified_gmt":"2023-06-17T21:44:53","slug":"chiche-duhalde-sera-candidata-a-diputada-por-la-lista-de-schiaretti","status":"publish","type":"post","link":"http:\/\/www.rtvnoticias.com.ar\/?p=37321","title":{"rendered":"\u00abChiche\u00bb Duhalde ser\u00e1 candidata a diputada por la lista de Schiaretti"},"content":{"rendered":"\n<p>La dirigente del peronismo,\u00a0Hilda \u00abChiche\u00bb Duhalde\u00a0confirm\u00f3 en las \u00faltimas horas que ser\u00e1 la primera candidata a diputada por la lista de \u00abHacemos por nuestro pa\u00eds\u00bb, que encabeza el actual gobernador de C\u00f3rdoba,\u00a0Juan Schiaretti.<\/p>\n\n\n\n<p>La exsenadora y esposa de\u00a0Eduardo Duhalde\u00a0confirm\u00f3 el ofrecimiento. \u00abMe encantar\u00eda que fuera una revancha con\u00a0Cristina Kirchner, pero creo que ella no se presenta\u00bb.<\/p>\n\n\n\n<p>\u00abHe tomado una decisi\u00f3n que para m\u00ed es importante, porque no me gusta borrar con el codo lo que escribo con la mano. Ante un ofrecimiento de Schiaretti, he decidido ir como primera diputada nacional mujer, representando a la provincia de Buenos Aires\u00bb, explic\u00f3.<\/p>\n\n\n\n<p>Adem\u00e1s, hizo referencia a la posibilidad de que Schiaretti se acerque a\u00a0Horacio Rodr\u00edguez Larreta\u00a0en el caso de una segunda vuelta presidencial.<\/p>\n\n\n\n<p>\u00abSi la decisi\u00f3n de Schiaretti y de Rodr\u00edguez Larreta es ir juntos, acompa\u00f1ar\u00e9.\u00a0Yo acompa\u00f1o a un candidato peronista.\u00a0Quiero demostrar que el peronismo no es el kirchnerismo\u00bb, se\u00f1al\u00f3.<\/p>\n\n\n\n<p>En sus \u00faltimas apariciones en p\u00fablico, \u00abChiche\u00bb fue muy cr\u00edtica con Cristina Kirchner y\u00a0La C\u00e1mpora. Sobre la Vicepresidenta, dijo que le da \u00abmucho asco y bronca\u00bb.<\/p>\n\n\n\n<p><strong>Armado electoral<\/strong><\/p>\n\n\n\n<p>Respecto al espacio que lidera el diputado M\u00e1ximo Kirchner, afirm\u00f3 que lo \u00fanico que hace es \u00abventilar los problemas existentes dentro del Gobierno\u00bb.<\/p>\n\n\n\n<p>En ese sentido, fue contundente al referirse a sus aspiraciones en pol\u00edtica: \u00abQuiero estar en un espacio peronista. Si ese espacio se va a ampliar para que el kirchnerismo y La C\u00e1mpora desaparezcan de nuestra tierra, voy a colaborar\u00bb.<\/p>\n\n\n\n<p>Al ser consultada respecto a cu\u00e1l ser\u00e1 su rol principal dentro del Congreso, si es que llega a ocupar una banca, \u00abChiche\u00bb remarc\u00f3 que luchar\u00e1 por el derecho de los mujeres.<\/p>\n\n\n\n<p>Sin embargo se diferenci\u00f3 de los movimientos feministas. \u00abLas mujeres m\u00e1s pobres no son las que salen a desnudarse, a ponerse tenas y romper todo, defendiendo la igualdad. Las mujeres m\u00e1s pobres so las que est\u00e1n sufriendo en sus casas, por falta de alimento y porque son golpeadas\u00bb, argument\u00f3<\/p>\n\n\n\n<p>En febrero, Schiaretti y el expresidente Eduardo Duhalde se reunieron en la Casa de la provincia de C\u00f3rdoba de la Ciudad de Buenos Aires.&nbsp;<\/p>\n\n\n\n<p>All\u00ed dialogaron de la construcci\u00f3n de un espacio \u201csuperador\u201d a la grieta, que tenga como ejes \u00abla producci\u00f3n y el trabajo\u00bb.<\/p>\n<div class=\"sharedaddy sd-sharing-enabled\"><div class=\"robots-nocontent sd-block sd-social sd-social-icon sd-sharing\"><h3 class=\"sd-title\">Comparte esto:<\/h3><div class=\"sd-content\"><ul><li class=\"share-twitter\"><a rel=\"nofollow noopener noreferrer\" data-shared=\"sharing-twitter-37321\" class=\"share-twitter sd-button share-icon no-text\" href=\"http:\/\/www.rtvnoticias.com.ar\/?p=37321&amp;share=twitter\" target=\"_blank\" title=\"Haz clic para compartir en Twitter\"><span><\/span><span class=\"sharing-screen-reader-text\">Haz clic para compartir en Twitter (Se abre en una ventana nueva)<\/span><\/a><\/li><li class=\"share-facebook\"><a rel=\"nofollow noopener noreferrer\" data-shared=\"sharing-facebook-37321\" class=\"share-facebook sd-button share-icon no-text\" href=\"http:\/\/www.rtvnoticias.com.ar\/?p=37321&amp;share=facebook\" target=\"_blank\" title=\"Haz clic para compartir en Facebook\"><span><\/span><span class=\"sharing-screen-reader-text\">Haz clic para compartir en Facebook (Se abre en una ventana nueva)<\/span><\/a><\/li><li class=\"share-jetpack-whatsapp\"><a rel=\"nofollow noopener noreferrer\" data-shared=\"\" class=\"share-jetpack-whatsapp sd-button share-icon no-text\" href=\"http:\/\/www.rtvnoticias.com.ar\/?p=37321&amp;share=jetpack-whatsapp\" target=\"_blank\" title=\"Haz clic para compartir en WhatsApp\"><span><\/span><span class=\"sharing-screen-reader-text\">Haz clic para compartir en WhatsApp (Se abre en una ventana nueva)<\/span><\/a><\/li><li class=\"share-telegram\"><a rel=\"nofollow noopener noreferrer\" data-shared=\"\" class=\"share-telegram sd-button share-icon no-text\" href=\"http:\/\/www.rtvnoticias.com.ar\/?p=37321&amp;share=telegram\" target=\"_blank\" title=\"Haz clic para compartir en Telegram\"><span><\/span><span class=\"sharing-screen-reader-text\">Haz clic para compartir en Telegram (Se abre en una ventana nueva)<\/span><\/a><\/li><li class=\"share-end\"><\/li><\/ul><\/div><\/div><\/div>","protected":false},"excerpt":{"rendered":"<p>La dirigente del peronismo,\u00a0Hilda \u00abChiche\u00bb Duhalde\u00a0confirm\u00f3 en las \u00faltimas horas que ser\u00e1 la primera candidata a diputada por la lista de \u00abHacemos por nuestro pa\u00eds\u00bb,<\/p>\n<div class=\"sharedaddy sd-sharing-enabled\"><div class=\"robots-nocontent sd-block sd-social sd-social-icon sd-sharing\"><h3 class=\"sd-title\">Comparte esto:<\/h3><div class=\"sd-content\"><ul><li class=\"share-twitter\"><a rel=\"nofollow noopener noreferrer\" data-shared=\"sharing-twitter-37321\" class=\"share-twitter sd-button share-icon no-text\" href=\"http:\/\/www.rtvnoticias.com.ar\/?p=37321&amp;share=twitter\" target=\"_blank\" title=\"Haz clic para compartir en Twitter\"><span><\/span><span class=\"sharing-screen-reader-text\">Haz clic para compartir en Twitter (Se abre en una ventana nueva)<\/span><\/a><\/li><li class=\"share-facebook\"><a rel=\"nofollow noopener noreferrer\" data-shared=\"sharing-facebook-37321\" class=\"share-facebook sd-button share-icon no-text\" href=\"http:\/\/www.rtvnoticias.com.ar\/?p=37321&amp;share=facebook\" target=\"_blank\" title=\"Haz clic para compartir en Facebook\"><span><\/span><span class=\"sharing-screen-reader-text\">Haz clic para compartir en Facebook (Se abre en una ventana nueva)<\/span><\/a><\/li><li class=\"share-jetpack-whatsapp\"><a rel=\"nofollow noopener noreferrer\" data-shared=\"\" class=\"share-jetpack-whatsapp sd-button share-icon no-text\" href=\"http:\/\/www.rtvnoticias.com.ar\/?p=37321&amp;share=jetpack-whatsapp\" target=\"_blank\" title=\"Haz clic para compartir en WhatsApp\"><span><\/span><span class=\"sharing-screen-reader-text\">Haz clic para compartir en WhatsApp (Se abre en una ventana nueva)<\/span><\/a><\/li><li class=\"share-telegram\"><a rel=\"nofollow noopener noreferrer\" data-shared=\"\" class=\"share-telegram sd-button share-icon no-text\" href=\"http:\/\/www.rtvnoticias.com.ar\/?p=37321&amp;share=telegram\" target=\"_blank\" title=\"Haz clic para compartir en Telegram\"><span><\/span><span class=\"sharing-screen-reader-text\">Haz clic para compartir en Telegram (Se abre en una ventana nueva)<\/span><\/a><\/li><li class=\"share-end\"><\/li><\/ul><\/div><\/div><\/div>","protected":false},"author":5,"featured_media":37322,"comment_status":"closed","ping_status":"closed","sticky":false,"template":"","format":"standard","meta":{"spay_email":"","jetpack_publicize_message":"","jetpack_is_tweetstorm":false,"jetpack_publicize_feature_enabled":true},"categories":[5],"tags":[4058],"jetpack_featured_media_url":"http:\/\/www.rtvnoticias.com.ar\/wp-content\/uploads\/2023\/06\/chiche.jpg","jetpack_publicize_connections":[],"jetpack_sharing_enabled":true,"_links":{"self":[{"href":"http:\/\/www.rtvnoticias.com.ar\/index.php?rest_route=\/wp\/v2\/posts\/37321"}],"collection":[{"href":"http:\/\/www.rtvnoticias.com.ar\/index.php?rest_route=\/wp\/v2\/posts"}],"about":[{"href":"http:\/\/www.rtvnoticias.com.ar\/index.php?rest_route=\/wp\/v2\/types\/post"}],"author":[{"embeddable":true,"href":"http:\/\/www.rtvnoticias.com.ar\/index.php?rest_route=\/wp\/v2\/users\/5"}],"replies":[{"embeddable":true,"href":"http:\/\/www.rtvnoticias.com.ar\/index.php?rest_route=%2Fwp%2Fv2%2Fcomments&post=37321"}],"version-history":[{"count":1,"href":"http:\/\/www.rtvnoticias.com.ar\/index.php?rest_route=\/wp\/v2\/posts\/37321\/revisions"}],"predecessor-version":[{"id":37323,"href":"http:\/\/www.rtvnoticias.com.ar\/index.php?rest_route=\/wp\/v2\/posts\/37321\/revisions\/37323"}],"wp:featuredmedia":[{"embeddable":true,"href":"http:\/\/www.rtvnoticias.com.ar\/index.php?rest_route=\/wp\/v2\/media\/37322"}],"wp:attachment":[{"href":"http:\/\/www.rtvnoticias.com.ar\/index.php?rest_route=%2Fwp%2Fv2%2Fmedia&parent=37321"}],"wp:term":[{"taxonomy":"category","embeddable":true,"href":"http:\/\/www.rtvnoticias.com.ar\/index.php?rest_route=%2Fwp%2Fv2%2Fcategories&post=37321"},{"taxonomy":"post_tag","embeddable":true,"href":"http:\/\/www.rtvnoticias.com.ar\/index.php?rest_route=%2Fwp%2Fv2%2Ftags&post=37321"}],"curies":[{"name":"wp","href":"https:\/\/api.w.org\/{rel}","templated":true}]}}