{"id":37342,"date":"2023-06-20T01:21:00","date_gmt":"2023-06-20T04:21:00","guid":{"rendered":"http:\/\/www.rtvnoticias.com.ar\/?p=37342"},"modified":"2023-06-19T20:26:41","modified_gmt":"2023-06-19T23:26:41","slug":"gasoducto-nestor-kirchner-comienza-el-llenado-y-la-obra-da-un-paso-clave","status":"publish","type":"post","link":"http:\/\/www.rtvnoticias.com.ar\/?p=37342","title":{"rendered":"Gasoducto N\u00e9stor Kirchner: comienza el llenado y la obra da un paso clave"},"content":{"rendered":"\n<p><strong><em>La apertura de la v\u00e1lvula tendr\u00e1 lugar este martes y el procedimiento continuar\u00e1 por etapas hasta el pr\u00f3ximo 9 de julio. Ese d\u00eda se llevar\u00e1 a cabo la inauguraci\u00f3n oficial del Gasoducto N\u00e9stor Kirchner. El primer tramo del Gasoducto N\u00e9stor Kirchner tiene una extensi\u00f3n de 573 kil\u00f3metros.<\/em><\/strong><\/p>\n\n\n\n<p><br>El proceso de llenado del Gasoducto Presidente N\u00e9stor Kirchner, que llevar\u00e1 el gas del yacimiento neuquino de hidrocarburos no convencional Vaca Muerta a la localidad bonaerense de Salliquel\u00f3, comenzar\u00e1 este martes y concluir\u00e1 el 9 de julio. Esa fue la fecha establecida para la inauguraci\u00f3n oficial de este primer tramo de la obra, en un acto donde estar\u00e1n el presidente Alberto Fern\u00e1ndez y el ministro de Econom\u00eda, Sergio Massa.<\/p>\n\n\n\n<p>El paso inicial ser\u00e1 la apertura de la v\u00e1lvula y el comienzo de la etapa de llenado, el proceso que tarda en llega el gas de una punta a la otra. \u00abEsto responde a los procedimientos habituales en este tipo de sistemas, lo que involucra fases de barrido y presurizaci\u00f3n de las ca\u00f1er\u00edas de forma progresiva\u201d, explicaron fuentes oficiales. Las autoridades del \u00e1rea energ\u00e9tica fijaron un cronograma de habilitaciones y puesta en marcha del primer tramo de 573 kil\u00f3metros.<\/p>\n\n\n\n<p>En ese sentido, el 25 de junio se habilitar\u00e1 el tramo que va desde el kil\u00f3metro 29 hasta el 61, a lo que se sumar\u00e1n cuatro etapas m\u00e1s hasta la habilitaci\u00f3n completa en Salliquel\u00f3. El gasoducto comenz\u00f3 a construirse en agosto pasado, cuando se firmaron los primeros contratos, por lo que un trabajo que puede demorar unos dos a\u00f1os se finaliz\u00f3 en diez meses.<\/p>\n\n\n\n<p>La obra atraviesa cuatro provincias: desde la planta de tratamiento de gas en la neuquina Tratayen, emplazada en el coraz\u00f3n de Vaca Muerta, pasando por R\u00edo Negro, La Pampa, hasta Salliquel\u00f3. Y entre otros beneficios, tendr\u00e1 un fuerte impacto cambiaron en la econom\u00eda argentina.<\/p>\n\n\n\n<p>\u201cEl martes ser\u00e1 un d\u00eda trascendental para nuestro pa\u00eds. Marcamos un hito al poner en funcionamiento el llenado del Gasoducto Presidente N\u00e9stor Kirchner\u201d, destac\u00f3 la secretaria de Energ\u00eda, Flavia Royon, en su cuenta de Twitter. \u00abEste proyecto es un logro y refleja la eficiencia del trabajo conjunto entre el Estado y el sector privado\u201d, subray\u00f3.<\/p>\n\n\n\n<p>El gasoducto permitir\u00e1 incrementar el env\u00edo del gas de Vaca Muerta hacia los grandes centros urbanos, desde Tratay\u00e9n hasta Salliquel\u00f3. En una primera etapa, sumar\u00e1 11 millones de metros c\u00fabicos por d\u00eda, y despu\u00e9s, el flujo casi que se duplicar\u00e1. As\u00ed llegar\u00e1 a 21 millones metros c\u00fabicos diarios, cuando se habiliten las dos nuevas plantas compresoras.<\/p>\n\n\n\n<p>Por otro lado, uno de los grandes problemas actuales de la falta de d\u00f3lares se debe a que la balanza energ\u00e9tica de 2022 fue negativa en U$S 4.600 millones, debido a la importaci\u00f3n de GNL a precios hist\u00f3ricos internacionales luego de la guerra entre Rusia y Ucrania. Ahora, el Gasoducto N\u00e9stor Kirchner permitir\u00e1 un ahorro energ\u00e9tico de U$S 2.000 millones durante el segundo semestre de este a\u00f1o, y alcanzar\u00e1 los U$S 4.200 para mediados de 2024.<\/p>\n<div class=\"sharedaddy sd-sharing-enabled\"><div class=\"robots-nocontent sd-block sd-social sd-social-icon sd-sharing\"><h3 class=\"sd-title\">Comparte esto:<\/h3><div class=\"sd-content\"><ul><li class=\"share-twitter\"><a rel=\"nofollow noopener noreferrer\" data-shared=\"sharing-twitter-37342\" class=\"share-twitter sd-button share-icon no-text\" href=\"http:\/\/www.rtvnoticias.com.ar\/?p=37342&amp;share=twitter\" target=\"_blank\" title=\"Haz clic para compartir en Twitter\"><span><\/span><span class=\"sharing-screen-reader-text\">Haz clic para compartir en Twitter (Se abre en una ventana nueva)<\/span><\/a><\/li><li class=\"share-facebook\"><a rel=\"nofollow noopener noreferrer\" data-shared=\"sharing-facebook-37342\" class=\"share-facebook sd-button share-icon no-text\" href=\"http:\/\/www.rtvnoticias.com.ar\/?p=37342&amp;share=facebook\" target=\"_blank\" title=\"Haz clic para compartir en Facebook\"><span><\/span><span class=\"sharing-screen-reader-text\">Haz clic para compartir en Facebook (Se abre en una ventana nueva)<\/span><\/a><\/li><li class=\"share-jetpack-whatsapp\"><a rel=\"nofollow noopener noreferrer\" data-shared=\"\" class=\"share-jetpack-whatsapp sd-button share-icon no-text\" href=\"http:\/\/www.rtvnoticias.com.ar\/?p=37342&amp;share=jetpack-whatsapp\" target=\"_blank\" title=\"Haz clic para compartir en WhatsApp\"><span><\/span><span class=\"sharing-screen-reader-text\">Haz clic para compartir en WhatsApp (Se abre en una ventana nueva)<\/span><\/a><\/li><li class=\"share-telegram\"><a rel=\"nofollow noopener noreferrer\" data-shared=\"\" class=\"share-telegram sd-button share-icon no-text\" href=\"http:\/\/www.rtvnoticias.com.ar\/?p=37342&amp;share=telegram\" target=\"_blank\" title=\"Haz clic para compartir en Telegram\"><span><\/span><span class=\"sharing-screen-reader-text\">Haz clic para compartir en Telegram (Se abre en una ventana nueva)<\/span><\/a><\/li><li class=\"share-end\"><\/li><\/ul><\/div><\/div><\/div>","protected":false},"excerpt":{"rendered":"<p>La apertura de la v\u00e1lvula tendr\u00e1 lugar este martes y el procedimiento continuar\u00e1 por etapas hasta el pr\u00f3ximo 9 de julio. Ese d\u00eda se llevar\u00e1<\/p>\n<div class=\"sharedaddy sd-sharing-enabled\"><div class=\"robots-nocontent sd-block sd-social sd-social-icon sd-sharing\"><h3 class=\"sd-title\">Comparte esto:<\/h3><div class=\"sd-content\"><ul><li class=\"share-twitter\"><a rel=\"nofollow noopener noreferrer\" data-shared=\"sharing-twitter-37342\" class=\"share-twitter sd-button share-icon no-text\" href=\"http:\/\/www.rtvnoticias.com.ar\/?p=37342&amp;share=twitter\" target=\"_blank\" title=\"Haz clic para compartir en Twitter\"><span><\/span><span class=\"sharing-screen-reader-text\">Haz clic para compartir en Twitter (Se abre en una ventana nueva)<\/span><\/a><\/li><li class=\"share-facebook\"><a rel=\"nofollow noopener noreferrer\" data-shared=\"sharing-facebook-37342\" class=\"share-facebook sd-button share-icon no-text\" href=\"http:\/\/www.rtvnoticias.com.ar\/?p=37342&amp;share=facebook\" target=\"_blank\" title=\"Haz clic para compartir en Facebook\"><span><\/span><span class=\"sharing-screen-reader-text\">Haz clic para compartir en Facebook (Se abre en una ventana nueva)<\/span><\/a><\/li><li class=\"share-jetpack-whatsapp\"><a rel=\"nofollow noopener noreferrer\" data-shared=\"\" class=\"share-jetpack-whatsapp sd-button share-icon no-text\" href=\"http:\/\/www.rtvnoticias.com.ar\/?p=37342&amp;share=jetpack-whatsapp\" target=\"_blank\" title=\"Haz clic para compartir en WhatsApp\"><span><\/span><span class=\"sharing-screen-reader-text\">Haz clic para compartir en WhatsApp (Se abre en una ventana nueva)<\/span><\/a><\/li><li class=\"share-telegram\"><a rel=\"nofollow noopener noreferrer\" data-shared=\"\" class=\"share-telegram sd-button share-icon no-text\" href=\"http:\/\/www.rtvnoticias.com.ar\/?p=37342&amp;share=telegram\" target=\"_blank\" title=\"Haz clic para compartir en Telegram\"><span><\/span><span class=\"sharing-screen-reader-text\">Haz clic para compartir en Telegram (Se abre en una ventana nueva)<\/span><\/a><\/li><li class=\"share-end\"><\/li><\/ul><\/div><\/div><\/div>","protected":false},"author":5,"featured_media":37311,"comment_status":"closed","ping_status":"closed","sticky":false,"template":"","format":"standard","meta":{"spay_email":"","jetpack_publicize_message":"","jetpack_is_tweetstorm":false,"jetpack_publicize_feature_enabled":true},"categories":[5],"tags":[4044],"jetpack_featured_media_url":"http:\/\/www.rtvnoticias.com.ar\/wp-content\/uploads\/2023\/06\/gasoducto-2.jpg","jetpack_publicize_connections":[],"jetpack_sharing_enabled":true,"_links":{"self":[{"href":"http:\/\/www.rtvnoticias.com.ar\/index.php?rest_route=\/wp\/v2\/posts\/37342"}],"collection":[{"href":"http:\/\/www.rtvnoticias.com.ar\/index.php?rest_route=\/wp\/v2\/posts"}],"about":[{"href":"http:\/\/www.rtvnoticias.com.ar\/index.php?rest_route=\/wp\/v2\/types\/post"}],"author":[{"embeddable":true,"href":"http:\/\/www.rtvnoticias.com.ar\/index.php?rest_route=\/wp\/v2\/users\/5"}],"replies":[{"embeddable":true,"href":"http:\/\/www.rtvnoticias.com.ar\/index.php?rest_route=%2Fwp%2Fv2%2Fcomments&post=37342"}],"version-history":[{"count":1,"href":"http:\/\/www.rtvnoticias.com.ar\/index.php?rest_route=\/wp\/v2\/posts\/37342\/revisions"}],"predecessor-version":[{"id":37343,"href":"http:\/\/www.rtvnoticias.com.ar\/index.php?rest_route=\/wp\/v2\/posts\/37342\/revisions\/37343"}],"wp:featuredmedia":[{"embeddable":true,"href":"http:\/\/www.rtvnoticias.com.ar\/index.php?rest_route=\/wp\/v2\/media\/37311"}],"wp:attachment":[{"href":"http:\/\/www.rtvnoticias.com.ar\/index.php?rest_route=%2Fwp%2Fv2%2Fmedia&parent=37342"}],"wp:term":[{"taxonomy":"category","embeddable":true,"href":"http:\/\/www.rtvnoticias.com.ar\/index.php?rest_route=%2Fwp%2Fv2%2Fcategories&post=37342"},{"taxonomy":"post_tag","embeddable":true,"href":"http:\/\/www.rtvnoticias.com.ar\/index.php?rest_route=%2Fwp%2Fv2%2Ftags&post=37342"}],"curies":[{"name":"wp","href":"https:\/\/api.w.org\/{rel}","templated":true}]}}