{"id":37344,"date":"2023-06-20T01:10:00","date_gmt":"2023-06-20T04:10:00","guid":{"rendered":"http:\/\/www.rtvnoticias.com.ar\/?p=37344"},"modified":"2023-06-19T20:30:30","modified_gmt":"2023-06-19T23:30:30","slug":"ultimos-12-meses-el-empleo-privado-crecio-5-veces-mas-que-el-publico-en-la-pampa","status":"publish","type":"post","link":"http:\/\/www.rtvnoticias.com.ar\/?p=37344","title":{"rendered":"\u00daltimos 12 meses el empleo privado creci\u00f3 5 veces m\u00e1s que el p\u00fablico en La Pampa"},"content":{"rendered":"\n<p>La comparaci\u00f3n es entre marzo de 2022 y marzo de 2023. Mientras el empleo privado registrado creci\u00f3 en 2.700 nuevos puestos, el Estado pampeano increment\u00f3 en 464 agentes su planta.\u00a0 Todos estos \u00faltimos corresponden a prestaci\u00f3n servicios p\u00fablicos esenciales como salud, docencia, seguridad y justicia, ya que la planta de la administraci\u00f3n central tuvo un decrecimiento del 0,1%. <\/p>\n\n\n\n<p>A marzo de 2023, la planta de personal del Estado provincial se ubica en los 26.056 mientras que los empleados privados bajo relaci\u00f3n de dependencia ascienden en La Pampa a 40.500, suma que l\u00f3gicamente no incluye a los trabajadores independientes monotributistas. \u00a0<\/p>\n\n\n\n<p>Este informe refuerza y complementa lo detallado por el gobernador Sergio Ziliotto en el discurso inaugural de sesiones legislativas en 1\u00ba de marzo al demostrar con estad\u00edsticas\u00a0<strong>\u201cc\u00f3mo se sigue agrandando la brecha entre empleos privados y empleos p\u00fablicos\u2026 Y c\u00f3mo se desvanece el relato que en La Pampa s\u00f3lo se genera empleo p\u00fablico\u201d.<\/strong><\/p>\n\n\n\n<p><strong>Privados<\/strong><\/p>\n\n\n\n<p>La Pampa registr\u00f3 en marzo de 2023 un crecimiento en el empleo registrado privado del 7,2 % en comparaci\u00f3n con el mismo mes del a\u00f1o pasado, seg\u00fan un informe del Ministerio de Trabajo de la Naci\u00f3n.<\/p>\n\n\n\n<p>En un a\u00f1o, la Provincia sum\u00f3 casi tres mil nuevos puestos de trabajo, de los cuales 1.141 corresponden a los generados a trav\u00e9s del Programa de Fortalecimiento del Empleo Pampeano, es decir el 42 % del total de nuevos trabajos registrados.<\/p>\n\n\n\n<p>Los datos se desprenden de un informe que dio a conocer la cartera en base a los datos del Sistema Integrado Previsional Argentino (SIPA). El crecimiento del empleo privado en la Provincia fue superior al registrado a nivel nacional, que midi\u00f3 un 4,3%.<\/p>\n\n\n\n<p>La Pampa estuvo entre las jurisdicciones con \u00abmejor desempe\u00f1o relativo\u00bb, al presentar un incremento del 7,2 %, debido a que pas\u00f3 de 37,8 mil de trabajadores en marzo de 2022 a 40,5 mil en marzo 2023. En la comparaci\u00f3n mensual de los primeros tres meses del 2023, la variaci\u00f3n en la Provincia fue positiva: en enero se registr\u00f3 una variaci\u00f3n del 0,4 %, en febrero fue del 0,8 y en marzo volvi\u00f3 a ser positiva, en este caso del 0,2 %.<\/p>\n\n\n\n<p><strong>P\u00fablicos<\/strong><br>El empleo p\u00fablico en La Pampa creci\u00f3 un 1,81% entre marzo de 2022 y el mismo mes de este a\u00f1o, con la salvedad de que en las \u00e1reas administrativas hubo una ca\u00edda del 0,10%. La suba del empleo p\u00fablico fue producto de la incorporaci\u00f3n de agentes en \u00e1reas esenciales como salud, docencia y justicia, donde se produjo un crecimiento del 2,42%, impulsado por la suba del 3,61% en la cantidad de personal de Educaci\u00f3n; y del 3,11% en Salud. En el Poder Judicial el incremento en el periodo analizado fue del 0,42%. (Tambi\u00e9n se registr\u00f3 una ca\u00edda en el personal policial del 2,57%).<\/p>\n\n\n\n<p>El personal \u00abesencial\u00bb de la administraci\u00f3n p\u00fablica provincial pas\u00f3 de 19.435 a 19.905 entre marzo de 2022 y marzo de 2023.<\/p>\n\n\n\n<p>Mientras que el personal de la administraci\u00f3n central del Estado provincial tuvo una reducci\u00f3n del 0,1 % en la comparaci\u00f3n anual. Se pas\u00f3 de 6.157 trabajadores y trabajadoras en marzo de 2022, a 6.151 en marzo de 2023.<\/p>\n<div class=\"sharedaddy sd-sharing-enabled\"><div class=\"robots-nocontent sd-block sd-social sd-social-icon sd-sharing\"><h3 class=\"sd-title\">Comparte esto:<\/h3><div class=\"sd-content\"><ul><li class=\"share-twitter\"><a rel=\"nofollow noopener noreferrer\" data-shared=\"sharing-twitter-37344\" class=\"share-twitter sd-button share-icon no-text\" href=\"http:\/\/www.rtvnoticias.com.ar\/?p=37344&amp;share=twitter\" target=\"_blank\" title=\"Haz clic para compartir en Twitter\"><span><\/span><span class=\"sharing-screen-reader-text\">Haz clic para compartir en Twitter (Se abre en una ventana nueva)<\/span><\/a><\/li><li class=\"share-facebook\"><a rel=\"nofollow noopener noreferrer\" data-shared=\"sharing-facebook-37344\" class=\"share-facebook sd-button share-icon no-text\" href=\"http:\/\/www.rtvnoticias.com.ar\/?p=37344&amp;share=facebook\" target=\"_blank\" title=\"Haz clic para compartir en Facebook\"><span><\/span><span class=\"sharing-screen-reader-text\">Haz clic para compartir en Facebook (Se abre en una ventana nueva)<\/span><\/a><\/li><li class=\"share-jetpack-whatsapp\"><a rel=\"nofollow noopener noreferrer\" data-shared=\"\" class=\"share-jetpack-whatsapp sd-button share-icon no-text\" href=\"http:\/\/www.rtvnoticias.com.ar\/?p=37344&amp;share=jetpack-whatsapp\" target=\"_blank\" title=\"Haz clic para compartir en WhatsApp\"><span><\/span><span class=\"sharing-screen-reader-text\">Haz clic para compartir en WhatsApp (Se abre en una ventana nueva)<\/span><\/a><\/li><li class=\"share-telegram\"><a rel=\"nofollow noopener noreferrer\" data-shared=\"\" class=\"share-telegram sd-button share-icon no-text\" href=\"http:\/\/www.rtvnoticias.com.ar\/?p=37344&amp;share=telegram\" target=\"_blank\" title=\"Haz clic para compartir en Telegram\"><span><\/span><span class=\"sharing-screen-reader-text\">Haz clic para compartir en Telegram (Se abre en una ventana nueva)<\/span><\/a><\/li><li class=\"share-end\"><\/li><\/ul><\/div><\/div><\/div>","protected":false},"excerpt":{"rendered":"<p>La comparaci\u00f3n es entre marzo de 2022 y marzo de 2023. Mientras el empleo privado registrado creci\u00f3 en 2.700 nuevos puestos, el Estado pampeano increment\u00f3<\/p>\n<div class=\"sharedaddy sd-sharing-enabled\"><div class=\"robots-nocontent sd-block sd-social sd-social-icon sd-sharing\"><h3 class=\"sd-title\">Comparte esto:<\/h3><div class=\"sd-content\"><ul><li class=\"share-twitter\"><a rel=\"nofollow noopener noreferrer\" data-shared=\"sharing-twitter-37344\" class=\"share-twitter sd-button share-icon no-text\" href=\"http:\/\/www.rtvnoticias.com.ar\/?p=37344&amp;share=twitter\" target=\"_blank\" title=\"Haz clic para compartir en Twitter\"><span><\/span><span class=\"sharing-screen-reader-text\">Haz clic para compartir en Twitter (Se abre en una ventana nueva)<\/span><\/a><\/li><li class=\"share-facebook\"><a rel=\"nofollow noopener noreferrer\" data-shared=\"sharing-facebook-37344\" class=\"share-facebook sd-button share-icon no-text\" href=\"http:\/\/www.rtvnoticias.com.ar\/?p=37344&amp;share=facebook\" target=\"_blank\" title=\"Haz clic para compartir en Facebook\"><span><\/span><span class=\"sharing-screen-reader-text\">Haz clic para compartir en Facebook (Se abre en una ventana nueva)<\/span><\/a><\/li><li class=\"share-jetpack-whatsapp\"><a rel=\"nofollow noopener noreferrer\" data-shared=\"\" class=\"share-jetpack-whatsapp sd-button share-icon no-text\" href=\"http:\/\/www.rtvnoticias.com.ar\/?p=37344&amp;share=jetpack-whatsapp\" target=\"_blank\" title=\"Haz clic para compartir en WhatsApp\"><span><\/span><span class=\"sharing-screen-reader-text\">Haz clic para compartir en WhatsApp (Se abre en una ventana nueva)<\/span><\/a><\/li><li class=\"share-telegram\"><a rel=\"nofollow noopener noreferrer\" data-shared=\"\" class=\"share-telegram sd-button share-icon no-text\" href=\"http:\/\/www.rtvnoticias.com.ar\/?p=37344&amp;share=telegram\" target=\"_blank\" title=\"Haz clic para compartir en Telegram\"><span><\/span><span class=\"sharing-screen-reader-text\">Haz clic para compartir en Telegram (Se abre en una ventana nueva)<\/span><\/a><\/li><li class=\"share-end\"><\/li><\/ul><\/div><\/div><\/div>","protected":false},"author":5,"featured_media":0,"comment_status":"closed","ping_status":"closed","sticky":false,"template":"","format":"standard","meta":{"spay_email":"","jetpack_publicize_message":"","jetpack_is_tweetstorm":false,"jetpack_publicize_feature_enabled":true},"categories":[4],"tags":[4061],"jetpack_featured_media_url":"","jetpack_publicize_connections":[],"jetpack_sharing_enabled":true,"_links":{"self":[{"href":"http:\/\/www.rtvnoticias.com.ar\/index.php?rest_route=\/wp\/v2\/posts\/37344"}],"collection":[{"href":"http:\/\/www.rtvnoticias.com.ar\/index.php?rest_route=\/wp\/v2\/posts"}],"about":[{"href":"http:\/\/www.rtvnoticias.com.ar\/index.php?rest_route=\/wp\/v2\/types\/post"}],"author":[{"embeddable":true,"href":"http:\/\/www.rtvnoticias.com.ar\/index.php?rest_route=\/wp\/v2\/users\/5"}],"replies":[{"embeddable":true,"href":"http:\/\/www.rtvnoticias.com.ar\/index.php?rest_route=%2Fwp%2Fv2%2Fcomments&post=37344"}],"version-history":[{"count":1,"href":"http:\/\/www.rtvnoticias.com.ar\/index.php?rest_route=\/wp\/v2\/posts\/37344\/revisions"}],"predecessor-version":[{"id":37345,"href":"http:\/\/www.rtvnoticias.com.ar\/index.php?rest_route=\/wp\/v2\/posts\/37344\/revisions\/37345"}],"wp:attachment":[{"href":"http:\/\/www.rtvnoticias.com.ar\/index.php?rest_route=%2Fwp%2Fv2%2Fmedia&parent=37344"}],"wp:term":[{"taxonomy":"category","embeddable":true,"href":"http:\/\/www.rtvnoticias.com.ar\/index.php?rest_route=%2Fwp%2Fv2%2Fcategories&post=37344"},{"taxonomy":"post_tag","embeddable":true,"href":"http:\/\/www.rtvnoticias.com.ar\/index.php?rest_route=%2Fwp%2Fv2%2Ftags&post=37344"}],"curies":[{"name":"wp","href":"https:\/\/api.w.org\/{rel}","templated":true}]}}