{"id":37355,"date":"2023-06-20T14:40:43","date_gmt":"2023-06-20T17:40:43","guid":{"rendered":"http:\/\/www.rtvnoticias.com.ar\/?p=37355"},"modified":"2023-06-20T14:40:46","modified_gmt":"2023-06-20T17:40:46","slug":"acto-por-el-dia-de-la-bandera","status":"publish","type":"post","link":"http:\/\/www.rtvnoticias.com.ar\/?p=37355","title":{"rendered":"Acto por el D\u00eda de la Bandera"},"content":{"rendered":"\n<p>La Municipalidad de General Pico realiz\u00f3, de manera conjunta con la Escuela N\u00b0216, el acto por el D\u00eda de la Bandera en las instalaciones del Colegio Normal. En un auditorio colmado, alumnos y alumnas de 4\u00b0 grado realizaron la correspondiente promesa a este s\u00edmbolo patrio recibiendo sus certificaciones.<\/p>\n\n\n\n<p>Estuvo presente la intendenta Fernanda Alonso, el secretario de Ambiente y Servicios P\u00fablicos, Alberto Campo; la delegada ministerial de Educaci\u00f3n, Adriana Cerd\u00e1; la directora de la Escuela N\u00b0216, Claudia Salazar; la vicedirectora de la instituci\u00f3n, M\u00f3nica Ferrero; diputadas y diputados provinciales; autoridades del Departamento Ejecutivo Municipal; representantes del Poder Judicial; concejalas y concejales; autoridades policiales y de fuerzas de seguridad; coordinadoras de educaci\u00f3n Nivel Primario, docentes y p\u00fablico en general.<\/p>\n\n\n\n<p>La actividad comenz\u00f3 con una alocuci\u00f3n introductoria a cargo de responsables de la instituci\u00f3n para luego dar paso al ingreso de la Bandera de Ceremonia.&nbsp;<\/p>\n\n\n\n<p>En la voz de Paola Garc\u00eda e interpretados por el Ensamble Patrio, perteneciente a la Direcci\u00f3n de Cultura municipal, se entonaron las estrofas del Himno Nacional Argentino y Aurora. Tras ello, tambi\u00e9n se cant\u00f3 la canci\u00f3n Juana Azurduy, de&nbsp;F\u00e9lix Luna&nbsp;y&nbsp;Ariel Ram\u00edrez.&nbsp;<\/p>\n\n\n\n<p>A continuaci\u00f3n, se leyeron palabras alusivas a la fecha y a esta insignia patria. Luego, en el escenario, ni\u00f1os y ni\u00f1as de 4\u00b0 grado realizaron la habitual promesa. Con el retiro de la Bandera de Ceremonias, se entregaron diplomas y medallas a cada una y uno de los estudiantes participantes de dicho acto.<\/p>\n\n\n\n<p>La intendenta Alonso, en representaci\u00f3n de la Municipalidad, hizo entrega a la directora del establecimiento educativo de una bandera de ceremonias de la ciudad de General Pico, a modo de un reconocimiento a la escuela N\u00b0216.<\/p>\n\n\n\n<p>Dirigi\u00e9ndose a las y los presentes, Claudia Salazar mencion\u00f3: \u201cEsta promesa es un hito en la historia de los ni\u00f1os, ya que marca su crecimiento a trav\u00e9s del compromiso con la construcci\u00f3n de la Patria. No se trata de jurarle lealtad a un pa\u00f1o, sino de reconocerlo como s\u00edmbolo patrio, como n\u00facleo de identidad nacional\u201d.<\/p>\n\n\n\n<p>Indic\u00f3 que \u201cla promesa de lealtad a la Bandera implica, justamente, el respeto de nuestra historia, costumbres y a la dedicaci\u00f3n de quienes se sacrificaron por nuestra libertad. Se promete lealtad a nuestros valores que esta insignia representa: libertad, igualdad, fraternidad, solidaridad\u201d.&nbsp;<\/p>\n\n\n\n<p>El cierre se produjo con una representaci\u00f3n coreogr\u00e1fica de la canci\u00f3n \u201cMi Bandera es Argentina\u201d, por parte de alumnos y alumnas de 5\u00b0 y 6\u00b0 grado.&nbsp;<\/p>\n\n\n\n<figure class=\"wp-block-image size-large\"><img data-attachment-id=\"37356\" data-permalink=\"http:\/\/www.rtvnoticias.com.ar\/?attachment_id=37356\" data-orig-file=\"http:\/\/www.rtvnoticias.com.ar\/wp-content\/uploads\/2023\/06\/5A131E8E-1C66-48F7-B307-5B74DF5B1846.jpeg\" data-orig-size=\"640,360\" data-comments-opened=\"0\" data-image-meta=\"{&quot;aperture&quot;:&quot;0&quot;,&quot;credit&quot;:&quot;&quot;,&quot;camera&quot;:&quot;&quot;,&quot;caption&quot;:&quot;&quot;,&quot;created_timestamp&quot;:&quot;0&quot;,&quot;copyright&quot;:&quot;&quot;,&quot;focal_length&quot;:&quot;0&quot;,&quot;iso&quot;:&quot;0&quot;,&quot;shutter_speed&quot;:&quot;0&quot;,&quot;title&quot;:&quot;&quot;,&quot;orientation&quot;:&quot;1&quot;}\" data-image-title=\"5A131E8E-1C66-48F7-B307-5B74DF5B1846\" data-image-description=\"\" data-image-caption=\"\" data-medium-file=\"http:\/\/www.rtvnoticias.com.ar\/wp-content\/uploads\/2023\/06\/5A131E8E-1C66-48F7-B307-5B74DF5B1846-300x169.jpeg\" data-large-file=\"http:\/\/www.rtvnoticias.com.ar\/wp-content\/uploads\/2023\/06\/5A131E8E-1C66-48F7-B307-5B74DF5B1846.jpeg\" decoding=\"async\" loading=\"lazy\" width=\"640\" height=\"360\" src=\"http:\/\/www.rtvnoticias.com.ar\/wp-content\/uploads\/2023\/06\/5A131E8E-1C66-48F7-B307-5B74DF5B1846.jpeg\" alt=\"\" class=\"wp-image-37356\" srcset=\"http:\/\/www.rtvnoticias.com.ar\/wp-content\/uploads\/2023\/06\/5A131E8E-1C66-48F7-B307-5B74DF5B1846.jpeg 640w, http:\/\/www.rtvnoticias.com.ar\/wp-content\/uploads\/2023\/06\/5A131E8E-1C66-48F7-B307-5B74DF5B1846-300x169.jpeg 300w, http:\/\/www.rtvnoticias.com.ar\/wp-content\/uploads\/2023\/06\/5A131E8E-1C66-48F7-B307-5B74DF5B1846-480x270.jpeg 480w\" sizes=\"(max-width: 640px) 100vw, 640px\" \/><\/figure>\n\n\n\n<p><\/p>\n<div class=\"sharedaddy sd-sharing-enabled\"><div class=\"robots-nocontent sd-block sd-social sd-social-icon sd-sharing\"><h3 class=\"sd-title\">Comparte esto:<\/h3><div class=\"sd-content\"><ul><li class=\"share-twitter\"><a rel=\"nofollow noopener noreferrer\" data-shared=\"sharing-twitter-37355\" class=\"share-twitter sd-button share-icon no-text\" href=\"http:\/\/www.rtvnoticias.com.ar\/?p=37355&amp;share=twitter\" target=\"_blank\" title=\"Haz clic para compartir en Twitter\"><span><\/span><span class=\"sharing-screen-reader-text\">Haz clic para compartir en Twitter (Se abre en una ventana nueva)<\/span><\/a><\/li><li class=\"share-facebook\"><a rel=\"nofollow noopener noreferrer\" data-shared=\"sharing-facebook-37355\" class=\"share-facebook sd-button share-icon no-text\" href=\"http:\/\/www.rtvnoticias.com.ar\/?p=37355&amp;share=facebook\" target=\"_blank\" title=\"Haz clic para compartir en Facebook\"><span><\/span><span class=\"sharing-screen-reader-text\">Haz clic para compartir en Facebook (Se abre en una ventana nueva)<\/span><\/a><\/li><li class=\"share-jetpack-whatsapp\"><a rel=\"nofollow noopener noreferrer\" data-shared=\"\" class=\"share-jetpack-whatsapp sd-button share-icon no-text\" href=\"http:\/\/www.rtvnoticias.com.ar\/?p=37355&amp;share=jetpack-whatsapp\" target=\"_blank\" title=\"Haz clic para compartir en WhatsApp\"><span><\/span><span class=\"sharing-screen-reader-text\">Haz clic para compartir en WhatsApp (Se abre en una ventana nueva)<\/span><\/a><\/li><li class=\"share-telegram\"><a rel=\"nofollow noopener noreferrer\" data-shared=\"\" class=\"share-telegram sd-button share-icon no-text\" href=\"http:\/\/www.rtvnoticias.com.ar\/?p=37355&amp;share=telegram\" target=\"_blank\" title=\"Haz clic para compartir en Telegram\"><span><\/span><span class=\"sharing-screen-reader-text\">Haz clic para compartir en Telegram (Se abre en una ventana nueva)<\/span><\/a><\/li><li class=\"share-end\"><\/li><\/ul><\/div><\/div><\/div>","protected":false},"excerpt":{"rendered":"<p>La Municipalidad de General Pico realiz\u00f3, de manera conjunta con la Escuela N\u00b0216, el acto por el D\u00eda de la Bandera en las instalaciones del<\/p>\n<div class=\"sharedaddy sd-sharing-enabled\"><div class=\"robots-nocontent sd-block sd-social sd-social-icon sd-sharing\"><h3 class=\"sd-title\">Comparte esto:<\/h3><div class=\"sd-content\"><ul><li class=\"share-twitter\"><a rel=\"nofollow noopener noreferrer\" data-shared=\"sharing-twitter-37355\" class=\"share-twitter sd-button share-icon no-text\" href=\"http:\/\/www.rtvnoticias.com.ar\/?p=37355&amp;share=twitter\" target=\"_blank\" title=\"Haz clic para compartir en Twitter\"><span><\/span><span class=\"sharing-screen-reader-text\">Haz clic para compartir en Twitter (Se abre en una ventana nueva)<\/span><\/a><\/li><li class=\"share-facebook\"><a rel=\"nofollow noopener noreferrer\" data-shared=\"sharing-facebook-37355\" class=\"share-facebook sd-button share-icon no-text\" href=\"http:\/\/www.rtvnoticias.com.ar\/?p=37355&amp;share=facebook\" target=\"_blank\" title=\"Haz clic para compartir en Facebook\"><span><\/span><span class=\"sharing-screen-reader-text\">Haz clic para compartir en Facebook (Se abre en una ventana nueva)<\/span><\/a><\/li><li class=\"share-jetpack-whatsapp\"><a rel=\"nofollow noopener noreferrer\" data-shared=\"\" class=\"share-jetpack-whatsapp sd-button share-icon no-text\" href=\"http:\/\/www.rtvnoticias.com.ar\/?p=37355&amp;share=jetpack-whatsapp\" target=\"_blank\" title=\"Haz clic para compartir en WhatsApp\"><span><\/span><span class=\"sharing-screen-reader-text\">Haz clic para compartir en WhatsApp (Se abre en una ventana nueva)<\/span><\/a><\/li><li class=\"share-telegram\"><a rel=\"nofollow noopener noreferrer\" data-shared=\"\" class=\"share-telegram sd-button share-icon no-text\" href=\"http:\/\/www.rtvnoticias.com.ar\/?p=37355&amp;share=telegram\" target=\"_blank\" title=\"Haz clic para compartir en Telegram\"><span><\/span><span class=\"sharing-screen-reader-text\">Haz clic para compartir en Telegram (Se abre en una ventana nueva)<\/span><\/a><\/li><li class=\"share-end\"><\/li><\/ul><\/div><\/div><\/div>","protected":false},"author":5,"featured_media":0,"comment_status":"closed","ping_status":"closed","sticky":false,"template":"","format":"standard","meta":{"spay_email":"","jetpack_publicize_message":"","jetpack_is_tweetstorm":false,"jetpack_publicize_feature_enabled":true},"categories":[1],"tags":[],"jetpack_featured_media_url":"","jetpack_publicize_connections":[],"jetpack_sharing_enabled":true,"_links":{"self":[{"href":"http:\/\/www.rtvnoticias.com.ar\/index.php?rest_route=\/wp\/v2\/posts\/37355"}],"collection":[{"href":"http:\/\/www.rtvnoticias.com.ar\/index.php?rest_route=\/wp\/v2\/posts"}],"about":[{"href":"http:\/\/www.rtvnoticias.com.ar\/index.php?rest_route=\/wp\/v2\/types\/post"}],"author":[{"embeddable":true,"href":"http:\/\/www.rtvnoticias.com.ar\/index.php?rest_route=\/wp\/v2\/users\/5"}],"replies":[{"embeddable":true,"href":"http:\/\/www.rtvnoticias.com.ar\/index.php?rest_route=%2Fwp%2Fv2%2Fcomments&post=37355"}],"version-history":[{"count":1,"href":"http:\/\/www.rtvnoticias.com.ar\/index.php?rest_route=\/wp\/v2\/posts\/37355\/revisions"}],"predecessor-version":[{"id":37357,"href":"http:\/\/www.rtvnoticias.com.ar\/index.php?rest_route=\/wp\/v2\/posts\/37355\/revisions\/37357"}],"wp:attachment":[{"href":"http:\/\/www.rtvnoticias.com.ar\/index.php?rest_route=%2Fwp%2Fv2%2Fmedia&parent=37355"}],"wp:term":[{"taxonomy":"category","embeddable":true,"href":"http:\/\/www.rtvnoticias.com.ar\/index.php?rest_route=%2Fwp%2Fv2%2Fcategories&post=37355"},{"taxonomy":"post_tag","embeddable":true,"href":"http:\/\/www.rtvnoticias.com.ar\/index.php?rest_route=%2Fwp%2Fv2%2Ftags&post=37355"}],"curies":[{"name":"wp","href":"https:\/\/api.w.org\/{rel}","templated":true}]}}