{"id":37359,"date":"2023-06-20T15:02:22","date_gmt":"2023-06-20T18:02:22","guid":{"rendered":"http:\/\/www.rtvnoticias.com.ar\/?p=37359"},"modified":"2023-06-20T15:02:26","modified_gmt":"2023-06-20T18:02:26","slug":"incidentes-en-jujuy-senalan-que-el-gobierno-nacional-abandono-a-la-provincia","status":"publish","type":"post","link":"http:\/\/www.rtvnoticias.com.ar\/?p=37359","title":{"rendered":"Incidentes en Jujuy: se\u00f1alan que el Gobierno nacional \u00ababandon\u00f3\u00bb a la provincia"},"content":{"rendered":"\n<p>En medio de la tensi\u00f3n en Jujuy por la reforma parcial de la Constituci\u00f3n provincial, el presidente de la Comisi\u00f3n Redactora de la Convenci\u00f3n Constituyente, Alejandro Nievas, dijo que Gerardo Morales pidi\u00f3 al Gobierno nacional el arribo de las fuerzas federales y que Naci\u00f3n \u00abno respondi\u00f3\u00bb a la solicitud.<\/p>\n\n\n\n<p>Nievas asegur\u00f3 que en los incidentes registrados, donde manifestantes violentaron autos e incendiaron parte de la Legislatura, \u00abhay infiltrados de otras provincias, gente de izquierda y partidarios del Gobierno nacional que llegaron de Buenos Aires\u00bb.<\/p>\n\n\n\n<p>\u00abHay una manifestaci\u00f3n muy violenta con gente infiltrada que vino de otras provincias, el Gobierno nacional y la izquierda. Ya no estoy dentro de la Legislatura, pero me informan que la Polic\u00eda estar\u00eda controlando la situaci\u00f3n\u00bb, precis\u00f3.<\/p>\n\n\n\n<p>Y a\u00f1adi\u00f3, sobre los cambios en la Constituci\u00f3n provincial: \u00abComo se hab\u00eda informado, retrocedimos con dos art\u00edculos que eran buenos para las comunidades originarios y que no se hab\u00edan entendido bien\u00bb.<\/p>\n\n\n\n<p>Adem\u00e1s cuestion\u00f3 al Gobierno nacional por intentar aprovecharse de la situaci\u00f3n. \u00abHay un aprovechamiento pol\u00edtico in\u00e9dito a trav\u00e9s de sus expresiones m\u00e1s radicalizadas. Estuvieron infiltr\u00e1ndose grupos radicalizados de izquierda y kirchneristas que llegaron de Buenos Aires en avi\u00f3n, con Horacio Pietragalla, que alentaron las protestas. El Gobierno nacional no cumple con su obligaci\u00f3n de garantizar la paz social\u00bb.<\/p>\n\n\n\n<p>E insisti\u00f3: \u00abLa nueva constituci\u00f3n ten\u00eda m\u00e1s derechos para los pueblos originarios que la constituci\u00f3n anterior. Muchas comunidades originarias fueron convocadas a la Legislatura. La constituci\u00f3n provincial refleja a la nacional y garantiza los derechos de las comunidades\u00bb.<\/p>\n\n\n\n<p>Tambi\u00e9n asegur\u00f3 que \u00abquienes protestan no tienen raz\u00f3n alguna porque el art\u00edculo que gener\u00f3 dudas y conflictividad fue reformulado. No hay motivos para la violencia. Volver a la constituci\u00f3n anterior hizo perder derechos a quienes ahora se manifiestan\u00bb, lament\u00f3.<\/p>\n\n\n\n<p>Nievas expres\u00f3 que no pudo comunicarse todav\u00eda con el gobernador Morales. \u00abEl gobernador solicit\u00f3 el apoyo por escrito de las fuerzas federales al Ministro del Interior y de Seguridad para que restablezcan el orden y no han llegado. No hubo ning\u00fan tipo de respuesta por lo que s\u00e9\u00bb.<\/p>\n\n\n\n<p>\u00abDe todas formas, ya se sancion\u00f3 el texto y hay que restablecer el orden. Lo que corresponde es que el Gobierno nacional env\u00ede a las fuerzas federales para restablecerlo\u00bb, a\u00f1adi\u00f3.<\/p>\n\n\n\n<p>Y precis\u00f3: \u00abModificamos un p\u00e1rrafo, sobre los cortes de calles y rutas, pero sigue firme. Los cortes siguen siendo un delito penal. Quienes protestas encabezaron alguna lista en las elecciones que perdieron\u00bb.<\/p>\n<div class=\"sharedaddy sd-sharing-enabled\"><div class=\"robots-nocontent sd-block sd-social sd-social-icon sd-sharing\"><h3 class=\"sd-title\">Comparte esto:<\/h3><div class=\"sd-content\"><ul><li class=\"share-twitter\"><a rel=\"nofollow noopener noreferrer\" data-shared=\"sharing-twitter-37359\" class=\"share-twitter sd-button share-icon no-text\" href=\"http:\/\/www.rtvnoticias.com.ar\/?p=37359&amp;share=twitter\" target=\"_blank\" title=\"Haz clic para compartir en Twitter\"><span><\/span><span class=\"sharing-screen-reader-text\">Haz clic para compartir en Twitter (Se abre en una ventana nueva)<\/span><\/a><\/li><li class=\"share-facebook\"><a rel=\"nofollow noopener noreferrer\" data-shared=\"sharing-facebook-37359\" class=\"share-facebook sd-button share-icon no-text\" href=\"http:\/\/www.rtvnoticias.com.ar\/?p=37359&amp;share=facebook\" target=\"_blank\" title=\"Haz clic para compartir en Facebook\"><span><\/span><span class=\"sharing-screen-reader-text\">Haz clic para compartir en Facebook (Se abre en una ventana nueva)<\/span><\/a><\/li><li class=\"share-jetpack-whatsapp\"><a rel=\"nofollow noopener noreferrer\" data-shared=\"\" class=\"share-jetpack-whatsapp sd-button share-icon no-text\" href=\"http:\/\/www.rtvnoticias.com.ar\/?p=37359&amp;share=jetpack-whatsapp\" target=\"_blank\" title=\"Haz clic para compartir en WhatsApp\"><span><\/span><span class=\"sharing-screen-reader-text\">Haz clic para compartir en WhatsApp (Se abre en una ventana nueva)<\/span><\/a><\/li><li class=\"share-telegram\"><a rel=\"nofollow noopener noreferrer\" data-shared=\"\" class=\"share-telegram sd-button share-icon no-text\" href=\"http:\/\/www.rtvnoticias.com.ar\/?p=37359&amp;share=telegram\" target=\"_blank\" title=\"Haz clic para compartir en Telegram\"><span><\/span><span class=\"sharing-screen-reader-text\">Haz clic para compartir en Telegram (Se abre en una ventana nueva)<\/span><\/a><\/li><li class=\"share-end\"><\/li><\/ul><\/div><\/div><\/div>","protected":false},"excerpt":{"rendered":"<p>En medio de la tensi\u00f3n en Jujuy por la reforma parcial de la Constituci\u00f3n provincial, el presidente de la Comisi\u00f3n Redactora de la Convenci\u00f3n Constituyente,<\/p>\n<div class=\"sharedaddy sd-sharing-enabled\"><div class=\"robots-nocontent sd-block sd-social sd-social-icon sd-sharing\"><h3 class=\"sd-title\">Comparte esto:<\/h3><div class=\"sd-content\"><ul><li class=\"share-twitter\"><a rel=\"nofollow noopener noreferrer\" data-shared=\"sharing-twitter-37359\" class=\"share-twitter sd-button share-icon no-text\" href=\"http:\/\/www.rtvnoticias.com.ar\/?p=37359&amp;share=twitter\" target=\"_blank\" title=\"Haz clic para compartir en Twitter\"><span><\/span><span class=\"sharing-screen-reader-text\">Haz clic para compartir en Twitter (Se abre en una ventana nueva)<\/span><\/a><\/li><li class=\"share-facebook\"><a rel=\"nofollow noopener noreferrer\" data-shared=\"sharing-facebook-37359\" class=\"share-facebook sd-button share-icon no-text\" href=\"http:\/\/www.rtvnoticias.com.ar\/?p=37359&amp;share=facebook\" target=\"_blank\" title=\"Haz clic para compartir en Facebook\"><span><\/span><span class=\"sharing-screen-reader-text\">Haz clic para compartir en Facebook (Se abre en una ventana nueva)<\/span><\/a><\/li><li class=\"share-jetpack-whatsapp\"><a rel=\"nofollow noopener noreferrer\" data-shared=\"\" class=\"share-jetpack-whatsapp sd-button share-icon no-text\" href=\"http:\/\/www.rtvnoticias.com.ar\/?p=37359&amp;share=jetpack-whatsapp\" target=\"_blank\" title=\"Haz clic para compartir en WhatsApp\"><span><\/span><span class=\"sharing-screen-reader-text\">Haz clic para compartir en WhatsApp (Se abre en una ventana nueva)<\/span><\/a><\/li><li class=\"share-telegram\"><a rel=\"nofollow noopener noreferrer\" data-shared=\"\" class=\"share-telegram sd-button share-icon no-text\" href=\"http:\/\/www.rtvnoticias.com.ar\/?p=37359&amp;share=telegram\" target=\"_blank\" title=\"Haz clic para compartir en Telegram\"><span><\/span><span class=\"sharing-screen-reader-text\">Haz clic para compartir en Telegram (Se abre en una ventana nueva)<\/span><\/a><\/li><li class=\"share-end\"><\/li><\/ul><\/div><\/div><\/div>","protected":false},"author":7,"featured_media":37360,"comment_status":"closed","ping_status":"closed","sticky":false,"template":"","format":"standard","meta":{"spay_email":"","jetpack_publicize_message":"","jetpack_is_tweetstorm":false,"jetpack_publicize_feature_enabled":true},"categories":[5],"tags":[],"jetpack_featured_media_url":"http:\/\/www.rtvnoticias.com.ar\/wp-content\/uploads\/2023\/06\/incidentes-jujuy.jpg","jetpack_publicize_connections":[],"jetpack_sharing_enabled":true,"_links":{"self":[{"href":"http:\/\/www.rtvnoticias.com.ar\/index.php?rest_route=\/wp\/v2\/posts\/37359"}],"collection":[{"href":"http:\/\/www.rtvnoticias.com.ar\/index.php?rest_route=\/wp\/v2\/posts"}],"about":[{"href":"http:\/\/www.rtvnoticias.com.ar\/index.php?rest_route=\/wp\/v2\/types\/post"}],"author":[{"embeddable":true,"href":"http:\/\/www.rtvnoticias.com.ar\/index.php?rest_route=\/wp\/v2\/users\/7"}],"replies":[{"embeddable":true,"href":"http:\/\/www.rtvnoticias.com.ar\/index.php?rest_route=%2Fwp%2Fv2%2Fcomments&post=37359"}],"version-history":[{"count":1,"href":"http:\/\/www.rtvnoticias.com.ar\/index.php?rest_route=\/wp\/v2\/posts\/37359\/revisions"}],"predecessor-version":[{"id":37361,"href":"http:\/\/www.rtvnoticias.com.ar\/index.php?rest_route=\/wp\/v2\/posts\/37359\/revisions\/37361"}],"wp:featuredmedia":[{"embeddable":true,"href":"http:\/\/www.rtvnoticias.com.ar\/index.php?rest_route=\/wp\/v2\/media\/37360"}],"wp:attachment":[{"href":"http:\/\/www.rtvnoticias.com.ar\/index.php?rest_route=%2Fwp%2Fv2%2Fmedia&parent=37359"}],"wp:term":[{"taxonomy":"category","embeddable":true,"href":"http:\/\/www.rtvnoticias.com.ar\/index.php?rest_route=%2Fwp%2Fv2%2Fcategories&post=37359"},{"taxonomy":"post_tag","embeddable":true,"href":"http:\/\/www.rtvnoticias.com.ar\/index.php?rest_route=%2Fwp%2Fv2%2Ftags&post=37359"}],"curies":[{"name":"wp","href":"https:\/\/api.w.org\/{rel}","templated":true}]}}