{"id":37362,"date":"2023-06-20T15:10:03","date_gmt":"2023-06-20T18:10:03","guid":{"rendered":"http:\/\/www.rtvnoticias.com.ar\/?p=37362"},"modified":"2023-06-20T15:10:06","modified_gmt":"2023-06-20T18:10:06","slug":"en-luan-toro-prometieron-a-la-bandera-estudiantes-y-cadetes-de-la-policia","status":"publish","type":"post","link":"http:\/\/www.rtvnoticias.com.ar\/?p=37362","title":{"rendered":"En Luan Toro prometieron a la Bandera estudiantes y cadetes de la Polic\u00eda"},"content":{"rendered":"\n<p>El gobernador Sergio Ziliotto encabez\u00f3 esta ma\u00f1ana los actos en conmemoraci\u00f3n del D\u00eda de la Bandera en Luan Toro. All\u00ed prometieron a la Bandera alumnos de la escuela de la localidad y cadetes de la Polic\u00eda de La Pampa. \u201cEsa bandera nos representa a todos. Es el s\u00edmbolo de un camino, una cultura y una historia com\u00fan\u201d asever\u00f3 el ministro de Educaci\u00f3n, Pablo Maccione.<\/p>\n\n\n\n<p>El mandatario pampeano fue recibido por la intendenta M\u00f3nica Valor y acompa\u00f1ado por una numerosa comitiva integrada por el ministro de Gobierno, Justicia y Derechos Humanos, Ariel Rauschanberger; el ministro de Educaci\u00f3n, Pablo Maccione; el ministro de Seguridad, Horacio di N\u00e1poli; el ministro de Salud, Mario Kohan; la secretaria de la Mujer, G\u00e9neros y Diversidad Liliana Robledo; la secretaria administrativa del Senado de la Naci\u00f3n, Mar\u00eda Luz Alonso; la secretaria de Educaci\u00f3n, Marcela Feuerschvenger; la directora de Educaci\u00f3n Primaria, Mar\u00eda Godoy; la presidenta del Superior Tribunal de Justicia, Elena Fresco; el jefe del cuartel general del Comando de la X Brigada, Mat\u00edas Ortellado, el subjefe de la Polic\u00eda de La Pampa, Carlos Sosa; el rector del Instituto Policial, H\u00e9ctor Sosa; concejales, instituciones intermedias, e integrantes del Centros de Veteranos de Malvinas.<\/p>\n\n\n\n<p><strong>El sentido de prometer a la Bandera<br><\/strong>Doce alumnos de la Escuela N\u00ba 55 de Luan Toro prometieron a la Bandera, como as\u00ed tambi\u00e9n lo hicieron cuarenta cadetes de la Polic\u00eda de La Pampa. En ese marco, el ministro de Educaci\u00f3n expres\u00f3 que \u201ces un d\u00eda de mucha emoci\u00f3n y orgullo, porque si bien conmemoramos el D\u00eda de la Bandera y la figura de su creador, Manuel Belgrano, sabemos lo que significa para la familia, para los docentes, el llegar al momento donde nuestros estudiantes prometen a la Bandera, como tambi\u00e9n lo hacen las fuerzas de seguridad. Porque esa bandera nos representa a todos. Es el s\u00edmbolo de un camino, una cultura y una historia com\u00fan\u201d.<br>\u201cManuel Belgrano -relat\u00f3 el titular de la cartera educativa-, que condujo ej\u00e9rcitos sin tener una carrera militar, ten\u00eda convicci\u00f3n de construir un pa\u00eds que tuviera sus propias autoridades y una Patria que incluyera a todos. Hoy, cuando prometamos lealtad a la bandera, tenemos que pensar que si Belgrano, como Juana Azurduy, como Remedios del Valle, como G\u00fcemes, como San Mart\u00edn, pudieron comprometerse con su Patria, nosotros tambi\u00e9n podemos aportar nuestro esfuerzo y nuestro trabajo para que esta Patria sea inclusiva, libre, soberana y tenga justicia social. Una Patria que nos contenga a todas y todos, que tenga equidad e inclusi\u00f3n, para hacerla grande y tener un pueblo feliz\u201d.<\/p>\n\n\n\n<p><strong>Luan Toro se viste de celeste y blanco<br><\/strong>La intendenta de Luan Toro, M\u00f3nica Valor, dio la bienvenida a los presentes y afirm\u00f3 que \u201choy, Luan Toro se viste de celeste y blanco\u201d e hizo una recorrida hist\u00f3rica sobre la creaci\u00f3n de la Bandera Argentina por parte de Manuel Belgrano, en el d\u00eda de su fallecimiento. \u201cNuestra bandera nos hermana en nuestro lugar y nos representa en el mundo. Es el s\u00edmbolo de la lucha por alcanzar la libertad del pueblo argentino. En ella est\u00e1n inscriptas las luchas por la independencia, la libertad, la defensa de nuestra soberan\u00eda y los nombres de los h\u00e9roes an\u00f3nimos que murieron por la Patria\u201d, dijo la jefa comunal.<br>Y enfatiz\u00f3 que \u201cjuramos y prometemos respetarla y defenderla cada uno desde el lugar que nos toca desempe\u00f1ar, trabajando para tener el pa\u00eds que todas y todos so\u00f1amos\u201d.<br>La intendenta Valor agradeci\u00f3 a las autoridades \u201cy en especial al gobernador, que hacen posible una gesti\u00f3n en la que las necesidades e intereses del pueblo son la prioridad. Y que me han permitido, durante todos estos a\u00f1os como intendenta, cumplir con los objetivos propuestos. Ver que Luan Toro sigue creciendo me llena de orgullo. Nada ser\u00eda posible sin un plan de gobierno provincial y nacional como el que hoy tenemos\u201d concluy\u00f3.<\/p>\n<div class=\"sharedaddy sd-sharing-enabled\"><div class=\"robots-nocontent sd-block sd-social sd-social-icon sd-sharing\"><h3 class=\"sd-title\">Comparte esto:<\/h3><div class=\"sd-content\"><ul><li class=\"share-twitter\"><a rel=\"nofollow noopener noreferrer\" data-shared=\"sharing-twitter-37362\" class=\"share-twitter sd-button share-icon no-text\" href=\"http:\/\/www.rtvnoticias.com.ar\/?p=37362&amp;share=twitter\" target=\"_blank\" title=\"Haz clic para compartir en Twitter\"><span><\/span><span class=\"sharing-screen-reader-text\">Haz clic para compartir en Twitter (Se abre en una ventana nueva)<\/span><\/a><\/li><li class=\"share-facebook\"><a rel=\"nofollow noopener noreferrer\" data-shared=\"sharing-facebook-37362\" class=\"share-facebook sd-button share-icon no-text\" href=\"http:\/\/www.rtvnoticias.com.ar\/?p=37362&amp;share=facebook\" target=\"_blank\" title=\"Haz clic para compartir en Facebook\"><span><\/span><span class=\"sharing-screen-reader-text\">Haz clic para compartir en Facebook (Se abre en una ventana nueva)<\/span><\/a><\/li><li class=\"share-jetpack-whatsapp\"><a rel=\"nofollow noopener noreferrer\" data-shared=\"\" class=\"share-jetpack-whatsapp sd-button share-icon no-text\" href=\"http:\/\/www.rtvnoticias.com.ar\/?p=37362&amp;share=jetpack-whatsapp\" target=\"_blank\" title=\"Haz clic para compartir en WhatsApp\"><span><\/span><span class=\"sharing-screen-reader-text\">Haz clic para compartir en WhatsApp (Se abre en una ventana nueva)<\/span><\/a><\/li><li class=\"share-telegram\"><a rel=\"nofollow noopener noreferrer\" data-shared=\"\" class=\"share-telegram sd-button share-icon no-text\" href=\"http:\/\/www.rtvnoticias.com.ar\/?p=37362&amp;share=telegram\" target=\"_blank\" title=\"Haz clic para compartir en Telegram\"><span><\/span><span class=\"sharing-screen-reader-text\">Haz clic para compartir en Telegram (Se abre en una ventana nueva)<\/span><\/a><\/li><li class=\"share-end\"><\/li><\/ul><\/div><\/div><\/div>","protected":false},"excerpt":{"rendered":"<p>El gobernador Sergio Ziliotto encabez\u00f3 esta ma\u00f1ana los actos en conmemoraci\u00f3n del D\u00eda de la Bandera en Luan Toro. All\u00ed prometieron a la Bandera alumnos<\/p>\n<div class=\"sharedaddy sd-sharing-enabled\"><div class=\"robots-nocontent sd-block sd-social sd-social-icon sd-sharing\"><h3 class=\"sd-title\">Comparte esto:<\/h3><div class=\"sd-content\"><ul><li class=\"share-twitter\"><a rel=\"nofollow noopener noreferrer\" data-shared=\"sharing-twitter-37362\" class=\"share-twitter sd-button share-icon no-text\" href=\"http:\/\/www.rtvnoticias.com.ar\/?p=37362&amp;share=twitter\" target=\"_blank\" title=\"Haz clic para compartir en Twitter\"><span><\/span><span class=\"sharing-screen-reader-text\">Haz clic para compartir en Twitter (Se abre en una ventana nueva)<\/span><\/a><\/li><li class=\"share-facebook\"><a rel=\"nofollow noopener noreferrer\" data-shared=\"sharing-facebook-37362\" class=\"share-facebook sd-button share-icon no-text\" href=\"http:\/\/www.rtvnoticias.com.ar\/?p=37362&amp;share=facebook\" target=\"_blank\" title=\"Haz clic para compartir en Facebook\"><span><\/span><span class=\"sharing-screen-reader-text\">Haz clic para compartir en Facebook (Se abre en una ventana nueva)<\/span><\/a><\/li><li class=\"share-jetpack-whatsapp\"><a rel=\"nofollow noopener noreferrer\" data-shared=\"\" class=\"share-jetpack-whatsapp sd-button share-icon no-text\" href=\"http:\/\/www.rtvnoticias.com.ar\/?p=37362&amp;share=jetpack-whatsapp\" target=\"_blank\" title=\"Haz clic para compartir en WhatsApp\"><span><\/span><span class=\"sharing-screen-reader-text\">Haz clic para compartir en WhatsApp (Se abre en una ventana nueva)<\/span><\/a><\/li><li class=\"share-telegram\"><a rel=\"nofollow noopener noreferrer\" data-shared=\"\" class=\"share-telegram sd-button share-icon no-text\" href=\"http:\/\/www.rtvnoticias.com.ar\/?p=37362&amp;share=telegram\" target=\"_blank\" title=\"Haz clic para compartir en Telegram\"><span><\/span><span class=\"sharing-screen-reader-text\">Haz clic para compartir en Telegram (Se abre en una ventana nueva)<\/span><\/a><\/li><li class=\"share-end\"><\/li><\/ul><\/div><\/div><\/div>","protected":false},"author":7,"featured_media":37363,"comment_status":"closed","ping_status":"closed","sticky":false,"template":"","format":"standard","meta":{"spay_email":"","jetpack_publicize_message":"","jetpack_is_tweetstorm":false,"jetpack_publicize_feature_enabled":true},"categories":[4],"tags":[],"jetpack_featured_media_url":"http:\/\/www.rtvnoticias.com.ar\/wp-content\/uploads\/2023\/06\/acto-bandera-luan-toro-scaled.jpg","jetpack_publicize_connections":[],"jetpack_sharing_enabled":true,"_links":{"self":[{"href":"http:\/\/www.rtvnoticias.com.ar\/index.php?rest_route=\/wp\/v2\/posts\/37362"}],"collection":[{"href":"http:\/\/www.rtvnoticias.com.ar\/index.php?rest_route=\/wp\/v2\/posts"}],"about":[{"href":"http:\/\/www.rtvnoticias.com.ar\/index.php?rest_route=\/wp\/v2\/types\/post"}],"author":[{"embeddable":true,"href":"http:\/\/www.rtvnoticias.com.ar\/index.php?rest_route=\/wp\/v2\/users\/7"}],"replies":[{"embeddable":true,"href":"http:\/\/www.rtvnoticias.com.ar\/index.php?rest_route=%2Fwp%2Fv2%2Fcomments&post=37362"}],"version-history":[{"count":1,"href":"http:\/\/www.rtvnoticias.com.ar\/index.php?rest_route=\/wp\/v2\/posts\/37362\/revisions"}],"predecessor-version":[{"id":37364,"href":"http:\/\/www.rtvnoticias.com.ar\/index.php?rest_route=\/wp\/v2\/posts\/37362\/revisions\/37364"}],"wp:featuredmedia":[{"embeddable":true,"href":"http:\/\/www.rtvnoticias.com.ar\/index.php?rest_route=\/wp\/v2\/media\/37363"}],"wp:attachment":[{"href":"http:\/\/www.rtvnoticias.com.ar\/index.php?rest_route=%2Fwp%2Fv2%2Fmedia&parent=37362"}],"wp:term":[{"taxonomy":"category","embeddable":true,"href":"http:\/\/www.rtvnoticias.com.ar\/index.php?rest_route=%2Fwp%2Fv2%2Fcategories&post=37362"},{"taxonomy":"post_tag","embeddable":true,"href":"http:\/\/www.rtvnoticias.com.ar\/index.php?rest_route=%2Fwp%2Fv2%2Ftags&post=37362"}],"curies":[{"name":"wp","href":"https:\/\/api.w.org\/{rel}","templated":true}]}}