{"id":37384,"date":"2023-06-22T09:17:51","date_gmt":"2023-06-22T12:17:51","guid":{"rendered":"http:\/\/www.rtvnoticias.com.ar\/?p=37384"},"modified":"2023-06-22T09:17:54","modified_gmt":"2023-06-22T12:17:54","slug":"hoy-paran-las-escuelas-pampeanas","status":"publish","type":"post","link":"http:\/\/www.rtvnoticias.com.ar\/?p=37384","title":{"rendered":"Hoy paran las escuelas pampeanas"},"content":{"rendered":"\n<p>En las escuelas pampeanas hay paro durante este jueves. La Uni\u00f3n de Trabajadoras\/es de la Educaci\u00f3n de La Pampa (Utelpa) se sum\u00f3 en la provincia a la medida en rechazo a la \u201cbrutal represi\u00f3n\u201d del Gobierno de Gerardo Morales a los que protestan contra la reforma de la Constituci\u00f3n jue\u00f1a. \u201cUtelpa condena en\u00e9rgicamente la violencia estatal y brutal represi\u00f3n ordenada por Gerardo Morales al pueblo movilizado de Jujuy que, ejerciendo su leg\u00edtimo derecho a la protesta se expide en contra de la reforma de la constituci\u00f3n provincial\u201d, dijo Rosana Gugliara, secretaria general del gremio.<\/p>\n\n\n\n<p>\u201cA 40 a\u00f1os de democracia, no permitiremos que nos arrebaten un derecho b\u00e1sico como es la movilizaci\u00f3n y la protesta, y alzamos la voz contra las detenciones ilegales y el hostigamiento a nuestros pueblos originarios. Nos solidarizamos y apoyamos la lucha del pueblo juje\u00f1o y adherimos a lo propuesto nuestra central docente (CTERA) convocando al Paro Nacional. Los motivos son: cese de la represi\u00f3n, aumento salarial a los docentes y rechazo a la Reforma Constitucional. El jueves 22 CTERA y los gremios de base estaremos acompa\u00f1ando esta lucha con la coherencia y el compromiso de fortalecer las organizaciones en defensa de los derechos ganados y de la escuela p\u00fablica argentina\u201d, finaliz\u00f3.<\/p>\n\n\n\n<p>Tambi\u00e9n el Sindicato de los Trabajadores y Trabajadoras de la Educaci\u00f3n Pampeana (Sitep) llam\u00f3 a los y las docentes pampeanos a parar este jueves en repudio a la represi\u00f3n en Jujuy. \u201cLos acontecimientos en Jujuy son de extrema gravedad. La reforma constitucional del gobernador Morales, en complicidad con la \u2018oposici\u00f3n\u2019 del PJ, carece de legitimidad al no ser consultada con el pueblo juje\u00f1o. Pretenden extinguir el derecho de huelga y de protesta, criminalizar las luchas y legalizar la represi\u00f3n a docentes, trabajadores, comunidades originarias y el pueblo en su conjunto\u201d, sostuvo el Sitep.<\/p>\n<div class=\"sharedaddy sd-sharing-enabled\"><div class=\"robots-nocontent sd-block sd-social sd-social-icon sd-sharing\"><h3 class=\"sd-title\">Comparte esto:<\/h3><div class=\"sd-content\"><ul><li class=\"share-twitter\"><a rel=\"nofollow noopener noreferrer\" data-shared=\"sharing-twitter-37384\" class=\"share-twitter sd-button share-icon no-text\" href=\"http:\/\/www.rtvnoticias.com.ar\/?p=37384&amp;share=twitter\" target=\"_blank\" title=\"Haz clic para compartir en Twitter\"><span><\/span><span class=\"sharing-screen-reader-text\">Haz clic para compartir en Twitter (Se abre en una ventana nueva)<\/span><\/a><\/li><li class=\"share-facebook\"><a rel=\"nofollow noopener noreferrer\" data-shared=\"sharing-facebook-37384\" class=\"share-facebook sd-button share-icon no-text\" href=\"http:\/\/www.rtvnoticias.com.ar\/?p=37384&amp;share=facebook\" target=\"_blank\" title=\"Haz clic para compartir en Facebook\"><span><\/span><span class=\"sharing-screen-reader-text\">Haz clic para compartir en Facebook (Se abre en una ventana nueva)<\/span><\/a><\/li><li class=\"share-jetpack-whatsapp\"><a rel=\"nofollow noopener noreferrer\" data-shared=\"\" class=\"share-jetpack-whatsapp sd-button share-icon no-text\" href=\"http:\/\/www.rtvnoticias.com.ar\/?p=37384&amp;share=jetpack-whatsapp\" target=\"_blank\" title=\"Haz clic para compartir en WhatsApp\"><span><\/span><span class=\"sharing-screen-reader-text\">Haz clic para compartir en WhatsApp (Se abre en una ventana nueva)<\/span><\/a><\/li><li class=\"share-telegram\"><a rel=\"nofollow noopener noreferrer\" data-shared=\"\" class=\"share-telegram sd-button share-icon no-text\" href=\"http:\/\/www.rtvnoticias.com.ar\/?p=37384&amp;share=telegram\" target=\"_blank\" title=\"Haz clic para compartir en Telegram\"><span><\/span><span class=\"sharing-screen-reader-text\">Haz clic para compartir en Telegram (Se abre en una ventana nueva)<\/span><\/a><\/li><li class=\"share-end\"><\/li><\/ul><\/div><\/div><\/div>","protected":false},"excerpt":{"rendered":"<p>En las escuelas pampeanas hay paro durante este jueves. La Uni\u00f3n de Trabajadoras\/es de la Educaci\u00f3n de La Pampa (Utelpa) se sum\u00f3 en la provincia<\/p>\n<div class=\"sharedaddy sd-sharing-enabled\"><div class=\"robots-nocontent sd-block sd-social sd-social-icon sd-sharing\"><h3 class=\"sd-title\">Comparte esto:<\/h3><div class=\"sd-content\"><ul><li class=\"share-twitter\"><a rel=\"nofollow noopener noreferrer\" data-shared=\"sharing-twitter-37384\" class=\"share-twitter sd-button share-icon no-text\" href=\"http:\/\/www.rtvnoticias.com.ar\/?p=37384&amp;share=twitter\" target=\"_blank\" title=\"Haz clic para compartir en Twitter\"><span><\/span><span class=\"sharing-screen-reader-text\">Haz clic para compartir en Twitter (Se abre en una ventana nueva)<\/span><\/a><\/li><li class=\"share-facebook\"><a rel=\"nofollow noopener noreferrer\" data-shared=\"sharing-facebook-37384\" class=\"share-facebook sd-button share-icon no-text\" href=\"http:\/\/www.rtvnoticias.com.ar\/?p=37384&amp;share=facebook\" target=\"_blank\" title=\"Haz clic para compartir en Facebook\"><span><\/span><span class=\"sharing-screen-reader-text\">Haz clic para compartir en Facebook (Se abre en una ventana nueva)<\/span><\/a><\/li><li class=\"share-jetpack-whatsapp\"><a rel=\"nofollow noopener noreferrer\" data-shared=\"\" class=\"share-jetpack-whatsapp sd-button share-icon no-text\" href=\"http:\/\/www.rtvnoticias.com.ar\/?p=37384&amp;share=jetpack-whatsapp\" target=\"_blank\" title=\"Haz clic para compartir en WhatsApp\"><span><\/span><span class=\"sharing-screen-reader-text\">Haz clic para compartir en WhatsApp (Se abre en una ventana nueva)<\/span><\/a><\/li><li class=\"share-telegram\"><a rel=\"nofollow noopener noreferrer\" data-shared=\"\" class=\"share-telegram sd-button share-icon no-text\" href=\"http:\/\/www.rtvnoticias.com.ar\/?p=37384&amp;share=telegram\" target=\"_blank\" title=\"Haz clic para compartir en Telegram\"><span><\/span><span class=\"sharing-screen-reader-text\">Haz clic para compartir en Telegram (Se abre en una ventana nueva)<\/span><\/a><\/li><li class=\"share-end\"><\/li><\/ul><\/div><\/div><\/div>","protected":false},"author":7,"featured_media":27613,"comment_status":"closed","ping_status":"closed","sticky":false,"template":"","format":"standard","meta":{"spay_email":"","jetpack_publicize_message":"","jetpack_is_tweetstorm":false,"jetpack_publicize_feature_enabled":true},"categories":[1],"tags":[],"jetpack_featured_media_url":"http:\/\/www.rtvnoticias.com.ar\/wp-content\/uploads\/2021\/06\/aula-vacia1.jpg","jetpack_publicize_connections":[],"jetpack_sharing_enabled":true,"_links":{"self":[{"href":"http:\/\/www.rtvnoticias.com.ar\/index.php?rest_route=\/wp\/v2\/posts\/37384"}],"collection":[{"href":"http:\/\/www.rtvnoticias.com.ar\/index.php?rest_route=\/wp\/v2\/posts"}],"about":[{"href":"http:\/\/www.rtvnoticias.com.ar\/index.php?rest_route=\/wp\/v2\/types\/post"}],"author":[{"embeddable":true,"href":"http:\/\/www.rtvnoticias.com.ar\/index.php?rest_route=\/wp\/v2\/users\/7"}],"replies":[{"embeddable":true,"href":"http:\/\/www.rtvnoticias.com.ar\/index.php?rest_route=%2Fwp%2Fv2%2Fcomments&post=37384"}],"version-history":[{"count":1,"href":"http:\/\/www.rtvnoticias.com.ar\/index.php?rest_route=\/wp\/v2\/posts\/37384\/revisions"}],"predecessor-version":[{"id":37385,"href":"http:\/\/www.rtvnoticias.com.ar\/index.php?rest_route=\/wp\/v2\/posts\/37384\/revisions\/37385"}],"wp:featuredmedia":[{"embeddable":true,"href":"http:\/\/www.rtvnoticias.com.ar\/index.php?rest_route=\/wp\/v2\/media\/27613"}],"wp:attachment":[{"href":"http:\/\/www.rtvnoticias.com.ar\/index.php?rest_route=%2Fwp%2Fv2%2Fmedia&parent=37384"}],"wp:term":[{"taxonomy":"category","embeddable":true,"href":"http:\/\/www.rtvnoticias.com.ar\/index.php?rest_route=%2Fwp%2Fv2%2Fcategories&post=37384"},{"taxonomy":"post_tag","embeddable":true,"href":"http:\/\/www.rtvnoticias.com.ar\/index.php?rest_route=%2Fwp%2Fv2%2Ftags&post=37384"}],"curies":[{"name":"wp","href":"https:\/\/api.w.org\/{rel}","templated":true}]}}