{"id":37391,"date":"2023-06-22T09:46:55","date_gmt":"2023-06-22T12:46:55","guid":{"rendered":"http:\/\/www.rtvnoticias.com.ar\/?p=37391"},"modified":"2023-06-22T09:46:58","modified_gmt":"2023-06-22T12:46:58","slug":"un-ladron-mato-a-un-policia-de-un-balazo-en-la-cabeza-en-san-miguel","status":"publish","type":"post","link":"http:\/\/www.rtvnoticias.com.ar\/?p=37391","title":{"rendered":"Un ladr\u00f3n mat\u00f3 a un polic\u00eda de un balazo en la cabeza en San Miguel"},"content":{"rendered":"\n<p>Un polic\u00eda fue asesinado este mi\u00e9rcoles por la tarde de un balazo en la cabeza por al menos un ladr\u00f3n con el que se enfrent\u00f3 a tiros tras un intento de robo, en la localidad bonaerense de San Miguel.<\/p>\n\n\n\n<p>La v\u00edctima fatal fue identificada como Adri\u00e1n Ricardo Almada, de 28 a\u00f1os, quien fue sorprendido por un delincuente para sacarle su morral cuando estaba circulando con su moto vestido de civil.<\/p>\n\n\n\n<p>El violento suceso ocurri\u00f3 a las 17 en la equina de Coronel Charlone y El Zonda. Seg\u00fan fuentes policiales, al menos un delincuente armado le sac\u00f3 un morral negro, por lo que el efectivo dio la voz de alto, motivo que desat\u00f3 la posterior balacera.<\/p>\n\n\n\n<p>El ladr\u00f3n escap\u00f3 y se escondi\u00f3 del polic\u00eda, que lo estaba persiguiendo. Cuando este \u00faltimo se acerc\u00f3, recibi\u00f3 un disparo mortal.<\/p>\n\n\n\n<p>Almada ten\u00eda el casco puesto y sufri\u00f3 una herida de bala en el lateral izquierdo de la cabeza, de acuerdo a lo que constataron los efectivos que arribaron a la zona. Al lado del fallecido estaba su arma reglamentaria Bersa Thunder.<\/p>\n\n\n\n<p>La Polic\u00eda mont\u00f3 un operativo cerrojo para atrapar al asesino de Almada y, gracias al testimonio de los vecinos de la zona, lograron su cometido. El sospechoso de 34 a\u00f1os se encontraba al fondo de una propiedad, donde finalmente fue detenido.<\/p>\n\n\n\n<p>Los efectivos secuestraron una campera y un pantal\u00f3n que el ladr\u00f3n habr\u00eda descartado durante su fuga. Adem\u00e1s, encontraron el morral y un rev\u00f3lver calibre .32 cargado y con cartuchos percutados.<\/p>\n\n\n\n<p>Interviene en la investigaci\u00f3n la Unidad Funcional de Instrucci\u00f3n N\u00ba 19 Malvinas Argentinas del departamento judicial de San Mart\u00edn, que est\u00e1 bajo las \u00f3rdenes de los fiscales Mirna S\u00e1nchez y Germ\u00e1n Weigel Mu\u00f1oz.<\/p>\n\n\n\n<p>La causa fue caratulada como homicidio en ocasi\u00f3n de robo. Ordenaron que la Gendarmer\u00eda lleve adelante las actuaciones correspondientes.<\/p>\n\n\n\n<p>Fuente: Cadena 3<\/p>\n<div class=\"sharedaddy sd-sharing-enabled\"><div class=\"robots-nocontent sd-block sd-social sd-social-icon sd-sharing\"><h3 class=\"sd-title\">Comparte esto:<\/h3><div class=\"sd-content\"><ul><li class=\"share-twitter\"><a rel=\"nofollow noopener noreferrer\" data-shared=\"sharing-twitter-37391\" class=\"share-twitter sd-button share-icon no-text\" href=\"http:\/\/www.rtvnoticias.com.ar\/?p=37391&amp;share=twitter\" target=\"_blank\" title=\"Haz clic para compartir en Twitter\"><span><\/span><span class=\"sharing-screen-reader-text\">Haz clic para compartir en Twitter (Se abre en una ventana nueva)<\/span><\/a><\/li><li class=\"share-facebook\"><a rel=\"nofollow noopener noreferrer\" data-shared=\"sharing-facebook-37391\" class=\"share-facebook sd-button share-icon no-text\" href=\"http:\/\/www.rtvnoticias.com.ar\/?p=37391&amp;share=facebook\" target=\"_blank\" title=\"Haz clic para compartir en Facebook\"><span><\/span><span class=\"sharing-screen-reader-text\">Haz clic para compartir en Facebook (Se abre en una ventana nueva)<\/span><\/a><\/li><li class=\"share-jetpack-whatsapp\"><a rel=\"nofollow noopener noreferrer\" data-shared=\"\" class=\"share-jetpack-whatsapp sd-button share-icon no-text\" href=\"http:\/\/www.rtvnoticias.com.ar\/?p=37391&amp;share=jetpack-whatsapp\" target=\"_blank\" title=\"Haz clic para compartir en WhatsApp\"><span><\/span><span class=\"sharing-screen-reader-text\">Haz clic para compartir en WhatsApp (Se abre en una ventana nueva)<\/span><\/a><\/li><li class=\"share-telegram\"><a rel=\"nofollow noopener noreferrer\" data-shared=\"\" class=\"share-telegram sd-button share-icon no-text\" href=\"http:\/\/www.rtvnoticias.com.ar\/?p=37391&amp;share=telegram\" target=\"_blank\" title=\"Haz clic para compartir en Telegram\"><span><\/span><span class=\"sharing-screen-reader-text\">Haz clic para compartir en Telegram (Se abre en una ventana nueva)<\/span><\/a><\/li><li class=\"share-end\"><\/li><\/ul><\/div><\/div><\/div>","protected":false},"excerpt":{"rendered":"<p>Un polic\u00eda fue asesinado este mi\u00e9rcoles por la tarde de un balazo en la cabeza por al menos un ladr\u00f3n con el que se enfrent\u00f3<\/p>\n<div class=\"sharedaddy sd-sharing-enabled\"><div class=\"robots-nocontent sd-block sd-social sd-social-icon sd-sharing\"><h3 class=\"sd-title\">Comparte esto:<\/h3><div class=\"sd-content\"><ul><li class=\"share-twitter\"><a rel=\"nofollow noopener noreferrer\" data-shared=\"sharing-twitter-37391\" class=\"share-twitter sd-button share-icon no-text\" href=\"http:\/\/www.rtvnoticias.com.ar\/?p=37391&amp;share=twitter\" target=\"_blank\" title=\"Haz clic para compartir en Twitter\"><span><\/span><span class=\"sharing-screen-reader-text\">Haz clic para compartir en Twitter (Se abre en una ventana nueva)<\/span><\/a><\/li><li class=\"share-facebook\"><a rel=\"nofollow noopener noreferrer\" data-shared=\"sharing-facebook-37391\" class=\"share-facebook sd-button share-icon no-text\" href=\"http:\/\/www.rtvnoticias.com.ar\/?p=37391&amp;share=facebook\" target=\"_blank\" title=\"Haz clic para compartir en Facebook\"><span><\/span><span class=\"sharing-screen-reader-text\">Haz clic para compartir en Facebook (Se abre en una ventana nueva)<\/span><\/a><\/li><li class=\"share-jetpack-whatsapp\"><a rel=\"nofollow noopener noreferrer\" data-shared=\"\" class=\"share-jetpack-whatsapp sd-button share-icon no-text\" href=\"http:\/\/www.rtvnoticias.com.ar\/?p=37391&amp;share=jetpack-whatsapp\" target=\"_blank\" title=\"Haz clic para compartir en WhatsApp\"><span><\/span><span class=\"sharing-screen-reader-text\">Haz clic para compartir en WhatsApp (Se abre en una ventana nueva)<\/span><\/a><\/li><li class=\"share-telegram\"><a rel=\"nofollow noopener noreferrer\" data-shared=\"\" class=\"share-telegram sd-button share-icon no-text\" href=\"http:\/\/www.rtvnoticias.com.ar\/?p=37391&amp;share=telegram\" target=\"_blank\" title=\"Haz clic para compartir en Telegram\"><span><\/span><span class=\"sharing-screen-reader-text\">Haz clic para compartir en Telegram (Se abre en una ventana nueva)<\/span><\/a><\/li><li class=\"share-end\"><\/li><\/ul><\/div><\/div><\/div>","protected":false},"author":5,"featured_media":37392,"comment_status":"closed","ping_status":"closed","sticky":false,"template":"","format":"standard","meta":{"spay_email":"","jetpack_publicize_message":"","jetpack_is_tweetstorm":false,"jetpack_publicize_feature_enabled":true},"categories":[5],"tags":[4064],"jetpack_featured_media_url":"http:\/\/www.rtvnoticias.com.ar\/wp-content\/uploads\/2023\/06\/almada.jpg","jetpack_publicize_connections":[],"jetpack_sharing_enabled":true,"_links":{"self":[{"href":"http:\/\/www.rtvnoticias.com.ar\/index.php?rest_route=\/wp\/v2\/posts\/37391"}],"collection":[{"href":"http:\/\/www.rtvnoticias.com.ar\/index.php?rest_route=\/wp\/v2\/posts"}],"about":[{"href":"http:\/\/www.rtvnoticias.com.ar\/index.php?rest_route=\/wp\/v2\/types\/post"}],"author":[{"embeddable":true,"href":"http:\/\/www.rtvnoticias.com.ar\/index.php?rest_route=\/wp\/v2\/users\/5"}],"replies":[{"embeddable":true,"href":"http:\/\/www.rtvnoticias.com.ar\/index.php?rest_route=%2Fwp%2Fv2%2Fcomments&post=37391"}],"version-history":[{"count":1,"href":"http:\/\/www.rtvnoticias.com.ar\/index.php?rest_route=\/wp\/v2\/posts\/37391\/revisions"}],"predecessor-version":[{"id":37393,"href":"http:\/\/www.rtvnoticias.com.ar\/index.php?rest_route=\/wp\/v2\/posts\/37391\/revisions\/37393"}],"wp:featuredmedia":[{"embeddable":true,"href":"http:\/\/www.rtvnoticias.com.ar\/index.php?rest_route=\/wp\/v2\/media\/37392"}],"wp:attachment":[{"href":"http:\/\/www.rtvnoticias.com.ar\/index.php?rest_route=%2Fwp%2Fv2%2Fmedia&parent=37391"}],"wp:term":[{"taxonomy":"category","embeddable":true,"href":"http:\/\/www.rtvnoticias.com.ar\/index.php?rest_route=%2Fwp%2Fv2%2Fcategories&post=37391"},{"taxonomy":"post_tag","embeddable":true,"href":"http:\/\/www.rtvnoticias.com.ar\/index.php?rest_route=%2Fwp%2Fv2%2Ftags&post=37391"}],"curies":[{"name":"wp","href":"https:\/\/api.w.org\/{rel}","templated":true}]}}