{"id":37446,"date":"2023-06-25T09:50:00","date_gmt":"2023-06-25T12:50:00","guid":{"rendered":"http:\/\/www.rtvnoticias.com.ar\/?p=37446"},"modified":"2023-06-25T00:09:25","modified_gmt":"2023-06-25T03:09:25","slug":"cierre-de-listas-para-las-paso-cuales-son-las-formulas-confirmadas","status":"publish","type":"post","link":"http:\/\/www.rtvnoticias.com.ar\/?p=37446","title":{"rendered":"Cierre de listas para las PASO: cu\u00e1les son las f\u00f3rmulas confirmadas"},"content":{"rendered":"\n<p>Estas son las f\u00f3rmulas presidenciales que quedaron oficializadas este s\u00e1bado ante las juntas electorales partidarias para competir en las primarias abiertas, simult\u00e1neas y obligatorias (PASO) del 13 de agosto pr\u00f3ximo, en las que tres frentes -Uni\u00f3n por la Patria, Juntos por el Cambio y la Izquierda- tendr\u00e1n competencia interna.<\/p>\n\n\n\n<p>Todas ellas deber\u00e1n pasar el piso del 1,5 por ciento de los votos en las PASO para poder competir en la instancia de las elecciones generales del 22 de octubre.<\/p>\n\n\n\n<p><strong>UNION POR LA PATRIA<\/strong><\/p>\n\n\n\n<ul><li>Por Uni\u00f3n por la Patria (UxP) se formaliz\u00f3 el binomio integrado por el ministro de Econom\u00eda, Sergio Massa y el jefe de Gabinete, Agust\u00edn Rossi, la f\u00f3rmula de unidad alcanzada por los sectores mayoritarios de la coalici\u00f3n oficialista, anunciada anoche sorpresivamente tras intensa negociaciones hasta \u00faltimo momento.<\/li><\/ul>\n\n\n\n<p>Pero no ser\u00e1 la \u00fanica f\u00f3rmula dentro de ese espacio ya que finalmente el referente del Patria Frente Grande, Juan Grabois, logr\u00f3 obtener los avales y se present\u00f3 como precandidato presidencial, acompa\u00f1ado en la f\u00f3rmula por la docente e investigadora Paula Abal Medina, aunque habr\u00e1 listas de unidad en la categor\u00eda de legisladores nacionales.<\/p>\n\n\n\n<p><strong>JUNTOS POR EL CAMBIO<\/strong><\/p>\n\n\n\n<ul><li>Por la coalici\u00f3n opositora Juntos por el Cambio (JxC) formalizaron sus precandidaturas los binomios integrados por Horacio Rodr\u00edguez Larreta-Gerardo Morales y Patricia Bullrich-Luis Petri, en f\u00f3rmulas cruzadas integradas por un representante del PRO y uno de la UCR, que competir\u00e1n entre s\u00ed en casi todas las categor\u00edas.<\/li><\/ul>\n\n\n\n<p>En tanto, declinaron este s\u00e1bado sus postulaciones presidenciales el dirigente Facundo Manes por el radicalismo y se encaminaba a hacerlo la fundadora de la Coalici\u00f3n C\u00edvica, Elisa Carri\u00f3.<\/p>\n\n\n\n<p><br><strong>HACEMOS POR NUESTRO PAIS<\/strong><\/p>\n\n\n\n<ul><li>Por el frente Hacemos por Nuestro Pa\u00eds, se present\u00f3 la f\u00f3rmula integrada por el gobernador de C\u00f3rdoba, Juan Schiaretti, y el diputado nacional Florencio Randazzo.<\/li><\/ul>\n\n\n\n<p>Ya sobre el filo de la medianoche, fin del plazo para presentaci\u00f3n de listas de precandidatos y precandidatas, Schiaretti confirm\u00f3 que Randazzo ser\u00e1 el precandidato a vicepresidente del espacio peronista no kirchnerista que se muestra como alternativa a Uni\u00f3n por la Patria (UxP) y que especul\u00f3 con sumarse a Juntos por el Cambio (JxC) en el marco de un acuerdo program\u00e1tico de una serie de acuerdos sobre un grupo de pol\u00edticas p\u00fablicas.<\/p>\n\n\n\n<p>Schiaretti, que transita su tercer mandato como gobernador y el segundo consecutivo que le impide legalmente presentarse para un nuevo per\u00edodo, enfrentar\u00e1 ma\u00f1ana las elecciones en su provincia, donde su coalici\u00f3n \u00abHacemos Unidos por C\u00f3rdoba\u00bb (HUxC) lleva para gobernador al intendente peronista capitalino, Mart\u00edn Llaryora, y para vice a Myriam Prunotto, intendenta radical en uso de licencia de la poblaci\u00f3n de Ju\u00e1rez Celman.<\/p>\n\n\n\n<p><strong>LA LIBERTAD AVANZA<\/strong><\/p>\n\n\n\n<ul><li>La Libertad Avanza (LLA) formaliz\u00f3, sin sorpresas, sus listas de precandidatos para las primarias abiertas simult\u00e1neas y obligatorias (PASO), con la f\u00f3rmula presidencial integrada por Javier Milei y Victoria Villarruel; Carolina P\u00edparo como postulante a gobernadora por la provincia de Buenos Aires y Ramiro Marra para la jefatura de gobierno de la ciudad de Buenos Aires.<\/li><\/ul>\n\n\n\n<p>Adem\u00e1s, desde el espacio que encabeza el legislador se confirm\u00f3 que se presentar\u00e1n listas de precandidatos a diputados nacionales en 23 distritos del pa\u00eds.<\/p>\n\n\n\n<p><strong>FRENTE DE IZQUIERDA<\/strong><\/p>\n\n\n\n<ul><li>Myriam Bregman, Gabriel Solano, Manuela Casta\u00f1eira y Marcelo Ramal son los cuatro precandidatos a presidente por las distintas propuestas de los espacios de izquierda que se presentar\u00e1n en las PASO, en los cuales s\u00f3lo habr\u00e1 una competencia interna en el Frente de Izquierda y los Trabajadores Unidad (FIT-U).<\/li><\/ul>\n\n\n\n<p>Por un lado, el PTS y la IS acordaron presentar \u00abUnir y fortalecer la izquierda\u00bb, una lista com\u00fan que estar\u00e1 encabezada por Myriam Bregman y Nicol\u00e1s del Ca\u00f1o como presidenta y vice.<\/p>\n\n\n\n<p>Es que el PO y el MST consensuaron entre ambos espacios una f\u00f3rmula encabezada por el legislador porte\u00f1o Gabriel Solano y la dirigente gremial Vilma Ripoll, que llevar\u00e1 el nombre \u00abUnidad de luchadores y la Izquierda\u00bb en medio de tensiones y cr\u00edticas cruzadas con el PTS y IS.<\/p>\n\n\n\n<p>Por fuera del FIT-U, el Nuevo MAS present\u00f3 la f\u00f3rmula presidencial de la soci\u00f3loga y feminista, Manuela Casta\u00f1eira, y del referente docente de ATEN, Lucas Ruiz, a vicepresidente.<\/p>\n\n\n\n<p>Por otro lado, el espacio Pol\u00edtica Obrera present\u00f3 la f\u00f3rmula Marcelo Ramal-Patricia Urones como precandidatos a presidente y vice, respectivamente, luego de haber votado el binomio por unanimidad en un congreso partidario.<\/p>\n\n\n\n<p><strong>LIBRES DEL SUR<\/strong><\/p>\n\n\n\n<ul><li>El partido Libres del Sur inscribi\u00f3 la f\u00f3rmula presidencial integrada por Jes\u00fas Escobar como precandidato a presidente y Marianella Lezama Hid como vicepresidenta, para competir en las PASO y oficializ\u00f3 tambi\u00e9n las listas de sus postulantes en la ciudad y la provincia de Buenos Aires, y para el Parlasur.<\/li><\/ul>\n\n\n\n<p><strong>PRINCIPIOS Y VALORES<\/strong><\/p>\n\n\n\n<ul><li>El espacio Principios y Valores present\u00f3 como precandidato a presidente a Guillermo Moreno, acompa\u00f1ado en la f\u00f3rmula por el secretario general de la Asociaci\u00f3n del Personal de Organismos de Control (Apops), Leonardo Fabre.<\/li><\/ul>\n\n\n\n<p><strong>FRENTE PATRIOTA FEDERAL <\/strong><\/p>\n\n\n\n<ul><li>Finalmente, el Frente Patriota Federal postul\u00f3 la f\u00f3rmula integrada por C\u00e9sar Biondini como precandidato a presidente y Mariel Avenda\u00f1o a vice.<\/li><\/ul>\n\n\n\n<p>Fuente: Cadena3<\/p>\n<div class=\"sharedaddy sd-sharing-enabled\"><div class=\"robots-nocontent sd-block sd-social sd-social-icon sd-sharing\"><h3 class=\"sd-title\">Comparte esto:<\/h3><div class=\"sd-content\"><ul><li class=\"share-twitter\"><a rel=\"nofollow noopener noreferrer\" data-shared=\"sharing-twitter-37446\" class=\"share-twitter sd-button share-icon no-text\" href=\"http:\/\/www.rtvnoticias.com.ar\/?p=37446&amp;share=twitter\" target=\"_blank\" title=\"Haz clic para compartir en Twitter\"><span><\/span><span class=\"sharing-screen-reader-text\">Haz clic para compartir en Twitter (Se abre en una ventana nueva)<\/span><\/a><\/li><li class=\"share-facebook\"><a rel=\"nofollow noopener noreferrer\" data-shared=\"sharing-facebook-37446\" class=\"share-facebook sd-button share-icon no-text\" href=\"http:\/\/www.rtvnoticias.com.ar\/?p=37446&amp;share=facebook\" target=\"_blank\" title=\"Haz clic para compartir en Facebook\"><span><\/span><span class=\"sharing-screen-reader-text\">Haz clic para compartir en Facebook (Se abre en una ventana nueva)<\/span><\/a><\/li><li class=\"share-jetpack-whatsapp\"><a rel=\"nofollow noopener noreferrer\" data-shared=\"\" class=\"share-jetpack-whatsapp sd-button share-icon no-text\" href=\"http:\/\/www.rtvnoticias.com.ar\/?p=37446&amp;share=jetpack-whatsapp\" target=\"_blank\" title=\"Haz clic para compartir en WhatsApp\"><span><\/span><span class=\"sharing-screen-reader-text\">Haz clic para compartir en WhatsApp (Se abre en una ventana nueva)<\/span><\/a><\/li><li class=\"share-telegram\"><a rel=\"nofollow noopener noreferrer\" data-shared=\"\" class=\"share-telegram sd-button share-icon no-text\" href=\"http:\/\/www.rtvnoticias.com.ar\/?p=37446&amp;share=telegram\" target=\"_blank\" title=\"Haz clic para compartir en Telegram\"><span><\/span><span class=\"sharing-screen-reader-text\">Haz clic para compartir en Telegram (Se abre en una ventana nueva)<\/span><\/a><\/li><li class=\"share-end\"><\/li><\/ul><\/div><\/div><\/div>","protected":false},"excerpt":{"rendered":"<p>Estas son las f\u00f3rmulas presidenciales que quedaron oficializadas este s\u00e1bado ante las juntas electorales partidarias para competir en las primarias abiertas, simult\u00e1neas y obligatorias (PASO)<\/p>\n<div class=\"sharedaddy sd-sharing-enabled\"><div class=\"robots-nocontent sd-block sd-social sd-social-icon sd-sharing\"><h3 class=\"sd-title\">Comparte esto:<\/h3><div class=\"sd-content\"><ul><li class=\"share-twitter\"><a rel=\"nofollow noopener noreferrer\" data-shared=\"sharing-twitter-37446\" class=\"share-twitter sd-button share-icon no-text\" href=\"http:\/\/www.rtvnoticias.com.ar\/?p=37446&amp;share=twitter\" target=\"_blank\" title=\"Haz clic para compartir en Twitter\"><span><\/span><span class=\"sharing-screen-reader-text\">Haz clic para compartir en Twitter (Se abre en una ventana nueva)<\/span><\/a><\/li><li class=\"share-facebook\"><a rel=\"nofollow noopener noreferrer\" data-shared=\"sharing-facebook-37446\" class=\"share-facebook sd-button share-icon no-text\" href=\"http:\/\/www.rtvnoticias.com.ar\/?p=37446&amp;share=facebook\" target=\"_blank\" title=\"Haz clic para compartir en Facebook\"><span><\/span><span class=\"sharing-screen-reader-text\">Haz clic para compartir en Facebook (Se abre en una ventana nueva)<\/span><\/a><\/li><li class=\"share-jetpack-whatsapp\"><a rel=\"nofollow noopener noreferrer\" data-shared=\"\" class=\"share-jetpack-whatsapp sd-button share-icon no-text\" href=\"http:\/\/www.rtvnoticias.com.ar\/?p=37446&amp;share=jetpack-whatsapp\" target=\"_blank\" title=\"Haz clic para compartir en WhatsApp\"><span><\/span><span class=\"sharing-screen-reader-text\">Haz clic para compartir en WhatsApp (Se abre en una ventana nueva)<\/span><\/a><\/li><li class=\"share-telegram\"><a rel=\"nofollow noopener noreferrer\" data-shared=\"\" class=\"share-telegram sd-button share-icon no-text\" href=\"http:\/\/www.rtvnoticias.com.ar\/?p=37446&amp;share=telegram\" target=\"_blank\" title=\"Haz clic para compartir en Telegram\"><span><\/span><span class=\"sharing-screen-reader-text\">Haz clic para compartir en Telegram (Se abre en una ventana nueva)<\/span><\/a><\/li><li class=\"share-end\"><\/li><\/ul><\/div><\/div><\/div>","protected":false},"author":5,"featured_media":14077,"comment_status":"closed","ping_status":"closed","sticky":false,"template":"","format":"standard","meta":{"spay_email":"","jetpack_publicize_message":"","jetpack_is_tweetstorm":false,"jetpack_publicize_feature_enabled":true},"categories":[5],"tags":[4073],"jetpack_featured_media_url":"http:\/\/www.rtvnoticias.com.ar\/wp-content\/uploads\/2019\/08\/1551563920541elecciones-urna.jpg","jetpack_publicize_connections":[],"jetpack_sharing_enabled":true,"_links":{"self":[{"href":"http:\/\/www.rtvnoticias.com.ar\/index.php?rest_route=\/wp\/v2\/posts\/37446"}],"collection":[{"href":"http:\/\/www.rtvnoticias.com.ar\/index.php?rest_route=\/wp\/v2\/posts"}],"about":[{"href":"http:\/\/www.rtvnoticias.com.ar\/index.php?rest_route=\/wp\/v2\/types\/post"}],"author":[{"embeddable":true,"href":"http:\/\/www.rtvnoticias.com.ar\/index.php?rest_route=\/wp\/v2\/users\/5"}],"replies":[{"embeddable":true,"href":"http:\/\/www.rtvnoticias.com.ar\/index.php?rest_route=%2Fwp%2Fv2%2Fcomments&post=37446"}],"version-history":[{"count":3,"href":"http:\/\/www.rtvnoticias.com.ar\/index.php?rest_route=\/wp\/v2\/posts\/37446\/revisions"}],"predecessor-version":[{"id":37450,"href":"http:\/\/www.rtvnoticias.com.ar\/index.php?rest_route=\/wp\/v2\/posts\/37446\/revisions\/37450"}],"wp:featuredmedia":[{"embeddable":true,"href":"http:\/\/www.rtvnoticias.com.ar\/index.php?rest_route=\/wp\/v2\/media\/14077"}],"wp:attachment":[{"href":"http:\/\/www.rtvnoticias.com.ar\/index.php?rest_route=%2Fwp%2Fv2%2Fmedia&parent=37446"}],"wp:term":[{"taxonomy":"category","embeddable":true,"href":"http:\/\/www.rtvnoticias.com.ar\/index.php?rest_route=%2Fwp%2Fv2%2Fcategories&post=37446"},{"taxonomy":"post_tag","embeddable":true,"href":"http:\/\/www.rtvnoticias.com.ar\/index.php?rest_route=%2Fwp%2Fv2%2Ftags&post=37446"}],"curies":[{"name":"wp","href":"https:\/\/api.w.org\/{rel}","templated":true}]}}