{"id":37457,"date":"2023-06-25T23:04:31","date_gmt":"2023-06-26T02:04:31","guid":{"rendered":"http:\/\/www.rtvnoticias.com.ar\/?p=37457"},"modified":"2023-06-25T23:04:34","modified_gmt":"2023-06-26T02:04:34","slug":"aplastante-triunfo-de-gildo-insfran-en-formosa","status":"publish","type":"post","link":"http:\/\/www.rtvnoticias.com.ar\/?p=37457","title":{"rendered":"Aplastante triunfo de Gildo Insfr\u00e1n en Formosa"},"content":{"rendered":"\n<p>El gobernador de Formosa, Gildo Insfr\u00e1n, obtuvo un aplastante triunfo en las elecciones provinciales y se asegur\u00f3 su octavo mandato en el cargo.<\/p>\n\n\n\n<p>Con la difusi\u00f3n de los primeros datos del escrutinio provisorio, a las 21, las cifras ya marcaban un amplio dominio del mandatario peronista: con el correr de los minutos, la victoria fue quedando ratificada y as\u00ed logr\u00f3 su s\u00e9ptima reelecci\u00f3n.<\/p>\n\n\n\n<p>Con el 37,36% de las mesas escrutadas, la f\u00f3rmula oficialista Gildo Insfr\u00e1n-Eber Sol\u00eds obten\u00eda el 72,52% de los votos, mientras que el segundo lugar quedaba para el binomio de Confederaci\u00f3n Frente Amplio Formose\u00f1o, Fernando Carbajal-Mar\u00eda Fernanda Insfr\u00e1n, con el 17,80% de los sufragios.<\/p>\n\n\n\n<p>Por su parte, Francisco Paoltroni-Noem\u00ed Arga\u00f1aras, de Libertad, Trabajo y Progreso, quedaba en el tercer lugar con el 9,40%.<\/p>\n\n\n\n<p>Finalmente, la oferta electoral del Partido Obrero, integrada por Carlos Servin y Rafael Mart\u00ednez, registraba apenas el 0,27%.<\/p>\n\n\n\n<p>Por la ma\u00f1ana, cuando concurri\u00f3 a votar en la Escuela de Frontera N\u00b0 6 de Laguna Blanca, Insfr\u00e1n hab\u00eda rechazado los cuestionamientos de la oposici\u00f3n al afirmar que \u00abla alternancia en Formosa la decide el pueblo\u00bb.<\/p>\n\n\n\n<p>Al ser consultado sobre su permanencia en el poder, el gobernador peronista hab\u00eda respondido: \u00abPreg\u00fantenle al pueblo\u00bb.<\/p>\n\n\n\n<p>En ese sentido, hab\u00eda indicado que permanecer\u00e1 en el cargo \u00abhasta que el pueblo diga\u00bb y, al referirse al mote de feudo que le asignan dirigentes opositores, hab\u00eda subrayado: \u00abCapital Federal es un feudo donde los inquilinos son los vasallos\u00bb.<\/p>\n\n\n\n<p>Pasadas las 22, integrantes del Gobierno nacional felicitaron al gobernador formose\u00f1o por el \u00abcontundente\u00bb triunfo y enviaron sus saludos a trav\u00e9s de redes sociales: los integrantes de la f\u00f3rmula presidencial de Uni\u00f3n por la Patria, Sergio Massa y Agust\u00edn Rossi, destacaron la victoria, al igual que el ministro del Interior, Eduardo \u00abWado\u00bb De Pedro.<\/p>\n\n\n\n<p>Fuente: NA<\/p>\n<div class=\"sharedaddy sd-sharing-enabled\"><div class=\"robots-nocontent sd-block sd-social sd-social-icon sd-sharing\"><h3 class=\"sd-title\">Comparte esto:<\/h3><div class=\"sd-content\"><ul><li class=\"share-twitter\"><a rel=\"nofollow noopener noreferrer\" data-shared=\"sharing-twitter-37457\" class=\"share-twitter sd-button share-icon no-text\" href=\"http:\/\/www.rtvnoticias.com.ar\/?p=37457&amp;share=twitter\" target=\"_blank\" title=\"Haz clic para compartir en Twitter\"><span><\/span><span class=\"sharing-screen-reader-text\">Haz clic para compartir en Twitter (Se abre en una ventana nueva)<\/span><\/a><\/li><li class=\"share-facebook\"><a rel=\"nofollow noopener noreferrer\" data-shared=\"sharing-facebook-37457\" class=\"share-facebook sd-button share-icon no-text\" href=\"http:\/\/www.rtvnoticias.com.ar\/?p=37457&amp;share=facebook\" target=\"_blank\" title=\"Haz clic para compartir en Facebook\"><span><\/span><span class=\"sharing-screen-reader-text\">Haz clic para compartir en Facebook (Se abre en una ventana nueva)<\/span><\/a><\/li><li class=\"share-jetpack-whatsapp\"><a rel=\"nofollow noopener noreferrer\" data-shared=\"\" class=\"share-jetpack-whatsapp sd-button share-icon no-text\" href=\"http:\/\/www.rtvnoticias.com.ar\/?p=37457&amp;share=jetpack-whatsapp\" target=\"_blank\" title=\"Haz clic para compartir en WhatsApp\"><span><\/span><span class=\"sharing-screen-reader-text\">Haz clic para compartir en WhatsApp (Se abre en una ventana nueva)<\/span><\/a><\/li><li class=\"share-telegram\"><a rel=\"nofollow noopener noreferrer\" data-shared=\"\" class=\"share-telegram sd-button share-icon no-text\" href=\"http:\/\/www.rtvnoticias.com.ar\/?p=37457&amp;share=telegram\" target=\"_blank\" title=\"Haz clic para compartir en Telegram\"><span><\/span><span class=\"sharing-screen-reader-text\">Haz clic para compartir en Telegram (Se abre en una ventana nueva)<\/span><\/a><\/li><li class=\"share-end\"><\/li><\/ul><\/div><\/div><\/div>","protected":false},"excerpt":{"rendered":"<p>El gobernador de Formosa, Gildo Insfr\u00e1n, obtuvo un aplastante triunfo en las elecciones provinciales y se asegur\u00f3 su octavo mandato en el cargo. Con la<\/p>\n<div class=\"sharedaddy sd-sharing-enabled\"><div class=\"robots-nocontent sd-block sd-social sd-social-icon sd-sharing\"><h3 class=\"sd-title\">Comparte esto:<\/h3><div class=\"sd-content\"><ul><li class=\"share-twitter\"><a rel=\"nofollow noopener noreferrer\" data-shared=\"sharing-twitter-37457\" class=\"share-twitter sd-button share-icon no-text\" href=\"http:\/\/www.rtvnoticias.com.ar\/?p=37457&amp;share=twitter\" target=\"_blank\" title=\"Haz clic para compartir en Twitter\"><span><\/span><span class=\"sharing-screen-reader-text\">Haz clic para compartir en Twitter (Se abre en una ventana nueva)<\/span><\/a><\/li><li class=\"share-facebook\"><a rel=\"nofollow noopener noreferrer\" data-shared=\"sharing-facebook-37457\" class=\"share-facebook sd-button share-icon no-text\" href=\"http:\/\/www.rtvnoticias.com.ar\/?p=37457&amp;share=facebook\" target=\"_blank\" title=\"Haz clic para compartir en Facebook\"><span><\/span><span class=\"sharing-screen-reader-text\">Haz clic para compartir en Facebook (Se abre en una ventana nueva)<\/span><\/a><\/li><li class=\"share-jetpack-whatsapp\"><a rel=\"nofollow noopener noreferrer\" data-shared=\"\" class=\"share-jetpack-whatsapp sd-button share-icon no-text\" href=\"http:\/\/www.rtvnoticias.com.ar\/?p=37457&amp;share=jetpack-whatsapp\" target=\"_blank\" title=\"Haz clic para compartir en WhatsApp\"><span><\/span><span class=\"sharing-screen-reader-text\">Haz clic para compartir en WhatsApp (Se abre en una ventana nueva)<\/span><\/a><\/li><li class=\"share-telegram\"><a rel=\"nofollow noopener noreferrer\" data-shared=\"\" class=\"share-telegram sd-button share-icon no-text\" href=\"http:\/\/www.rtvnoticias.com.ar\/?p=37457&amp;share=telegram\" target=\"_blank\" title=\"Haz clic para compartir en Telegram\"><span><\/span><span class=\"sharing-screen-reader-text\">Haz clic para compartir en Telegram (Se abre en una ventana nueva)<\/span><\/a><\/li><li class=\"share-end\"><\/li><\/ul><\/div><\/div><\/div>","protected":false},"author":5,"featured_media":37458,"comment_status":"closed","ping_status":"closed","sticky":false,"template":"","format":"standard","meta":{"spay_email":"","jetpack_publicize_message":"","jetpack_is_tweetstorm":false,"jetpack_publicize_feature_enabled":true},"categories":[5],"tags":[4075],"jetpack_featured_media_url":"http:\/\/www.rtvnoticias.com.ar\/wp-content\/uploads\/2023\/06\/insfran.jpg","jetpack_publicize_connections":[],"jetpack_sharing_enabled":true,"_links":{"self":[{"href":"http:\/\/www.rtvnoticias.com.ar\/index.php?rest_route=\/wp\/v2\/posts\/37457"}],"collection":[{"href":"http:\/\/www.rtvnoticias.com.ar\/index.php?rest_route=\/wp\/v2\/posts"}],"about":[{"href":"http:\/\/www.rtvnoticias.com.ar\/index.php?rest_route=\/wp\/v2\/types\/post"}],"author":[{"embeddable":true,"href":"http:\/\/www.rtvnoticias.com.ar\/index.php?rest_route=\/wp\/v2\/users\/5"}],"replies":[{"embeddable":true,"href":"http:\/\/www.rtvnoticias.com.ar\/index.php?rest_route=%2Fwp%2Fv2%2Fcomments&post=37457"}],"version-history":[{"count":1,"href":"http:\/\/www.rtvnoticias.com.ar\/index.php?rest_route=\/wp\/v2\/posts\/37457\/revisions"}],"predecessor-version":[{"id":37459,"href":"http:\/\/www.rtvnoticias.com.ar\/index.php?rest_route=\/wp\/v2\/posts\/37457\/revisions\/37459"}],"wp:featuredmedia":[{"embeddable":true,"href":"http:\/\/www.rtvnoticias.com.ar\/index.php?rest_route=\/wp\/v2\/media\/37458"}],"wp:attachment":[{"href":"http:\/\/www.rtvnoticias.com.ar\/index.php?rest_route=%2Fwp%2Fv2%2Fmedia&parent=37457"}],"wp:term":[{"taxonomy":"category","embeddable":true,"href":"http:\/\/www.rtvnoticias.com.ar\/index.php?rest_route=%2Fwp%2Fv2%2Fcategories&post=37457"},{"taxonomy":"post_tag","embeddable":true,"href":"http:\/\/www.rtvnoticias.com.ar\/index.php?rest_route=%2Fwp%2Fv2%2Ftags&post=37457"}],"curies":[{"name":"wp","href":"https:\/\/api.w.org\/{rel}","templated":true}]}}