{"id":37507,"date":"2023-06-29T06:55:00","date_gmt":"2023-06-29T09:55:00","guid":{"rendered":"http:\/\/www.rtvnoticias.com.ar\/?p=37507"},"modified":"2023-06-28T21:01:32","modified_gmt":"2023-06-29T00:01:32","slug":"crearon-en-general-pico-cooperativa-de-trabajo-que-prestara-servicios-a-transportistas","status":"publish","type":"post","link":"http:\/\/www.rtvnoticias.com.ar\/?p=37507","title":{"rendered":"Crearon en General Pico Cooperativa de Trabajo que prestar\u00e1 servicios a transportistas"},"content":{"rendered":"\n<p>El gobierno de La Pampa, a trav\u00e9s de las autoridades de la Subsecretar\u00eda de Cooperativas y Mutuales del Ministerio de Gobierno, Justicia y Derechos Humanos acompa\u00f1\u00f3 la asamblea constitutiva de una nueva entidad, la Cooperativa de Trabajo para la provisi\u00f3n de servicios para transportistas en General Pico.<\/p>\n\n\n\n<p>El subsecretario Fabi\u00e1n Bruna y la directora Erika Milano presidieron, junto a los doce asociados que la forman, la asamblea constitutiva y cerraron detalles de la documentaci\u00f3n que en los pr\u00f3ximos d\u00edas ser\u00e1 elevada al Instituto Nacional de Asociativismo y Econom\u00eda Social, Inaes, para la tramitaci\u00f3n de la correspondiente matr\u00edcula habilitante.<\/p>\n\n\n\n<p> La asamblea fue la segunda desde que el grupo de transportistas, de General Pico y otras localidades del norte decidieran agruparse bajo esta figura de la econom\u00eda social. Previamente, hab\u00edan dispuesto la fundaci\u00f3n y designado, entre otros pasos, a sus autoridades, que quedaron ratificadas en esta oportunidad. Luego de la certificaci\u00f3n de firmas ante las autoridades presentes, se dio lectura al estatuto de la nueva cooperativa y se procedi\u00f3 a la firma del acta constituyente.<\/p>\n\n\n\n<p>El Consejo de Administraci\u00f3n qued\u00f3 conformado por Juan Carlos Heredia, Luis Alberto Reynoso, Andrea Carina Fern\u00e1ndez, Carlos Osvaldo Del Campo y Sergio Gabriel Rodr\u00edguez.<\/p>\n\n\n\n<p>En los pr\u00f3ximos d\u00edas, los doce asociados fundadores har\u00e1n el dep\u00f3sito del dinero destinado a la suscripci\u00f3n de sus acciones y elevar\u00e1n, desde la Subsecretar\u00eda de Cooperativas, la documentaci\u00f3n para tramitar la matr\u00edcula que esperan recibir para poder empezar a funcionar antes de fin del corriente a\u00f1o.<\/p>\n\n\n\n<p><strong>Entrega de libros<\/strong><\/p>\n\n\n\n<p>Dos cooperativas de trabajo, de reciente formaci\u00f3n en la ciudad de General Pico, recibieron de manos de las autoridades de la Subsecretar\u00eda de Cooperativas y Mutuales los libros que son parte de su administraci\u00f3n y obligaciones ante los organismos de control. <\/p>\n\n\n\n<p>Fabi\u00e1n Bruna y Erika Milano se reunieron con la conducci\u00f3n la cooperativa ap\u00edcola \u00abApisfemia\u00bb, conformada \u00edntegramente por mujeres dedicadas a la apicultura, y la cooperativa agropecuaria \u00abProductores de La Pampa\u00bb, en el Centro Cultural MEDANO la propia directora de cooperativas ofreci\u00f3 una charla informativa sobre caracter\u00edsticas y manera de confecci\u00f3n de la documentaci\u00f3n que entregaron de forma oficial.<br><\/p>\n<div class=\"sharedaddy sd-sharing-enabled\"><div class=\"robots-nocontent sd-block sd-social sd-social-icon sd-sharing\"><h3 class=\"sd-title\">Comparte esto:<\/h3><div class=\"sd-content\"><ul><li class=\"share-twitter\"><a rel=\"nofollow noopener noreferrer\" data-shared=\"sharing-twitter-37507\" class=\"share-twitter sd-button share-icon no-text\" href=\"http:\/\/www.rtvnoticias.com.ar\/?p=37507&amp;share=twitter\" target=\"_blank\" title=\"Haz clic para compartir en Twitter\"><span><\/span><span class=\"sharing-screen-reader-text\">Haz clic para compartir en Twitter (Se abre en una ventana nueva)<\/span><\/a><\/li><li class=\"share-facebook\"><a rel=\"nofollow noopener noreferrer\" data-shared=\"sharing-facebook-37507\" class=\"share-facebook sd-button share-icon no-text\" href=\"http:\/\/www.rtvnoticias.com.ar\/?p=37507&amp;share=facebook\" target=\"_blank\" title=\"Haz clic para compartir en Facebook\"><span><\/span><span class=\"sharing-screen-reader-text\">Haz clic para compartir en Facebook (Se abre en una ventana nueva)<\/span><\/a><\/li><li class=\"share-jetpack-whatsapp\"><a rel=\"nofollow noopener noreferrer\" data-shared=\"\" class=\"share-jetpack-whatsapp sd-button share-icon no-text\" href=\"http:\/\/www.rtvnoticias.com.ar\/?p=37507&amp;share=jetpack-whatsapp\" target=\"_blank\" title=\"Haz clic para compartir en WhatsApp\"><span><\/span><span class=\"sharing-screen-reader-text\">Haz clic para compartir en WhatsApp (Se abre en una ventana nueva)<\/span><\/a><\/li><li class=\"share-telegram\"><a rel=\"nofollow noopener noreferrer\" data-shared=\"\" class=\"share-telegram sd-button share-icon no-text\" href=\"http:\/\/www.rtvnoticias.com.ar\/?p=37507&amp;share=telegram\" target=\"_blank\" title=\"Haz clic para compartir en Telegram\"><span><\/span><span class=\"sharing-screen-reader-text\">Haz clic para compartir en Telegram (Se abre en una ventana nueva)<\/span><\/a><\/li><li class=\"share-end\"><\/li><\/ul><\/div><\/div><\/div>","protected":false},"excerpt":{"rendered":"<p>El gobierno de La Pampa, a trav\u00e9s de las autoridades de la Subsecretar\u00eda de Cooperativas y Mutuales del Ministerio de Gobierno, Justicia y Derechos Humanos<\/p>\n<div class=\"sharedaddy sd-sharing-enabled\"><div class=\"robots-nocontent sd-block sd-social sd-social-icon sd-sharing\"><h3 class=\"sd-title\">Comparte esto:<\/h3><div class=\"sd-content\"><ul><li class=\"share-twitter\"><a rel=\"nofollow noopener noreferrer\" data-shared=\"sharing-twitter-37507\" class=\"share-twitter sd-button share-icon no-text\" href=\"http:\/\/www.rtvnoticias.com.ar\/?p=37507&amp;share=twitter\" target=\"_blank\" title=\"Haz clic para compartir en Twitter\"><span><\/span><span class=\"sharing-screen-reader-text\">Haz clic para compartir en Twitter (Se abre en una ventana nueva)<\/span><\/a><\/li><li class=\"share-facebook\"><a rel=\"nofollow noopener noreferrer\" data-shared=\"sharing-facebook-37507\" class=\"share-facebook sd-button share-icon no-text\" href=\"http:\/\/www.rtvnoticias.com.ar\/?p=37507&amp;share=facebook\" target=\"_blank\" title=\"Haz clic para compartir en Facebook\"><span><\/span><span class=\"sharing-screen-reader-text\">Haz clic para compartir en Facebook (Se abre en una ventana nueva)<\/span><\/a><\/li><li class=\"share-jetpack-whatsapp\"><a rel=\"nofollow noopener noreferrer\" data-shared=\"\" class=\"share-jetpack-whatsapp sd-button share-icon no-text\" href=\"http:\/\/www.rtvnoticias.com.ar\/?p=37507&amp;share=jetpack-whatsapp\" target=\"_blank\" title=\"Haz clic para compartir en WhatsApp\"><span><\/span><span class=\"sharing-screen-reader-text\">Haz clic para compartir en WhatsApp (Se abre en una ventana nueva)<\/span><\/a><\/li><li class=\"share-telegram\"><a rel=\"nofollow noopener noreferrer\" data-shared=\"\" class=\"share-telegram sd-button share-icon no-text\" href=\"http:\/\/www.rtvnoticias.com.ar\/?p=37507&amp;share=telegram\" target=\"_blank\" title=\"Haz clic para compartir en Telegram\"><span><\/span><span class=\"sharing-screen-reader-text\">Haz clic para compartir en Telegram (Se abre en una ventana nueva)<\/span><\/a><\/li><li class=\"share-end\"><\/li><\/ul><\/div><\/div><\/div>","protected":false},"author":5,"featured_media":37508,"comment_status":"closed","ping_status":"closed","sticky":false,"template":"","format":"standard","meta":{"spay_email":"","jetpack_publicize_message":"","jetpack_is_tweetstorm":false,"jetpack_publicize_feature_enabled":true},"categories":[3],"tags":[4087],"jetpack_featured_media_url":"http:\/\/www.rtvnoticias.com.ar\/wp-content\/uploads\/2023\/06\/bruna-cooperativa.jpg","jetpack_publicize_connections":[],"jetpack_sharing_enabled":true,"_links":{"self":[{"href":"http:\/\/www.rtvnoticias.com.ar\/index.php?rest_route=\/wp\/v2\/posts\/37507"}],"collection":[{"href":"http:\/\/www.rtvnoticias.com.ar\/index.php?rest_route=\/wp\/v2\/posts"}],"about":[{"href":"http:\/\/www.rtvnoticias.com.ar\/index.php?rest_route=\/wp\/v2\/types\/post"}],"author":[{"embeddable":true,"href":"http:\/\/www.rtvnoticias.com.ar\/index.php?rest_route=\/wp\/v2\/users\/5"}],"replies":[{"embeddable":true,"href":"http:\/\/www.rtvnoticias.com.ar\/index.php?rest_route=%2Fwp%2Fv2%2Fcomments&post=37507"}],"version-history":[{"count":1,"href":"http:\/\/www.rtvnoticias.com.ar\/index.php?rest_route=\/wp\/v2\/posts\/37507\/revisions"}],"predecessor-version":[{"id":37509,"href":"http:\/\/www.rtvnoticias.com.ar\/index.php?rest_route=\/wp\/v2\/posts\/37507\/revisions\/37509"}],"wp:featuredmedia":[{"embeddable":true,"href":"http:\/\/www.rtvnoticias.com.ar\/index.php?rest_route=\/wp\/v2\/media\/37508"}],"wp:attachment":[{"href":"http:\/\/www.rtvnoticias.com.ar\/index.php?rest_route=%2Fwp%2Fv2%2Fmedia&parent=37507"}],"wp:term":[{"taxonomy":"category","embeddable":true,"href":"http:\/\/www.rtvnoticias.com.ar\/index.php?rest_route=%2Fwp%2Fv2%2Fcategories&post=37507"},{"taxonomy":"post_tag","embeddable":true,"href":"http:\/\/www.rtvnoticias.com.ar\/index.php?rest_route=%2Fwp%2Fv2%2Ftags&post=37507"}],"curies":[{"name":"wp","href":"https:\/\/api.w.org\/{rel}","templated":true}]}}