{"id":37514,"date":"2023-06-29T09:52:50","date_gmt":"2023-06-29T12:52:50","guid":{"rendered":"http:\/\/www.rtvnoticias.com.ar\/?p=37514"},"modified":"2023-06-29T09:52:53","modified_gmt":"2023-06-29T12:52:53","slug":"a-37-anos-del-titulo-de-la-seleccion-en-el-mundial-de-mexico-1986-de-la-mano-de-maradona","status":"publish","type":"post","link":"http:\/\/www.rtvnoticias.com.ar\/?p=37514","title":{"rendered":"A 37 a\u00f1os del t\u00edtulo de la Selecci\u00f3n en el Mundial de M\u00e9xico 1986, de la mano de Maradona"},"content":{"rendered":"\n<p><strong>La sola menci\u00f3n de M\u00e9xico \u00b486 trae los mejores recuerdos para los argentinos que r\u00e1pidamente rememoran la veloz corrida de Jorge Burruchaga con destino final de gol para que Diego Armando Maradona levantara la Copa del Mundo hace 37 a\u00f1os.<\/strong><\/p>\n\n\n\n<p><strong>La final del Mundial se jug\u00f3 un 29 de junio de 1986 en el estadio Azteca de M\u00e9xico y el rival de aquella gesta hist\u00f3rica fue Alemania Federal en un encuentro que termin\u00f3 3 a 2 a favor del equipo que dirig\u00eda Carlos Salvador Bilardo.<\/strong><\/p>\n\n\n\n<p>Hace 37 a\u00f1os,&nbsp;<strong>Argentina form\u00f3 con: Nery Pumpido; Jos\u00e9 Luis Cuciuffo, Oscar Ruggeri, Jos\u00e9 Luis Brown, Julio Olarticoechea; Ricardo Giusti, Jorge Luis Burruchaga, Sergio Batista, H\u00e9ctor Enrique; Jorge Valdano y Diego Armando Maradona.<\/strong><\/p>\n\n\n\n<figure class=\"wp-block-image\"><img decoding=\"async\" src=\"https:\/\/noticiasargentinas.com\/images\/NA\/Contenidos\/descarga_copy_copy_copy.webp\" alt=\"descarga_copy_copy_copy.png\"\/><\/figure>\n\n\n\n<p>Por su parte,&nbsp;<strong>Alemania present\u00f3 a: Toni Schumacher; Thomas Berthold, Dittmar Jacobs, Karl-Heinz F\u00f6rster, Norbert Eder, Hans-Peter Briegel; Andreas Brehme, Lothar Matth\u00e4us, F\u00e9lix Magath; Karl-Heinz Rummenigge y Klaus Allofs.<\/strong><\/p>\n\n\n\n<p>Aquel d\u00eda,&nbsp;<strong>la Selecci\u00f3n argentina sali\u00f3 decidida a escribir una nueva p\u00e1gina dorada en su historia<\/strong>&nbsp;y, desde el comienzo, se adue\u00f1\u00f3 de las acciones comandadas por un Maradona que hab\u00eda brillado en todo el Mundial&nbsp;<strong>y, pasados los 20 minutos de juego, logr\u00f3 abrir el marcador por medio de un cabezazo de Jos\u00e9 Luis \u00abTata\u00bb Brown<\/strong>, quien, minutos m\u00e1s tarde, terminar\u00eda el partido de manera \u00e9pica.<\/p>\n\n\n\n<figure class=\"wp-block-image\"><img decoding=\"async\" src=\"https:\/\/noticiasargentinas.com\/images\/NA\/Contenidos\/HeTkGL1Kg_1256x620__1.webp\" alt=\"HeTkGL1Kg_1256x620__1.jpg\"\/><\/figure>\n\n\n\n<p><strong>Partido aparte fue el que jug\u00f3 Maradona en aquella jornada, ya que lo mostrado durante el certamen le vali\u00f3 una f\u00e9rrea marca que no le permiti\u00f3 sobresalir en gran parte del encuentro debido a que Lothar Matth\u00e4us<\/strong>&nbsp;en la primera etapa&nbsp;<strong>y<\/strong>&nbsp;<strong>Karl Heinz F\u00f6rster<\/strong>&nbsp;en el segundo tiempo,&nbsp;<strong>no lo dejaron pr\u00e1cticamente respirar<\/strong>. Igualmente, Diego, fiel a su estilo, tendr\u00eda revancha.<\/p>\n\n\n\n<figure class=\"wp-block-image\"><img decoding=\"async\" src=\"https:\/\/noticiasargentinas.com\/images\/NA\/Contenidos\/FLSRFDSLONCU7ECALSRUXXJJ5Y.webp\" alt=\"FLSRFDSLONCU7ECALSRUXXJJ5Y.jpg\"\/><\/figure>\n\n\n\n<p>Argentina se fue al descanso con la ventaja m\u00ednima, pero desplegando un buen f\u00fatbol -algo que careci\u00f3 en la previa del Mundial y que le hizo ganarse las cr\u00edticas de todo un pa\u00eds-, y&nbsp;&nbsp;<strong>en el comienzo del segundo tiempo continu\u00f3 con el mismo dominio. A los 10 minutos, volvi\u00f3 a estirar cifras en el marcador por medio de Valdano,<\/strong>&nbsp;quien con su tanto dej\u00f3 indicios que el conjunto nacional se quedar\u00eda con el ansiado trofeo.<\/p>\n\n\n\n<figure class=\"wp-block-image\"><img decoding=\"async\" src=\"https:\/\/noticiasargentinas.com\/images\/NA\/Contenidos\/valdanogolaalemania-895x530.webp\" alt=\"valdanogolaalemania-895x530.jpg\"\/><\/figure>\n\n\n\n<p><strong>Sin embargo, como dice el refr\u00e1n de barrio: \u00abAlemania es Alemania\u00bb, el equipo Teut\u00f3n siempre es de temer a\u00fan cuando est\u00e1 perdiendo y, en solo seis minutos, dilapid\u00f3 lo hecho por la Selecci\u00f3n con los tantos de Karl Rummenigge, a los 29, y luego con Rudi V\u00f6ller, a los 35.<\/strong><\/p>\n\n\n\n<p>Al equipo de Bilardo le hab\u00eda pasado lo que nunca \u00e9l mismo pudo aceptar, que le hagan dos goles de esa manera, sin embargo,&nbsp;<strong>pese a que Argentina se hab\u00eda relajado y su m\u00e1xima figura no hab\u00eda sobresalido hasta el momento, hab\u00eda un cap\u00edtulo m\u00e1s<\/strong>:&nbsp;<strong>Maradona frot\u00f3 su izquierda m\u00e1gica y fabric\u00f3 una asistencia genial para Burruchaga, quien ven\u00eda a la carrera, domin\u00f3 y defini\u00f3 ante la la salida de Toni Schumacher para poner el 3 a 2 a favor del combinado nacional y asegurar el triunfo a falta de siete minutos.<\/strong><\/p>\n\n\n\n<figure class=\"wp-block-image\"><img decoding=\"async\" src=\"https:\/\/noticiasargentinas.com\/images\/NA\/Contenidos\/r0aeyj5sedp28zfl6hwx.webp\" alt=\"r0aeyj5sedp28zfl6hwx.jpg\"\/><\/figure>\n\n\n\n<p><strong>El siguiente es el camino del equipo nacional que termin\u00f3 con la Copa del Mundo por segunda vez en su historia y de manera invicta:<\/strong><\/p>\n\n\n\n<ul><li><em><strong>Primera Fase &#8211; Grupo A.<\/strong><\/em><\/li><\/ul>\n\n\n\n<p>Argentina 3 (Valdano x 2 y Ruggeri) &#8211; Corea del Sur 1 (Park)<\/p>\n\n\n\n<p>Italia 1 (Altobelli) &#8211; 1 Argentina (Maradona)<\/p>\n\n\n\n<p>Argentina 2 (Valdano y Burruchaga) &#8211; Bulgaria 0.<\/p>\n\n\n\n<ul><li><em><strong>Octavos de final<\/strong><\/em><\/li><\/ul>\n\n\n\n<p>Argentina 1 (Pasculli) &#8211; Italia 0.<\/p>\n\n\n\n<ul><li><em><strong>Cuartos de final<\/strong><\/em><\/li><\/ul>\n\n\n\n<p>Argentina 2 (Maradona x 2) &#8211; Inglaterra 1 (Lineker)<\/p>\n\n\n\n<ul><li><em><strong>Semifinal<\/strong><\/em><\/li><\/ul>\n\n\n\n<p>Argentina 2 (Maradona x 2) &#8211; B\u00e9lgica 0.<\/p>\n\n\n\n<ul><li><em><strong>Final<\/strong><\/em><\/li><\/ul>\n\n\n\n<p>Argentina 3 (Brown, Valdano y Burruchaga) &#8211; Alemania 2 (Rummenigge y V\u00f6ller).<\/p>\n\n\n\n<p>Fuente: NA<\/p>\n<div class=\"sharedaddy sd-sharing-enabled\"><div class=\"robots-nocontent sd-block sd-social sd-social-icon sd-sharing\"><h3 class=\"sd-title\">Comparte esto:<\/h3><div class=\"sd-content\"><ul><li class=\"share-twitter\"><a rel=\"nofollow noopener noreferrer\" data-shared=\"sharing-twitter-37514\" class=\"share-twitter sd-button share-icon no-text\" href=\"http:\/\/www.rtvnoticias.com.ar\/?p=37514&amp;share=twitter\" target=\"_blank\" title=\"Haz clic para compartir en Twitter\"><span><\/span><span class=\"sharing-screen-reader-text\">Haz clic para compartir en Twitter (Se abre en una ventana nueva)<\/span><\/a><\/li><li class=\"share-facebook\"><a rel=\"nofollow noopener noreferrer\" data-shared=\"sharing-facebook-37514\" class=\"share-facebook sd-button share-icon no-text\" href=\"http:\/\/www.rtvnoticias.com.ar\/?p=37514&amp;share=facebook\" target=\"_blank\" title=\"Haz clic para compartir en Facebook\"><span><\/span><span class=\"sharing-screen-reader-text\">Haz clic para compartir en Facebook (Se abre en una ventana nueva)<\/span><\/a><\/li><li class=\"share-jetpack-whatsapp\"><a rel=\"nofollow noopener noreferrer\" data-shared=\"\" class=\"share-jetpack-whatsapp sd-button share-icon no-text\" href=\"http:\/\/www.rtvnoticias.com.ar\/?p=37514&amp;share=jetpack-whatsapp\" target=\"_blank\" title=\"Haz clic para compartir en WhatsApp\"><span><\/span><span class=\"sharing-screen-reader-text\">Haz clic para compartir en WhatsApp (Se abre en una ventana nueva)<\/span><\/a><\/li><li class=\"share-telegram\"><a rel=\"nofollow noopener noreferrer\" data-shared=\"\" class=\"share-telegram sd-button share-icon no-text\" href=\"http:\/\/www.rtvnoticias.com.ar\/?p=37514&amp;share=telegram\" target=\"_blank\" title=\"Haz clic para compartir en Telegram\"><span><\/span><span class=\"sharing-screen-reader-text\">Haz clic para compartir en Telegram (Se abre en una ventana nueva)<\/span><\/a><\/li><li class=\"share-end\"><\/li><\/ul><\/div><\/div><\/div>","protected":false},"excerpt":{"rendered":"<p>La sola menci\u00f3n de M\u00e9xico \u00b486 trae los mejores recuerdos para los argentinos que r\u00e1pidamente rememoran la veloz corrida de Jorge Burruchaga con destino final<\/p>\n<div class=\"sharedaddy sd-sharing-enabled\"><div class=\"robots-nocontent sd-block sd-social sd-social-icon sd-sharing\"><h3 class=\"sd-title\">Comparte esto:<\/h3><div class=\"sd-content\"><ul><li class=\"share-twitter\"><a rel=\"nofollow noopener noreferrer\" data-shared=\"sharing-twitter-37514\" class=\"share-twitter sd-button share-icon no-text\" href=\"http:\/\/www.rtvnoticias.com.ar\/?p=37514&amp;share=twitter\" target=\"_blank\" title=\"Haz clic para compartir en Twitter\"><span><\/span><span class=\"sharing-screen-reader-text\">Haz clic para compartir en Twitter (Se abre en una ventana nueva)<\/span><\/a><\/li><li class=\"share-facebook\"><a rel=\"nofollow noopener noreferrer\" data-shared=\"sharing-facebook-37514\" class=\"share-facebook sd-button share-icon no-text\" href=\"http:\/\/www.rtvnoticias.com.ar\/?p=37514&amp;share=facebook\" target=\"_blank\" title=\"Haz clic para compartir en Facebook\"><span><\/span><span class=\"sharing-screen-reader-text\">Haz clic para compartir en Facebook (Se abre en una ventana nueva)<\/span><\/a><\/li><li class=\"share-jetpack-whatsapp\"><a rel=\"nofollow noopener noreferrer\" data-shared=\"\" class=\"share-jetpack-whatsapp sd-button share-icon no-text\" href=\"http:\/\/www.rtvnoticias.com.ar\/?p=37514&amp;share=jetpack-whatsapp\" target=\"_blank\" title=\"Haz clic para compartir en WhatsApp\"><span><\/span><span class=\"sharing-screen-reader-text\">Haz clic para compartir en WhatsApp (Se abre en una ventana nueva)<\/span><\/a><\/li><li class=\"share-telegram\"><a rel=\"nofollow noopener noreferrer\" data-shared=\"\" class=\"share-telegram sd-button share-icon no-text\" href=\"http:\/\/www.rtvnoticias.com.ar\/?p=37514&amp;share=telegram\" target=\"_blank\" title=\"Haz clic para compartir en Telegram\"><span><\/span><span class=\"sharing-screen-reader-text\">Haz clic para compartir en Telegram (Se abre en una ventana nueva)<\/span><\/a><\/li><li class=\"share-end\"><\/li><\/ul><\/div><\/div><\/div>","protected":false},"author":5,"featured_media":37515,"comment_status":"closed","ping_status":"closed","sticky":false,"template":"","format":"standard","meta":{"spay_email":"","jetpack_publicize_message":"","jetpack_is_tweetstorm":false,"jetpack_publicize_feature_enabled":true},"categories":[6],"tags":[4089],"jetpack_featured_media_url":"http:\/\/www.rtvnoticias.com.ar\/wp-content\/uploads\/2023\/06\/mexico86.jpg","jetpack_publicize_connections":[],"jetpack_sharing_enabled":true,"_links":{"self":[{"href":"http:\/\/www.rtvnoticias.com.ar\/index.php?rest_route=\/wp\/v2\/posts\/37514"}],"collection":[{"href":"http:\/\/www.rtvnoticias.com.ar\/index.php?rest_route=\/wp\/v2\/posts"}],"about":[{"href":"http:\/\/www.rtvnoticias.com.ar\/index.php?rest_route=\/wp\/v2\/types\/post"}],"author":[{"embeddable":true,"href":"http:\/\/www.rtvnoticias.com.ar\/index.php?rest_route=\/wp\/v2\/users\/5"}],"replies":[{"embeddable":true,"href":"http:\/\/www.rtvnoticias.com.ar\/index.php?rest_route=%2Fwp%2Fv2%2Fcomments&post=37514"}],"version-history":[{"count":1,"href":"http:\/\/www.rtvnoticias.com.ar\/index.php?rest_route=\/wp\/v2\/posts\/37514\/revisions"}],"predecessor-version":[{"id":37516,"href":"http:\/\/www.rtvnoticias.com.ar\/index.php?rest_route=\/wp\/v2\/posts\/37514\/revisions\/37516"}],"wp:featuredmedia":[{"embeddable":true,"href":"http:\/\/www.rtvnoticias.com.ar\/index.php?rest_route=\/wp\/v2\/media\/37515"}],"wp:attachment":[{"href":"http:\/\/www.rtvnoticias.com.ar\/index.php?rest_route=%2Fwp%2Fv2%2Fmedia&parent=37514"}],"wp:term":[{"taxonomy":"category","embeddable":true,"href":"http:\/\/www.rtvnoticias.com.ar\/index.php?rest_route=%2Fwp%2Fv2%2Fcategories&post=37514"},{"taxonomy":"post_tag","embeddable":true,"href":"http:\/\/www.rtvnoticias.com.ar\/index.php?rest_route=%2Fwp%2Fv2%2Ftags&post=37514"}],"curies":[{"name":"wp","href":"https:\/\/api.w.org\/{rel}","templated":true}]}}