{"id":37522,"date":"2023-06-30T19:15:19","date_gmt":"2023-06-30T22:15:19","guid":{"rendered":"http:\/\/www.rtvnoticias.com.ar\/?p=37522"},"modified":"2023-06-30T19:15:22","modified_gmt":"2023-06-30T22:15:22","slug":"cayo-avioneta-en-el-chaco-y-murieron-piloto-y-copiloto","status":"publish","type":"post","link":"http:\/\/www.rtvnoticias.com.ar\/?p=37522","title":{"rendered":"Cay\u00f3 avioneta en el Chaco y murieron piloto y copiloto"},"content":{"rendered":"\n<p><strong><em>Una avioneta cay\u00f3 este viernes durante un vuelo de exhibici\u00f3n en la apertura de la feria Agronea 2023 en la localidad de Charata, en la provincia de Chaco, y murieron el piloto y copiloto, seg\u00fan informaron fuentes policiales. Ambos fallecidos tienen residencia en Buenos Aires y hab\u00edan sido contratados para la inauguraci\u00f3n de la feria Agronea <\/em><\/strong><\/p>\n\n\n\n<p>El accidente se produjo en el momento en que el gobernador Jorge Capitanich daba un discurso junto a autoridades provinciales y de la organizaci\u00f3n de Agronea por la apertura de la feria.<\/p>\n\n\n\n<p>El hecho ocurri\u00f3 despu\u00e9s de las 11:45 cuando la avioneta que realizaba piruetas en el aire en el predio donde se desarrolla la feria agr\u00edcola cay\u00f3 impactando contra el suelo y provocando la muerte instant\u00e1nea de los dos tripulantes.<\/p>\n\n\n\n<p>La Polic\u00eda del Chaco inform\u00f3 que interviene en el caso la Justicia Federal y la Fuerza A\u00e9rea, mientras que en el lugar trabajan bomberos y agentes policiales y de salud.<\/p>\n\n\n\n<p>Se trata de un avi\u00f3n de maniobras de acrobacia que fue contratado a una empresa privada para el evento y cuya patente es LV-HWE.<\/p>\n\n\n\n<p>Si bien los motivos del accidente se est\u00e1n investigando, un comunicado de la Polic\u00eda de Chaco indic\u00f3 que \u201cse tratar\u00eda de una falla mec\u00e1nica de la avioneta\u201d, que cay\u00f3 desde una altura de mil metros.<\/p>\n\n\n\n<p>Los pilotos fallecidos eran oriundos de la Ciudad de Buenos Aires. \u201cQueremos expresar nuestro m\u00e1s sentido p\u00e9same y nuestro acompa\u00f1amiento a las familias de los dos pilotos fallecidos en el accidente\u201d, se\u00f1al\u00f3 el subcomisario Alejandro Dom\u00ednguez, jefe del Departamento de Prensa de la Polic\u00eda del Chaco. \u201cNos ponemos a disposici\u00f3n de las familias y de los organizadores para acompa\u00f1arlos en este dif\u00edcil momento\u201d, dijo.<\/p>\n\n\n\n<p>La muestra agr\u00edcola comenz\u00f3 este viernes y se extender\u00e1 hasta el domingo 2 de julio, con m\u00e1s de 400 expositores en un predio de 100 hect\u00e1reas de exposici\u00f3n de la tecnolog\u00eda y el potencial productivo del Chaco y la regi\u00f3n.<\/p>\n<div class=\"sharedaddy sd-sharing-enabled\"><div class=\"robots-nocontent sd-block sd-social sd-social-icon sd-sharing\"><h3 class=\"sd-title\">Comparte esto:<\/h3><div class=\"sd-content\"><ul><li class=\"share-twitter\"><a rel=\"nofollow noopener noreferrer\" data-shared=\"sharing-twitter-37522\" class=\"share-twitter sd-button share-icon no-text\" href=\"http:\/\/www.rtvnoticias.com.ar\/?p=37522&amp;share=twitter\" target=\"_blank\" title=\"Haz clic para compartir en Twitter\"><span><\/span><span class=\"sharing-screen-reader-text\">Haz clic para compartir en Twitter (Se abre en una ventana nueva)<\/span><\/a><\/li><li class=\"share-facebook\"><a rel=\"nofollow noopener noreferrer\" data-shared=\"sharing-facebook-37522\" class=\"share-facebook sd-button share-icon no-text\" href=\"http:\/\/www.rtvnoticias.com.ar\/?p=37522&amp;share=facebook\" target=\"_blank\" title=\"Haz clic para compartir en Facebook\"><span><\/span><span class=\"sharing-screen-reader-text\">Haz clic para compartir en Facebook (Se abre en una ventana nueva)<\/span><\/a><\/li><li class=\"share-jetpack-whatsapp\"><a rel=\"nofollow noopener noreferrer\" data-shared=\"\" class=\"share-jetpack-whatsapp sd-button share-icon no-text\" href=\"http:\/\/www.rtvnoticias.com.ar\/?p=37522&amp;share=jetpack-whatsapp\" target=\"_blank\" title=\"Haz clic para compartir en WhatsApp\"><span><\/span><span class=\"sharing-screen-reader-text\">Haz clic para compartir en WhatsApp (Se abre en una ventana nueva)<\/span><\/a><\/li><li class=\"share-telegram\"><a rel=\"nofollow noopener noreferrer\" data-shared=\"\" class=\"share-telegram sd-button share-icon no-text\" href=\"http:\/\/www.rtvnoticias.com.ar\/?p=37522&amp;share=telegram\" target=\"_blank\" title=\"Haz clic para compartir en Telegram\"><span><\/span><span class=\"sharing-screen-reader-text\">Haz clic para compartir en Telegram (Se abre en una ventana nueva)<\/span><\/a><\/li><li class=\"share-end\"><\/li><\/ul><\/div><\/div><\/div>","protected":false},"excerpt":{"rendered":"<p>Una avioneta cay\u00f3 este viernes durante un vuelo de exhibici\u00f3n en la apertura de la feria Agronea 2023 en la localidad de Charata, en la<\/p>\n<div class=\"sharedaddy sd-sharing-enabled\"><div class=\"robots-nocontent sd-block sd-social sd-social-icon sd-sharing\"><h3 class=\"sd-title\">Comparte esto:<\/h3><div class=\"sd-content\"><ul><li class=\"share-twitter\"><a rel=\"nofollow noopener noreferrer\" data-shared=\"sharing-twitter-37522\" class=\"share-twitter sd-button share-icon no-text\" href=\"http:\/\/www.rtvnoticias.com.ar\/?p=37522&amp;share=twitter\" target=\"_blank\" title=\"Haz clic para compartir en Twitter\"><span><\/span><span class=\"sharing-screen-reader-text\">Haz clic para compartir en Twitter (Se abre en una ventana nueva)<\/span><\/a><\/li><li class=\"share-facebook\"><a rel=\"nofollow noopener noreferrer\" data-shared=\"sharing-facebook-37522\" class=\"share-facebook sd-button share-icon no-text\" href=\"http:\/\/www.rtvnoticias.com.ar\/?p=37522&amp;share=facebook\" target=\"_blank\" title=\"Haz clic para compartir en Facebook\"><span><\/span><span class=\"sharing-screen-reader-text\">Haz clic para compartir en Facebook (Se abre en una ventana nueva)<\/span><\/a><\/li><li class=\"share-jetpack-whatsapp\"><a rel=\"nofollow noopener noreferrer\" data-shared=\"\" class=\"share-jetpack-whatsapp sd-button share-icon no-text\" href=\"http:\/\/www.rtvnoticias.com.ar\/?p=37522&amp;share=jetpack-whatsapp\" target=\"_blank\" title=\"Haz clic para compartir en WhatsApp\"><span><\/span><span class=\"sharing-screen-reader-text\">Haz clic para compartir en WhatsApp (Se abre en una ventana nueva)<\/span><\/a><\/li><li class=\"share-telegram\"><a rel=\"nofollow noopener noreferrer\" data-shared=\"\" class=\"share-telegram sd-button share-icon no-text\" href=\"http:\/\/www.rtvnoticias.com.ar\/?p=37522&amp;share=telegram\" target=\"_blank\" title=\"Haz clic para compartir en Telegram\"><span><\/span><span class=\"sharing-screen-reader-text\">Haz clic para compartir en Telegram (Se abre en una ventana nueva)<\/span><\/a><\/li><li class=\"share-end\"><\/li><\/ul><\/div><\/div><\/div>","protected":false},"author":5,"featured_media":37523,"comment_status":"closed","ping_status":"closed","sticky":false,"template":"","format":"standard","meta":{"spay_email":"","jetpack_publicize_message":"","jetpack_is_tweetstorm":false,"jetpack_publicize_feature_enabled":true},"categories":[5],"tags":[4090],"jetpack_featured_media_url":"http:\/\/www.rtvnoticias.com.ar\/wp-content\/uploads\/2023\/06\/avioneta-chaco.jpg","jetpack_publicize_connections":[],"jetpack_sharing_enabled":true,"_links":{"self":[{"href":"http:\/\/www.rtvnoticias.com.ar\/index.php?rest_route=\/wp\/v2\/posts\/37522"}],"collection":[{"href":"http:\/\/www.rtvnoticias.com.ar\/index.php?rest_route=\/wp\/v2\/posts"}],"about":[{"href":"http:\/\/www.rtvnoticias.com.ar\/index.php?rest_route=\/wp\/v2\/types\/post"}],"author":[{"embeddable":true,"href":"http:\/\/www.rtvnoticias.com.ar\/index.php?rest_route=\/wp\/v2\/users\/5"}],"replies":[{"embeddable":true,"href":"http:\/\/www.rtvnoticias.com.ar\/index.php?rest_route=%2Fwp%2Fv2%2Fcomments&post=37522"}],"version-history":[{"count":1,"href":"http:\/\/www.rtvnoticias.com.ar\/index.php?rest_route=\/wp\/v2\/posts\/37522\/revisions"}],"predecessor-version":[{"id":37524,"href":"http:\/\/www.rtvnoticias.com.ar\/index.php?rest_route=\/wp\/v2\/posts\/37522\/revisions\/37524"}],"wp:featuredmedia":[{"embeddable":true,"href":"http:\/\/www.rtvnoticias.com.ar\/index.php?rest_route=\/wp\/v2\/media\/37523"}],"wp:attachment":[{"href":"http:\/\/www.rtvnoticias.com.ar\/index.php?rest_route=%2Fwp%2Fv2%2Fmedia&parent=37522"}],"wp:term":[{"taxonomy":"category","embeddable":true,"href":"http:\/\/www.rtvnoticias.com.ar\/index.php?rest_route=%2Fwp%2Fv2%2Fcategories&post=37522"},{"taxonomy":"post_tag","embeddable":true,"href":"http:\/\/www.rtvnoticias.com.ar\/index.php?rest_route=%2Fwp%2Fv2%2Ftags&post=37522"}],"curies":[{"name":"wp","href":"https:\/\/api.w.org\/{rel}","templated":true}]}}