{"id":38134,"date":"2023-08-09T09:37:49","date_gmt":"2023-08-09T12:37:49","guid":{"rendered":"http:\/\/www.rtvnoticias.com.ar\/?p=38134"},"modified":"2023-08-09T09:38:11","modified_gmt":"2023-08-09T12:38:11","slug":"alonso-entrego-certificados-en-un-seminario-de-taekwondo","status":"publish","type":"post","link":"http:\/\/www.rtvnoticias.com.ar\/?p=38134","title":{"rendered":"Alonso entreg\u00f3 certificados en un seminario de taekwondo"},"content":{"rendered":"\n<p>La intendenta Fernanda Alonso fue parte de la entrega de certificados a alumnos y alumnas que completaron un destacado seminario de taekwondo que dict\u00f3 el maestro Han Chang Kin. El evento se desarroll\u00f3 en las instalaciones de Costa Brava.<\/p>\n\n\n\n<p>En este espacio de formaci\u00f3n se hizo una actualizaci\u00f3n de la t\u00e9cnica, tambi\u00e9n de la disciplina marcial y la finalidad del taekwondo. Luego, se dio lugar a un entrenamiento din\u00e1mico, de media lucha y defensa personal.<\/p>\n\n\n\n<p>Asistieron instructores, instructoras, alumnos y alumnas de Mendoza, Neuqu\u00e9n, Trenque Lauquen, Santa Rosa, General Acha, entre otros. Tambi\u00e9n participaron desde la Federaci\u00f3n Internacional y Mundial de Taekwondo.<\/p>\n\n\n\n<p>Adem\u00e1s de las autoridades mencionadas en primer lugar, estuvieron presentes la directora de Deportes, Mariela Lera y el maestro Jorge An\u00edbal Heeinz; p\u00fablico en general.<\/p>\n\n\n\n<figure class=\"wp-block-image size-large\"><img data-attachment-id=\"38136\" data-permalink=\"http:\/\/www.rtvnoticias.com.ar\/?attachment_id=38136\" data-orig-file=\"http:\/\/www.rtvnoticias.com.ar\/wp-content\/uploads\/2023\/08\/taekwondo3.jpg\" data-orig-size=\"600,400\" data-comments-opened=\"0\" data-image-meta=\"{&quot;aperture&quot;:&quot;0&quot;,&quot;credit&quot;:&quot;&quot;,&quot;camera&quot;:&quot;&quot;,&quot;caption&quot;:&quot;&quot;,&quot;created_timestamp&quot;:&quot;0&quot;,&quot;copyright&quot;:&quot;&quot;,&quot;focal_length&quot;:&quot;0&quot;,&quot;iso&quot;:&quot;0&quot;,&quot;shutter_speed&quot;:&quot;0&quot;,&quot;title&quot;:&quot;&quot;,&quot;orientation&quot;:&quot;0&quot;}\" data-image-title=\"taekwondo3\" data-image-description=\"\" data-image-caption=\"\" data-medium-file=\"http:\/\/www.rtvnoticias.com.ar\/wp-content\/uploads\/2023\/08\/taekwondo3-300x200.jpg\" data-large-file=\"http:\/\/www.rtvnoticias.com.ar\/wp-content\/uploads\/2023\/08\/taekwondo3.jpg\" decoding=\"async\" loading=\"lazy\" width=\"600\" height=\"400\" src=\"http:\/\/www.rtvnoticias.com.ar\/wp-content\/uploads\/2023\/08\/taekwondo3.jpg\" alt=\"\" class=\"wp-image-38136\" srcset=\"http:\/\/www.rtvnoticias.com.ar\/wp-content\/uploads\/2023\/08\/taekwondo3.jpg 600w, http:\/\/www.rtvnoticias.com.ar\/wp-content\/uploads\/2023\/08\/taekwondo3-300x200.jpg 300w\" sizes=\"(max-width: 600px) 100vw, 600px\" \/><figcaption><strong>Importante seminario de taekwondo en Costa Brava <\/strong>                                                              <\/figcaption><\/figure>\n\n\n\n<p>La jefa comunal piquense habl\u00f3 frente al auditorio: \u201cA las y los que vinieron por primera vez y a quienes no, pretendemos que se queden con ganas de volver, as\u00ed que espero lo hayan pasado bien, disfrutado. Veo que hacen esto con tanta pasi\u00f3n y as\u00ed es como yo entiendo las cosas\u201d.<\/p>\n\n\n\n<p>Felicit\u00f3 a quienes llevaron a cabo el curso y mostr\u00f3 su satisfacci\u00f3n \u201cpor la integraci\u00f3n de ni\u00f1os y ni\u00f1as, ya que son los que posteriormente nos van a representar en el futuro, para que no perdamos nada de lo que vino a traer el profesor a la Argentina\u201d.<\/p>\n\n\n\n<p>Alonso se refiri\u00f3 a la importancia de brindar oportunidades a todas las y los interesados en la pr\u00e1ctica deportiva a trav\u00e9s de escuelitas municipales: \u201cPara nosotros, es eso lo que tenemos que hacer como Estado local, llevar alternativas a chicos y chicas a todos los lugares que podamos con deportes que no son tan tradicionales\u201d.<\/p>\n\n\n\n<p>Por su parte, Heeinz a\u00f1adi\u00f3: \u201cFue una capacitaci\u00f3n que dict\u00f3 Han Chang Kin, quien fue el que introdujo el arte marcial en Argentina en el a\u00f1o 1967 y por un pedido especial de \u00e9l, que quer\u00eda venir a La Pampa a generar esta actividad. Tras ello, se fueron dando las cosas para que pueda estar con nosotros\u201d.<\/p>\n\n\n\n<p>Valor\u00f3, en tanto, el acompa\u00f1amiento desde el Ejecutivo local, al asegurar que \u201ctuvimos el apoyo de la intendenta, que fue el broche de oro, porque generalmente se apoya mucho el aspecto deportivo. Esto no era una competencia as\u00ed que contar con ello me llena de orgullo\u201d.<\/p>\n\n\n\n<p>Al finalizar esta propuesta, se hizo entrega de los certificados y premios pertinentes. A su vez, la jefa comunal piquense otorg\u00f3 no s\u00f3lo la resoluci\u00f3n que declar\u00f3 de inter\u00e9s municipal la iniciativa, sino tambi\u00e9n reconocimientos a las personas a cargo de la jornada, recibiendo de Heeinz una plaqueta.<\/p>\n<div class=\"sharedaddy sd-sharing-enabled\"><div class=\"robots-nocontent sd-block sd-social sd-social-icon sd-sharing\"><h3 class=\"sd-title\">Comparte esto:<\/h3><div class=\"sd-content\"><ul><li class=\"share-twitter\"><a rel=\"nofollow noopener noreferrer\" data-shared=\"sharing-twitter-38134\" class=\"share-twitter sd-button share-icon no-text\" href=\"http:\/\/www.rtvnoticias.com.ar\/?p=38134&amp;share=twitter\" target=\"_blank\" title=\"Haz clic para compartir en Twitter\"><span><\/span><span class=\"sharing-screen-reader-text\">Haz clic para compartir en Twitter (Se abre en una ventana nueva)<\/span><\/a><\/li><li class=\"share-facebook\"><a rel=\"nofollow noopener noreferrer\" data-shared=\"sharing-facebook-38134\" class=\"share-facebook sd-button share-icon no-text\" href=\"http:\/\/www.rtvnoticias.com.ar\/?p=38134&amp;share=facebook\" target=\"_blank\" title=\"Haz clic para compartir en Facebook\"><span><\/span><span class=\"sharing-screen-reader-text\">Haz clic para compartir en Facebook (Se abre en una ventana nueva)<\/span><\/a><\/li><li class=\"share-jetpack-whatsapp\"><a rel=\"nofollow noopener noreferrer\" data-shared=\"\" class=\"share-jetpack-whatsapp sd-button share-icon no-text\" href=\"http:\/\/www.rtvnoticias.com.ar\/?p=38134&amp;share=jetpack-whatsapp\" target=\"_blank\" title=\"Haz clic para compartir en WhatsApp\"><span><\/span><span class=\"sharing-screen-reader-text\">Haz clic para compartir en WhatsApp (Se abre en una ventana nueva)<\/span><\/a><\/li><li class=\"share-telegram\"><a rel=\"nofollow noopener noreferrer\" data-shared=\"\" class=\"share-telegram sd-button share-icon no-text\" href=\"http:\/\/www.rtvnoticias.com.ar\/?p=38134&amp;share=telegram\" target=\"_blank\" title=\"Haz clic para compartir en Telegram\"><span><\/span><span class=\"sharing-screen-reader-text\">Haz clic para compartir en Telegram (Se abre en una ventana nueva)<\/span><\/a><\/li><li class=\"share-end\"><\/li><\/ul><\/div><\/div><\/div>","protected":false},"excerpt":{"rendered":"<p>La intendenta Fernanda Alonso fue parte de la entrega de certificados a alumnos y alumnas que completaron un destacado seminario de taekwondo que dict\u00f3 el<\/p>\n<div class=\"sharedaddy sd-sharing-enabled\"><div class=\"robots-nocontent sd-block sd-social sd-social-icon sd-sharing\"><h3 class=\"sd-title\">Comparte esto:<\/h3><div class=\"sd-content\"><ul><li class=\"share-twitter\"><a rel=\"nofollow noopener noreferrer\" data-shared=\"sharing-twitter-38134\" class=\"share-twitter sd-button share-icon no-text\" href=\"http:\/\/www.rtvnoticias.com.ar\/?p=38134&amp;share=twitter\" target=\"_blank\" title=\"Haz clic para compartir en Twitter\"><span><\/span><span class=\"sharing-screen-reader-text\">Haz clic para compartir en Twitter (Se abre en una ventana nueva)<\/span><\/a><\/li><li class=\"share-facebook\"><a rel=\"nofollow noopener noreferrer\" data-shared=\"sharing-facebook-38134\" class=\"share-facebook sd-button share-icon no-text\" href=\"http:\/\/www.rtvnoticias.com.ar\/?p=38134&amp;share=facebook\" target=\"_blank\" title=\"Haz clic para compartir en Facebook\"><span><\/span><span class=\"sharing-screen-reader-text\">Haz clic para compartir en Facebook (Se abre en una ventana nueva)<\/span><\/a><\/li><li class=\"share-jetpack-whatsapp\"><a rel=\"nofollow noopener noreferrer\" data-shared=\"\" class=\"share-jetpack-whatsapp sd-button share-icon no-text\" href=\"http:\/\/www.rtvnoticias.com.ar\/?p=38134&amp;share=jetpack-whatsapp\" target=\"_blank\" title=\"Haz clic para compartir en WhatsApp\"><span><\/span><span class=\"sharing-screen-reader-text\">Haz clic para compartir en WhatsApp (Se abre en una ventana nueva)<\/span><\/a><\/li><li class=\"share-telegram\"><a rel=\"nofollow noopener noreferrer\" data-shared=\"\" class=\"share-telegram sd-button share-icon no-text\" href=\"http:\/\/www.rtvnoticias.com.ar\/?p=38134&amp;share=telegram\" target=\"_blank\" title=\"Haz clic para compartir en Telegram\"><span><\/span><span class=\"sharing-screen-reader-text\">Haz clic para compartir en Telegram (Se abre en una ventana nueva)<\/span><\/a><\/li><li class=\"share-end\"><\/li><\/ul><\/div><\/div><\/div>","protected":false},"author":5,"featured_media":38135,"comment_status":"closed","ping_status":"closed","sticky":false,"template":"","format":"standard","meta":{"spay_email":"","jetpack_publicize_message":"","jetpack_is_tweetstorm":false,"jetpack_publicize_feature_enabled":true},"categories":[6],"tags":[4205],"jetpack_featured_media_url":"http:\/\/www.rtvnoticias.com.ar\/wp-content\/uploads\/2023\/08\/taekwondo1.jpg","jetpack_publicize_connections":[],"jetpack_sharing_enabled":true,"_links":{"self":[{"href":"http:\/\/www.rtvnoticias.com.ar\/index.php?rest_route=\/wp\/v2\/posts\/38134"}],"collection":[{"href":"http:\/\/www.rtvnoticias.com.ar\/index.php?rest_route=\/wp\/v2\/posts"}],"about":[{"href":"http:\/\/www.rtvnoticias.com.ar\/index.php?rest_route=\/wp\/v2\/types\/post"}],"author":[{"embeddable":true,"href":"http:\/\/www.rtvnoticias.com.ar\/index.php?rest_route=\/wp\/v2\/users\/5"}],"replies":[{"embeddable":true,"href":"http:\/\/www.rtvnoticias.com.ar\/index.php?rest_route=%2Fwp%2Fv2%2Fcomments&post=38134"}],"version-history":[{"count":1,"href":"http:\/\/www.rtvnoticias.com.ar\/index.php?rest_route=\/wp\/v2\/posts\/38134\/revisions"}],"predecessor-version":[{"id":38137,"href":"http:\/\/www.rtvnoticias.com.ar\/index.php?rest_route=\/wp\/v2\/posts\/38134\/revisions\/38137"}],"wp:featuredmedia":[{"embeddable":true,"href":"http:\/\/www.rtvnoticias.com.ar\/index.php?rest_route=\/wp\/v2\/media\/38135"}],"wp:attachment":[{"href":"http:\/\/www.rtvnoticias.com.ar\/index.php?rest_route=%2Fwp%2Fv2%2Fmedia&parent=38134"}],"wp:term":[{"taxonomy":"category","embeddable":true,"href":"http:\/\/www.rtvnoticias.com.ar\/index.php?rest_route=%2Fwp%2Fv2%2Fcategories&post=38134"},{"taxonomy":"post_tag","embeddable":true,"href":"http:\/\/www.rtvnoticias.com.ar\/index.php?rest_route=%2Fwp%2Fv2%2Ftags&post=38134"}],"curies":[{"name":"wp","href":"https:\/\/api.w.org\/{rel}","templated":true}]}}