{"id":38253,"date":"2023-08-15T07:00:00","date_gmt":"2023-08-15T10:00:00","guid":{"rendered":"http:\/\/www.rtvnoticias.com.ar\/?p=38253"},"modified":"2023-08-14T20:45:29","modified_gmt":"2023-08-14T23:45:29","slug":"anunciaron-la-26-edicion-de-la-expo-apicola-doblas","status":"publish","type":"post","link":"http:\/\/www.rtvnoticias.com.ar\/?p=38253","title":{"rendered":"Anunciaron la 26\u00b0 edici\u00f3n de la Expo Ap\u00edcola Doblas"},"content":{"rendered":"\n<p>Se realizar\u00e1 los d\u00edas 18 y 19 de agosto, con la participaci\u00f3n de expositores ap\u00edcolas y emprendedores. \u00a0La ministra de la Producci\u00f3n, Fernanda Gonz\u00e1lez; la intendenta de Doblas, Anelisa G\u00f3mez; el presidente de la COSEDO, Jorge P\u00e1ez y el subsecretario de Asuntos Agrarios, Ricardo Baraldi, anunciaron la realizaci\u00f3n, el pr\u00f3ximo fin de semana, de la 26\u00b0 edici\u00f3n de la Expo Ap\u00edcola Doblas.<\/p>\n\n\n\n<p><br>Los presentes coincidieron en destacar la actividad ap\u00edcola tanto en la localidad de Doblas como en el resto de la Provincia, generando un producto de exportaci\u00f3n y certificaci\u00f3n org\u00e1nica, como as\u00ed tambi\u00e9n mano de obra genuina.<br>\u201cDesde el Gobierno provincial acompa\u00f1amos el desarrollo de las econom\u00edas regionales y esta exposici\u00f3n nuclea justamente a un sector en permanente crecimiento como es el ap\u00edcola\u201d.<\/p>\n\n\n\n<p><br>La ministra Gonz\u00e1lez coment\u00f3 que los apicultores\u00a0 obtuvieron una muy buena cosecha el a\u00f1o anterior, \u201cy aunque el 90%\u00a0 de la producci\u00f3n se va a exportaci\u00f3n,\u00a0 tambi\u00e9n est\u00e1 muy vinculada a la actividad agr\u00edcola ganadera\u201d. Destac\u00f3 que en La Pampa se cuenta con m\u00e1s de 400 productores, la gran mayor\u00eda pampeanos y que, La Pampa es la tercera a nivel pa\u00eds en contar con la certificaci\u00f3n de miel org\u00e1nica.<br><\/p>\n\n\n\n<p>Por su parte el presidente de la COSEDO, manifest\u00f3 que \u201ces un placer poder llevar a cabo esta 26\u00b0 exposici\u00f3n en un a\u00f1o complejo, el anterior fue un a\u00f1o r\u00e9cord -sostuvo-, pero este no lo ha sido tanto, ya sea en cuanto a lo clim\u00e1tico como tambi\u00e9n respecto de la comercializaci\u00f3n, sin embargo estamos esperanzados de poder continuar creciendo, siempre trabajando junto a productores, el Gobierno provincial y municipal\u201d.<\/p>\n\n\n\n<p><br>Respecto de Expo Ap\u00edcola sostuvo que \u201chemos tenido muy buena respuesta por parte de los expositores, tenemos m\u00e1s de 60 firmas ap\u00edcolas y otro tanto de emprendimientos pampeanos, con lo cual vamos a disfrutar de un lindo ambiente\u201d.<br>En cuanto a las charlas habituales este a\u00f1o se centrar\u00e1n en el an\u00e1lisis de la comercializaci\u00f3n ap\u00edcola, el s\u00e1bado a las 10:00 a cargo de la Ing, Agr. Pilar Raffo y de Tom\u00e1s Tuna.<\/p>\n\n\n\n<p><br>La intendenta de Doblas, Anelisa G\u00f3mez coincidi\u00f3 tambi\u00e9n en que se trata de un\u00a0 evento muy importante y \u201cestamos muy contentos con la continuidad de estas ediciones e invitamos a toda la\u00a0 poblaci\u00f3n de la Provincia, por la importancia que tiene esta actividad tanto en lo econ\u00f3mico como en lo laboral\u201d.<\/p>\n\n\n\n<p><strong>Cronograma<\/strong><br>Viernes 18:<br>9:00&nbsp; Apertura Expo Ap\u00edcola Doblas. Feria de Emprendimientos. 19:00 Cierre de la Exposici\u00f3n.<br>S\u00e1bado 19:<br>9:00&nbsp; Apertura Expo Ap\u00edcola 2023.<br>10:00 Charla \u201cAn\u00e1lisis del mercado ap\u00edcola\u201d, Ing. Agr, Pilar Raffo y Tom\u00e1s Tuma<br>11:00 Cocina \u201cDemostraci\u00f3n y degustaci\u00f3n a cargo del Cheff Santiago Corro\u201d.<br>12:00 Inauguraci\u00f3n oficial.<br>19:00 Cierre de Exposici\u00f3n.<br>21:00 Cena con Show a cargo de Carlos G\u00f3mez y Los Jarillares.<\/p>\n<div class=\"sharedaddy sd-sharing-enabled\"><div class=\"robots-nocontent sd-block sd-social sd-social-icon sd-sharing\"><h3 class=\"sd-title\">Comparte esto:<\/h3><div class=\"sd-content\"><ul><li class=\"share-twitter\"><a rel=\"nofollow noopener noreferrer\" data-shared=\"sharing-twitter-38253\" class=\"share-twitter sd-button share-icon no-text\" href=\"http:\/\/www.rtvnoticias.com.ar\/?p=38253&amp;share=twitter\" target=\"_blank\" title=\"Haz clic para compartir en Twitter\"><span><\/span><span class=\"sharing-screen-reader-text\">Haz clic para compartir en Twitter (Se abre en una ventana nueva)<\/span><\/a><\/li><li class=\"share-facebook\"><a rel=\"nofollow noopener noreferrer\" data-shared=\"sharing-facebook-38253\" class=\"share-facebook sd-button share-icon no-text\" href=\"http:\/\/www.rtvnoticias.com.ar\/?p=38253&amp;share=facebook\" target=\"_blank\" title=\"Haz clic para compartir en Facebook\"><span><\/span><span class=\"sharing-screen-reader-text\">Haz clic para compartir en Facebook (Se abre en una ventana nueva)<\/span><\/a><\/li><li class=\"share-jetpack-whatsapp\"><a rel=\"nofollow noopener noreferrer\" data-shared=\"\" class=\"share-jetpack-whatsapp sd-button share-icon no-text\" href=\"http:\/\/www.rtvnoticias.com.ar\/?p=38253&amp;share=jetpack-whatsapp\" target=\"_blank\" title=\"Haz clic para compartir en WhatsApp\"><span><\/span><span class=\"sharing-screen-reader-text\">Haz clic para compartir en WhatsApp (Se abre en una ventana nueva)<\/span><\/a><\/li><li class=\"share-telegram\"><a rel=\"nofollow noopener noreferrer\" data-shared=\"\" class=\"share-telegram sd-button share-icon no-text\" href=\"http:\/\/www.rtvnoticias.com.ar\/?p=38253&amp;share=telegram\" target=\"_blank\" title=\"Haz clic para compartir en Telegram\"><span><\/span><span class=\"sharing-screen-reader-text\">Haz clic para compartir en Telegram (Se abre en una ventana nueva)<\/span><\/a><\/li><li class=\"share-end\"><\/li><\/ul><\/div><\/div><\/div>","protected":false},"excerpt":{"rendered":"<p>Se realizar\u00e1 los d\u00edas 18 y 19 de agosto, con la participaci\u00f3n de expositores ap\u00edcolas y emprendedores. \u00a0La ministra de la Producci\u00f3n, Fernanda Gonz\u00e1lez; la<\/p>\n<div class=\"sharedaddy sd-sharing-enabled\"><div class=\"robots-nocontent sd-block sd-social sd-social-icon sd-sharing\"><h3 class=\"sd-title\">Comparte esto:<\/h3><div class=\"sd-content\"><ul><li class=\"share-twitter\"><a rel=\"nofollow noopener noreferrer\" data-shared=\"sharing-twitter-38253\" class=\"share-twitter sd-button share-icon no-text\" href=\"http:\/\/www.rtvnoticias.com.ar\/?p=38253&amp;share=twitter\" target=\"_blank\" title=\"Haz clic para compartir en Twitter\"><span><\/span><span class=\"sharing-screen-reader-text\">Haz clic para compartir en Twitter (Se abre en una ventana nueva)<\/span><\/a><\/li><li class=\"share-facebook\"><a rel=\"nofollow noopener noreferrer\" data-shared=\"sharing-facebook-38253\" class=\"share-facebook sd-button share-icon no-text\" href=\"http:\/\/www.rtvnoticias.com.ar\/?p=38253&amp;share=facebook\" target=\"_blank\" title=\"Haz clic para compartir en Facebook\"><span><\/span><span class=\"sharing-screen-reader-text\">Haz clic para compartir en Facebook (Se abre en una ventana nueva)<\/span><\/a><\/li><li class=\"share-jetpack-whatsapp\"><a rel=\"nofollow noopener noreferrer\" data-shared=\"\" class=\"share-jetpack-whatsapp sd-button share-icon no-text\" href=\"http:\/\/www.rtvnoticias.com.ar\/?p=38253&amp;share=jetpack-whatsapp\" target=\"_blank\" title=\"Haz clic para compartir en WhatsApp\"><span><\/span><span class=\"sharing-screen-reader-text\">Haz clic para compartir en WhatsApp (Se abre en una ventana nueva)<\/span><\/a><\/li><li class=\"share-telegram\"><a rel=\"nofollow noopener noreferrer\" data-shared=\"\" class=\"share-telegram sd-button share-icon no-text\" href=\"http:\/\/www.rtvnoticias.com.ar\/?p=38253&amp;share=telegram\" target=\"_blank\" title=\"Haz clic para compartir en Telegram\"><span><\/span><span class=\"sharing-screen-reader-text\">Haz clic para compartir en Telegram (Se abre en una ventana nueva)<\/span><\/a><\/li><li class=\"share-end\"><\/li><\/ul><\/div><\/div><\/div>","protected":false},"author":7,"featured_media":38254,"comment_status":"closed","ping_status":"closed","sticky":false,"template":"","format":"standard","meta":{"spay_email":"","jetpack_publicize_message":"","jetpack_is_tweetstorm":false,"jetpack_publicize_feature_enabled":true},"categories":[1],"tags":[],"jetpack_featured_media_url":"http:\/\/www.rtvnoticias.com.ar\/wp-content\/uploads\/2023\/08\/lol-xxxddd.jpg","jetpack_publicize_connections":[],"jetpack_sharing_enabled":true,"_links":{"self":[{"href":"http:\/\/www.rtvnoticias.com.ar\/index.php?rest_route=\/wp\/v2\/posts\/38253"}],"collection":[{"href":"http:\/\/www.rtvnoticias.com.ar\/index.php?rest_route=\/wp\/v2\/posts"}],"about":[{"href":"http:\/\/www.rtvnoticias.com.ar\/index.php?rest_route=\/wp\/v2\/types\/post"}],"author":[{"embeddable":true,"href":"http:\/\/www.rtvnoticias.com.ar\/index.php?rest_route=\/wp\/v2\/users\/7"}],"replies":[{"embeddable":true,"href":"http:\/\/www.rtvnoticias.com.ar\/index.php?rest_route=%2Fwp%2Fv2%2Fcomments&post=38253"}],"version-history":[{"count":1,"href":"http:\/\/www.rtvnoticias.com.ar\/index.php?rest_route=\/wp\/v2\/posts\/38253\/revisions"}],"predecessor-version":[{"id":38255,"href":"http:\/\/www.rtvnoticias.com.ar\/index.php?rest_route=\/wp\/v2\/posts\/38253\/revisions\/38255"}],"wp:featuredmedia":[{"embeddable":true,"href":"http:\/\/www.rtvnoticias.com.ar\/index.php?rest_route=\/wp\/v2\/media\/38254"}],"wp:attachment":[{"href":"http:\/\/www.rtvnoticias.com.ar\/index.php?rest_route=%2Fwp%2Fv2%2Fmedia&parent=38253"}],"wp:term":[{"taxonomy":"category","embeddable":true,"href":"http:\/\/www.rtvnoticias.com.ar\/index.php?rest_route=%2Fwp%2Fv2%2Fcategories&post=38253"},{"taxonomy":"post_tag","embeddable":true,"href":"http:\/\/www.rtvnoticias.com.ar\/index.php?rest_route=%2Fwp%2Fv2%2Ftags&post=38253"}],"curies":[{"name":"wp","href":"https:\/\/api.w.org\/{rel}","templated":true}]}}