{"id":38275,"date":"2023-08-15T16:15:34","date_gmt":"2023-08-15T19:15:34","guid":{"rendered":"http:\/\/www.rtvnoticias.com.ar\/?p=38275"},"modified":"2023-08-15T16:15:37","modified_gmt":"2023-08-15T19:15:37","slug":"la-inflacion-de-julio-fue-de-63-y-en-los-12-ultimos-meses-acumulo-1134-por-ciento","status":"publish","type":"post","link":"http:\/\/www.rtvnoticias.com.ar\/?p=38275","title":{"rendered":"La inflaci\u00f3n de julio fue de 6,3% y en los 12 \u00faltimos meses acumul\u00f3 113,4 por ciento"},"content":{"rendered":"\n<p class=\"has-white-color has-vivid-red-background-color has-text-color has-background\"><strong><em>La inflaci\u00f3n de julio volvi\u00f3 a acelerar tras el 6% que hab\u00eda marcado junio y alcanz\u00f3 as\u00ed el 6,3 por ciento, inform\u00f3 este martes el Indec. De esa manera, en los primeros siete meses del a\u00f1o la suba de precios acumul\u00f3 un 60,2 por ciento y, medido de manera interanual, alcanz\u00f3 113,4 por ciento.<\/em><\/strong><\/p>\n\n\n\n<p>Los datos del IPC de julio no est\u00e1n influenciados a\u00fan por la devaluaci\u00f3n del tipo de cambio que decidi\u00f3 el Gobierno este lunes, ya que el impacto en los precios se ver\u00e1 reci\u00e9n en el informe del mes pr\u00f3ximo, que se conocer\u00e1 a mediados de septiembre. Las consultoras empezaron ya a proyectar que los \u00edndices mensuales de agosto y septiembre podr\u00edan ser de dos d\u00edgitos.<\/p>\n\n\n\n<p>Pero julio, a\u00fan sin ese movimiento cambiario, hab\u00eda tenido elementos que explicaron esa aceleraci\u00f3n tras el \u201cpiso\u201d (alto) de 6% en junio para 2023. Sobre la \u00faltima semana del mes, las medidas adoptadas para paliar el drenaje de reservas \u2013el d\u00f3lar agro a $340 y la devaluaci\u00f3n fiscal que implic\u00f3 la aplicaci\u00f3n del impuesto PAIS al 7,5% y 25% a las importaciones seg\u00fan su car\u00e1cter\u2013 impactaron en los precios, con particular destaque para el salto en el valor de la carne. Tambi\u00e9n el salto de la brecha cambiaria y la fuerte presi\u00f3n del d\u00f3lar informal, prev\u00e9n fuentes oficiales, tuvo alg\u00fan efecto sobre fines de mes.<\/p>\n\n\n\n<p>Sin embargo, los verdaderos coletazos no s\u00f3lo de esas medidas sino, fundamentalmente, de la devaluaci\u00f3n que empez\u00f3 a regir este lunes con la correcci\u00f3n del d\u00f3lar oficial a $350 se sentir\u00e1n en el \u00edndice de este mes. La suba de 22% respecto del cierre del viernes tendr\u00e1, prev\u00e9n los analistas, un traslado a precios m\u00e1s temprano que tarde y llevar\u00eda el indicador a los dos d\u00edgitos por primera vez en 20 a\u00f1os. Esa din\u00e1mica, prev\u00e9n los economistas, se extender\u00eda al menos hasta octubre.<\/p>\n\n\n\n<p>Es que, sobre el salto discreto del tipo de cambio se monta tambi\u00e9n la suba de impuestos dispuesta a principios de mes para las importaciones. Esa suba, a contramano de lo prometido por el equipo econ\u00f3mico a los fabricantes de alimentos y otros productos b\u00e1sicos de consumo, se aplica sin excepciones. Esto a pesar de que desde la Secretar\u00eda de Comercio que conduce Mat\u00edas Tombolini acordaron con la c\u00e1mara que agrupa a las empresas del sector, Copal, que dirige Daniel Funes de Rioja, la confecci\u00f3n de una lista de insumos a ser exceptuados del recargo.<\/p>\n\n\n\n<p>El Gobierno, en ese sentido, empezar\u00e1 desde esta tarade a negociar una nueva versi\u00f3n del programa \u201cPrecios Justos\u201d. En este contexto, las empresas de consumo masivo comenzaron a recibir invitaciones\/citaciones para trasladarse a la Secretar\u00eda de Comercio que lidera Mat\u00edas Tombolini, cuyo rol quedar\u00e1 desdibujado por el nuevo esquema decidido por el ministro de Econom\u00eda, Sergio Massa. El candidato presidencial decidi\u00f3 que la coordinaci\u00f3n de la tarea de control de precios recaiga sobre el titular de la Aduana, Guillermo Michel, su mano derecha en el equipo econ\u00f3mico.<\/p>\n<div class=\"sharedaddy sd-sharing-enabled\"><div class=\"robots-nocontent sd-block sd-social sd-social-icon sd-sharing\"><h3 class=\"sd-title\">Comparte esto:<\/h3><div class=\"sd-content\"><ul><li class=\"share-twitter\"><a rel=\"nofollow noopener noreferrer\" data-shared=\"sharing-twitter-38275\" class=\"share-twitter sd-button share-icon no-text\" href=\"http:\/\/www.rtvnoticias.com.ar\/?p=38275&amp;share=twitter\" target=\"_blank\" title=\"Haz clic para compartir en Twitter\"><span><\/span><span class=\"sharing-screen-reader-text\">Haz clic para compartir en Twitter (Se abre en una ventana nueva)<\/span><\/a><\/li><li class=\"share-facebook\"><a rel=\"nofollow noopener noreferrer\" data-shared=\"sharing-facebook-38275\" class=\"share-facebook sd-button share-icon no-text\" href=\"http:\/\/www.rtvnoticias.com.ar\/?p=38275&amp;share=facebook\" target=\"_blank\" title=\"Haz clic para compartir en Facebook\"><span><\/span><span class=\"sharing-screen-reader-text\">Haz clic para compartir en Facebook (Se abre en una ventana nueva)<\/span><\/a><\/li><li class=\"share-jetpack-whatsapp\"><a rel=\"nofollow noopener noreferrer\" data-shared=\"\" class=\"share-jetpack-whatsapp sd-button share-icon no-text\" href=\"http:\/\/www.rtvnoticias.com.ar\/?p=38275&amp;share=jetpack-whatsapp\" target=\"_blank\" title=\"Haz clic para compartir en WhatsApp\"><span><\/span><span class=\"sharing-screen-reader-text\">Haz clic para compartir en WhatsApp (Se abre en una ventana nueva)<\/span><\/a><\/li><li class=\"share-telegram\"><a rel=\"nofollow noopener noreferrer\" data-shared=\"\" class=\"share-telegram sd-button share-icon no-text\" href=\"http:\/\/www.rtvnoticias.com.ar\/?p=38275&amp;share=telegram\" target=\"_blank\" title=\"Haz clic para compartir en Telegram\"><span><\/span><span class=\"sharing-screen-reader-text\">Haz clic para compartir en Telegram (Se abre en una ventana nueva)<\/span><\/a><\/li><li class=\"share-end\"><\/li><\/ul><\/div><\/div><\/div>","protected":false},"excerpt":{"rendered":"<p>La inflaci\u00f3n de julio volvi\u00f3 a acelerar tras el 6% que hab\u00eda marcado junio y alcanz\u00f3 as\u00ed el 6,3 por ciento, inform\u00f3 este martes el<\/p>\n<div class=\"sharedaddy sd-sharing-enabled\"><div class=\"robots-nocontent sd-block sd-social sd-social-icon sd-sharing\"><h3 class=\"sd-title\">Comparte esto:<\/h3><div class=\"sd-content\"><ul><li class=\"share-twitter\"><a rel=\"nofollow noopener noreferrer\" data-shared=\"sharing-twitter-38275\" class=\"share-twitter sd-button share-icon no-text\" href=\"http:\/\/www.rtvnoticias.com.ar\/?p=38275&amp;share=twitter\" target=\"_blank\" title=\"Haz clic para compartir en Twitter\"><span><\/span><span class=\"sharing-screen-reader-text\">Haz clic para compartir en Twitter (Se abre en una ventana nueva)<\/span><\/a><\/li><li class=\"share-facebook\"><a rel=\"nofollow noopener noreferrer\" data-shared=\"sharing-facebook-38275\" class=\"share-facebook sd-button share-icon no-text\" href=\"http:\/\/www.rtvnoticias.com.ar\/?p=38275&amp;share=facebook\" target=\"_blank\" title=\"Haz clic para compartir en Facebook\"><span><\/span><span class=\"sharing-screen-reader-text\">Haz clic para compartir en Facebook (Se abre en una ventana nueva)<\/span><\/a><\/li><li class=\"share-jetpack-whatsapp\"><a rel=\"nofollow noopener noreferrer\" data-shared=\"\" class=\"share-jetpack-whatsapp sd-button share-icon no-text\" href=\"http:\/\/www.rtvnoticias.com.ar\/?p=38275&amp;share=jetpack-whatsapp\" target=\"_blank\" title=\"Haz clic para compartir en WhatsApp\"><span><\/span><span class=\"sharing-screen-reader-text\">Haz clic para compartir en WhatsApp (Se abre en una ventana nueva)<\/span><\/a><\/li><li class=\"share-telegram\"><a rel=\"nofollow noopener noreferrer\" data-shared=\"\" class=\"share-telegram sd-button share-icon no-text\" href=\"http:\/\/www.rtvnoticias.com.ar\/?p=38275&amp;share=telegram\" target=\"_blank\" title=\"Haz clic para compartir en Telegram\"><span><\/span><span class=\"sharing-screen-reader-text\">Haz clic para compartir en Telegram (Se abre en una ventana nueva)<\/span><\/a><\/li><li class=\"share-end\"><\/li><\/ul><\/div><\/div><\/div>","protected":false},"author":5,"featured_media":31292,"comment_status":"closed","ping_status":"closed","sticky":false,"template":"","format":"standard","meta":{"spay_email":"","jetpack_publicize_message":"","jetpack_is_tweetstorm":false,"jetpack_publicize_feature_enabled":true},"categories":[5],"tags":[4229],"jetpack_featured_media_url":"http:\/\/www.rtvnoticias.com.ar\/wp-content\/uploads\/2022\/03\/dinero.jpg","jetpack_publicize_connections":[],"jetpack_sharing_enabled":true,"_links":{"self":[{"href":"http:\/\/www.rtvnoticias.com.ar\/index.php?rest_route=\/wp\/v2\/posts\/38275"}],"collection":[{"href":"http:\/\/www.rtvnoticias.com.ar\/index.php?rest_route=\/wp\/v2\/posts"}],"about":[{"href":"http:\/\/www.rtvnoticias.com.ar\/index.php?rest_route=\/wp\/v2\/types\/post"}],"author":[{"embeddable":true,"href":"http:\/\/www.rtvnoticias.com.ar\/index.php?rest_route=\/wp\/v2\/users\/5"}],"replies":[{"embeddable":true,"href":"http:\/\/www.rtvnoticias.com.ar\/index.php?rest_route=%2Fwp%2Fv2%2Fcomments&post=38275"}],"version-history":[{"count":1,"href":"http:\/\/www.rtvnoticias.com.ar\/index.php?rest_route=\/wp\/v2\/posts\/38275\/revisions"}],"predecessor-version":[{"id":38276,"href":"http:\/\/www.rtvnoticias.com.ar\/index.php?rest_route=\/wp\/v2\/posts\/38275\/revisions\/38276"}],"wp:featuredmedia":[{"embeddable":true,"href":"http:\/\/www.rtvnoticias.com.ar\/index.php?rest_route=\/wp\/v2\/media\/31292"}],"wp:attachment":[{"href":"http:\/\/www.rtvnoticias.com.ar\/index.php?rest_route=%2Fwp%2Fv2%2Fmedia&parent=38275"}],"wp:term":[{"taxonomy":"category","embeddable":true,"href":"http:\/\/www.rtvnoticias.com.ar\/index.php?rest_route=%2Fwp%2Fv2%2Fcategories&post=38275"},{"taxonomy":"post_tag","embeddable":true,"href":"http:\/\/www.rtvnoticias.com.ar\/index.php?rest_route=%2Fwp%2Fv2%2Ftags&post=38275"}],"curies":[{"name":"wp","href":"https:\/\/api.w.org\/{rel}","templated":true}]}}