{"id":38308,"date":"2023-08-17T09:57:02","date_gmt":"2023-08-17T12:57:02","guid":{"rendered":"http:\/\/www.rtvnoticias.com.ar\/?p=38308"},"modified":"2023-08-17T09:57:05","modified_gmt":"2023-08-17T12:57:05","slug":"clinicas-y-sanatorios-preocupados-por-demoras-administrativas-en-el-pami","status":"publish","type":"post","link":"http:\/\/www.rtvnoticias.com.ar\/?p=38308","title":{"rendered":"Cl\u00ednicas y sanatorios preocupados por demoras administrativas en el PAMI"},"content":{"rendered":"\n<p>La Agrupaci\u00f3n Cl\u00ednicas y Sanatorios Privados de la Provincia de La Pampa, manifiesta su estado de preocupaci\u00f3n ante situaciones relacionadas con la obra social de los pensionados y jubilados.<\/p>\n\n\n\n<p>En primer lugar y como es de conocimiento p\u00fablico, PAMI sufri\u00f3 un ataque a su sistema inform\u00e1tico que anul\u00f3 el funcionamiento de sus servicios por esa v\u00eda. Por este motivo, las instituciones de salud continuaron atendiendo pero sin poder avanzar en los procesos administrativos necesarios para cobrar los servicios. Luego de m\u00e1s de 15 d\u00edas sin sistemas, en las \u00faltimas horas se restableci\u00f3 una parte m\u00ednima de las funciones.<\/p>\n\n\n\n<p>A pesar de la incertidumbre con la que se manej\u00f3 el problema, las cl\u00ednicas sostuvieron con normalidad la atenci\u00f3n. Sin conocer la manera en la que cobrar\u00e1n sus servicios y cubrir\u00e1n sus costos, mantuvieron plena atenci\u00f3n demostrando el compromiso de las instituciones con sus pacientes.<\/p>\n\n\n\n<p>Otro tema que despert\u00f3 malestar en las cl\u00ednicas es el trato diferencial y discriminatorio con respecto a otras instituciones de salud privadas de la provincia, las que fueron invitadas a la firma de un \u201cConvenio Marco de Colaboraci\u00f3n entre Instituciones Prestadoras de Salud y el Pami\u201d, no solo ello, sino que adem\u00e1s accedieron al cobro de un bono extraordinario del 20% de su facturaci\u00f3n. Este beneficio con acceso a recursos econ\u00f3micos adicionales, no alcanza a cl\u00ednicas y sanatorios que son hist\u00f3ricos prestadores de la obra social.<\/p>\n\n\n\n<p>De esta manera la Agrupaci\u00f3n de Cl\u00ednicas y Sanatorios Privados de La Pampa desea compartir con la comunidad la preocupaci\u00f3n ante estas situaciones que ubican en estado de alerta.<\/p>\n<div class=\"sharedaddy sd-sharing-enabled\"><div class=\"robots-nocontent sd-block sd-social sd-social-icon sd-sharing\"><h3 class=\"sd-title\">Comparte esto:<\/h3><div class=\"sd-content\"><ul><li class=\"share-twitter\"><a rel=\"nofollow noopener noreferrer\" data-shared=\"sharing-twitter-38308\" class=\"share-twitter sd-button share-icon no-text\" href=\"http:\/\/www.rtvnoticias.com.ar\/?p=38308&amp;share=twitter\" target=\"_blank\" title=\"Haz clic para compartir en Twitter\"><span><\/span><span class=\"sharing-screen-reader-text\">Haz clic para compartir en Twitter (Se abre en una ventana nueva)<\/span><\/a><\/li><li class=\"share-facebook\"><a rel=\"nofollow noopener noreferrer\" data-shared=\"sharing-facebook-38308\" class=\"share-facebook sd-button share-icon no-text\" href=\"http:\/\/www.rtvnoticias.com.ar\/?p=38308&amp;share=facebook\" target=\"_blank\" title=\"Haz clic para compartir en Facebook\"><span><\/span><span class=\"sharing-screen-reader-text\">Haz clic para compartir en Facebook (Se abre en una ventana nueva)<\/span><\/a><\/li><li class=\"share-jetpack-whatsapp\"><a rel=\"nofollow noopener noreferrer\" data-shared=\"\" class=\"share-jetpack-whatsapp sd-button share-icon no-text\" href=\"http:\/\/www.rtvnoticias.com.ar\/?p=38308&amp;share=jetpack-whatsapp\" target=\"_blank\" title=\"Haz clic para compartir en WhatsApp\"><span><\/span><span class=\"sharing-screen-reader-text\">Haz clic para compartir en WhatsApp (Se abre en una ventana nueva)<\/span><\/a><\/li><li class=\"share-telegram\"><a rel=\"nofollow noopener noreferrer\" data-shared=\"\" class=\"share-telegram sd-button share-icon no-text\" href=\"http:\/\/www.rtvnoticias.com.ar\/?p=38308&amp;share=telegram\" target=\"_blank\" title=\"Haz clic para compartir en Telegram\"><span><\/span><span class=\"sharing-screen-reader-text\">Haz clic para compartir en Telegram (Se abre en una ventana nueva)<\/span><\/a><\/li><li class=\"share-end\"><\/li><\/ul><\/div><\/div><\/div>","protected":false},"excerpt":{"rendered":"<p>La Agrupaci\u00f3n Cl\u00ednicas y Sanatorios Privados de la Provincia de La Pampa, manifiesta su estado de preocupaci\u00f3n ante situaciones relacionadas con la obra social de<\/p>\n<div class=\"sharedaddy sd-sharing-enabled\"><div class=\"robots-nocontent sd-block sd-social sd-social-icon sd-sharing\"><h3 class=\"sd-title\">Comparte esto:<\/h3><div class=\"sd-content\"><ul><li class=\"share-twitter\"><a rel=\"nofollow noopener noreferrer\" data-shared=\"sharing-twitter-38308\" class=\"share-twitter sd-button share-icon no-text\" href=\"http:\/\/www.rtvnoticias.com.ar\/?p=38308&amp;share=twitter\" target=\"_blank\" title=\"Haz clic para compartir en Twitter\"><span><\/span><span class=\"sharing-screen-reader-text\">Haz clic para compartir en Twitter (Se abre en una ventana nueva)<\/span><\/a><\/li><li class=\"share-facebook\"><a rel=\"nofollow noopener noreferrer\" data-shared=\"sharing-facebook-38308\" class=\"share-facebook sd-button share-icon no-text\" href=\"http:\/\/www.rtvnoticias.com.ar\/?p=38308&amp;share=facebook\" target=\"_blank\" title=\"Haz clic para compartir en Facebook\"><span><\/span><span class=\"sharing-screen-reader-text\">Haz clic para compartir en Facebook (Se abre en una ventana nueva)<\/span><\/a><\/li><li class=\"share-jetpack-whatsapp\"><a rel=\"nofollow noopener noreferrer\" data-shared=\"\" class=\"share-jetpack-whatsapp sd-button share-icon no-text\" href=\"http:\/\/www.rtvnoticias.com.ar\/?p=38308&amp;share=jetpack-whatsapp\" target=\"_blank\" title=\"Haz clic para compartir en WhatsApp\"><span><\/span><span class=\"sharing-screen-reader-text\">Haz clic para compartir en WhatsApp (Se abre en una ventana nueva)<\/span><\/a><\/li><li class=\"share-telegram\"><a rel=\"nofollow noopener noreferrer\" data-shared=\"\" class=\"share-telegram sd-button share-icon no-text\" href=\"http:\/\/www.rtvnoticias.com.ar\/?p=38308&amp;share=telegram\" target=\"_blank\" title=\"Haz clic para compartir en Telegram\"><span><\/span><span class=\"sharing-screen-reader-text\">Haz clic para compartir en Telegram (Se abre en una ventana nueva)<\/span><\/a><\/li><li class=\"share-end\"><\/li><\/ul><\/div><\/div><\/div>","protected":false},"author":5,"featured_media":0,"comment_status":"closed","ping_status":"closed","sticky":false,"template":"","format":"standard","meta":{"spay_email":"","jetpack_publicize_message":"","jetpack_is_tweetstorm":false,"jetpack_publicize_feature_enabled":true},"categories":[1],"tags":[],"jetpack_featured_media_url":"","jetpack_publicize_connections":[],"jetpack_sharing_enabled":true,"_links":{"self":[{"href":"http:\/\/www.rtvnoticias.com.ar\/index.php?rest_route=\/wp\/v2\/posts\/38308"}],"collection":[{"href":"http:\/\/www.rtvnoticias.com.ar\/index.php?rest_route=\/wp\/v2\/posts"}],"about":[{"href":"http:\/\/www.rtvnoticias.com.ar\/index.php?rest_route=\/wp\/v2\/types\/post"}],"author":[{"embeddable":true,"href":"http:\/\/www.rtvnoticias.com.ar\/index.php?rest_route=\/wp\/v2\/users\/5"}],"replies":[{"embeddable":true,"href":"http:\/\/www.rtvnoticias.com.ar\/index.php?rest_route=%2Fwp%2Fv2%2Fcomments&post=38308"}],"version-history":[{"count":1,"href":"http:\/\/www.rtvnoticias.com.ar\/index.php?rest_route=\/wp\/v2\/posts\/38308\/revisions"}],"predecessor-version":[{"id":38309,"href":"http:\/\/www.rtvnoticias.com.ar\/index.php?rest_route=\/wp\/v2\/posts\/38308\/revisions\/38309"}],"wp:attachment":[{"href":"http:\/\/www.rtvnoticias.com.ar\/index.php?rest_route=%2Fwp%2Fv2%2Fmedia&parent=38308"}],"wp:term":[{"taxonomy":"category","embeddable":true,"href":"http:\/\/www.rtvnoticias.com.ar\/index.php?rest_route=%2Fwp%2Fv2%2Fcategories&post=38308"},{"taxonomy":"post_tag","embeddable":true,"href":"http:\/\/www.rtvnoticias.com.ar\/index.php?rest_route=%2Fwp%2Fv2%2Ftags&post=38308"}],"curies":[{"name":"wp","href":"https:\/\/api.w.org\/{rel}","templated":true}]}}