{"id":38324,"date":"2023-08-18T20:38:51","date_gmt":"2023-08-18T23:38:51","guid":{"rendered":"http:\/\/www.rtvnoticias.com.ar\/?p=38324"},"modified":"2023-08-18T20:38:54","modified_gmt":"2023-08-18T23:38:54","slug":"entregaron-60-tablets-en-general-pico-dentro-de-un-plan-nacional-que-contempla-mas-de-12-mil-dispositivos-para-todo-el-pais","status":"publish","type":"post","link":"http:\/\/www.rtvnoticias.com.ar\/?p=38324","title":{"rendered":"Entregaron 60 tablets en General Pico dentro de un plan nacional que contempla m\u00e1s de 12 mil dispositivos para todo el pa\u00eds"},"content":{"rendered":"\n<p>La Municipalidad de General Pico, en conjunto con el Ministerio de las Mujeres, G\u00e9neros y Diversidad de la Naci\u00f3n y la Secretar\u00eda de la Mujer, G\u00e9neros y Diversidad de La Pampa, realiz\u00f3 la entrega de 60 tablets a promotoras inscriptas en el registro \u201cTejiendo Matria\u201d. La actividad tuvo lugar en la Asociaci\u00f3n de Fomento de barrio El Molino.<\/p>\n\n\n\n<p>El evento se enmarc\u00f3 dentro de la iniciativa nacional \u201cConectadas en Democracia\u201d cuya b\u00fasqueda es la de fortalecer y facilitar las tareas de promoci\u00f3n de derechos y acompa\u00f1amiento integral que realizan dichas personas ante situaciones de violencia de g\u00e9nero.<\/p>\n\n\n\n<p>Estuvieron presentes el viceintendente, Daniel L\u00f3pez; el secretario de Gobierno, Seguridad, Educaci\u00f3n y Cultura, Nicol\u00e1s Mendoza; la coordinadora del programa PRODUCIR, del Ministerio de las Mujeres, G\u00e9neros y Diversidad de la Naci\u00f3n, Melina Banini; la diputada provincial, Lilia Ana Caimari; la subsecretaria de Pol\u00edticas de Igualdad, Patricia Asquini; funcionarios y funcionarias municipales; concejales y concejalas.<\/p>\n\n\n\n<p>En este marco, L\u00f3pez indic\u00f3: \u201cLas pol\u00edticas de g\u00e9nero que se llevan adelante en nuestro municipio de manera articulada con los distintos niveles de gobierno y, por supuesto, con organizaciones sociales son pilares fundamentales en las comunidades. Fortalecer la labor de las promotoras es fundamental para la prevenci\u00f3n de las violencias\u201d.<\/p>\n\n\n\n<p>Agreg\u00f3 que \u201chacerlo conjuntamente siempre es m\u00e1s f\u00e1cil al obtener nuevas herramientas para la intervenci\u00f3n temprana\u201d.<\/p>\n\n\n\n<p>Al respecto, Liliana Robledo mencion\u00f3: \u201cConectadas en Democracia tiene que ver con visibilizar a todas ustedes que nos ayudan permanentemente en el territorio, permitiendo que nos lleguen distintas situaciones para que atendamos y pensemos en conjunto c\u00f3mo ayudar\u201d.<\/p>\n\n\n\n<p>Manifest\u00f3 que \u201ceste dispositivo busca que tengan acceso tanto a los programas nacionales y provinciales, como a los de \u00f3rdenes locales. Adem\u00e1s, van a tener un recursero actualizado de todos los lugares donde trabajamos la tem\u00e1tica\u201d.<\/p>\n\n\n\n<p>La coordinadora Banini, a su turno, afirm\u00f3: \u201cEs la primera vez que ejecutamos esta iniciativa a nivel nacional. El objetivo es apuntalar las acciones que hacen las promotoras, porque sabemos que son las que est\u00e1n en territorios y un elemento digital contribuye a todo aquello que desarrollan\u201d.<\/p>\n\n\n\n<p>Ampli\u00f3 que \u201cnos parece valioso este registro para poder reconocer a compa\u00f1eros y compa\u00f1eras que desenvuelven en funci\u00f3n de ello, y por tal motivo ideamos estas propuestas para achicar la brecha existe\u201d.<\/p>\n\n\n\n<p>En este contexto, valor\u00f3 las tareas que se llevan a cabo en la ciudad: \u201cSe nota el empe\u00f1o, la dedicaci\u00f3n que le ponen desde el municipio, donde nos han recibido muy bien. Esto hace a la articulaci\u00f3n de las partes, sumamente necesaria para que las pol\u00edticas lleguen con efectividad a cada persona\u201d.<\/p>\n\n\n\n<p>Por su parte, Garrido dijo: \u201cEsto involucra a gente de General Pico y localidades de la zona norte. Es importante seguir trabajando de esta manera, con las agrupaciones, los movimientos sociales, equipos e instituciones para acercarnos a aquellas que son v\u00edctimas de violencia\u201d.<\/p>\n\n\n\n<p><\/p>\n<div class=\"sharedaddy sd-sharing-enabled\"><div class=\"robots-nocontent sd-block sd-social sd-social-icon sd-sharing\"><h3 class=\"sd-title\">Comparte esto:<\/h3><div class=\"sd-content\"><ul><li class=\"share-twitter\"><a rel=\"nofollow noopener noreferrer\" data-shared=\"sharing-twitter-38324\" class=\"share-twitter sd-button share-icon no-text\" href=\"http:\/\/www.rtvnoticias.com.ar\/?p=38324&amp;share=twitter\" target=\"_blank\" title=\"Haz clic para compartir en Twitter\"><span><\/span><span class=\"sharing-screen-reader-text\">Haz clic para compartir en Twitter (Se abre en una ventana nueva)<\/span><\/a><\/li><li class=\"share-facebook\"><a rel=\"nofollow noopener noreferrer\" data-shared=\"sharing-facebook-38324\" class=\"share-facebook sd-button share-icon no-text\" href=\"http:\/\/www.rtvnoticias.com.ar\/?p=38324&amp;share=facebook\" target=\"_blank\" title=\"Haz clic para compartir en Facebook\"><span><\/span><span class=\"sharing-screen-reader-text\">Haz clic para compartir en Facebook (Se abre en una ventana nueva)<\/span><\/a><\/li><li class=\"share-jetpack-whatsapp\"><a rel=\"nofollow noopener noreferrer\" data-shared=\"\" class=\"share-jetpack-whatsapp sd-button share-icon no-text\" href=\"http:\/\/www.rtvnoticias.com.ar\/?p=38324&amp;share=jetpack-whatsapp\" target=\"_blank\" title=\"Haz clic para compartir en WhatsApp\"><span><\/span><span class=\"sharing-screen-reader-text\">Haz clic para compartir en WhatsApp (Se abre en una ventana nueva)<\/span><\/a><\/li><li class=\"share-telegram\"><a rel=\"nofollow noopener noreferrer\" data-shared=\"\" class=\"share-telegram sd-button share-icon no-text\" href=\"http:\/\/www.rtvnoticias.com.ar\/?p=38324&amp;share=telegram\" target=\"_blank\" title=\"Haz clic para compartir en Telegram\"><span><\/span><span class=\"sharing-screen-reader-text\">Haz clic para compartir en Telegram (Se abre en una ventana nueva)<\/span><\/a><\/li><li class=\"share-end\"><\/li><\/ul><\/div><\/div><\/div>","protected":false},"excerpt":{"rendered":"<p>La Municipalidad de General Pico, en conjunto con el Ministerio de las Mujeres, G\u00e9neros y Diversidad de la Naci\u00f3n y la Secretar\u00eda de la Mujer,<\/p>\n<div class=\"sharedaddy sd-sharing-enabled\"><div class=\"robots-nocontent sd-block sd-social sd-social-icon sd-sharing\"><h3 class=\"sd-title\">Comparte esto:<\/h3><div class=\"sd-content\"><ul><li class=\"share-twitter\"><a rel=\"nofollow noopener noreferrer\" data-shared=\"sharing-twitter-38324\" class=\"share-twitter sd-button share-icon no-text\" href=\"http:\/\/www.rtvnoticias.com.ar\/?p=38324&amp;share=twitter\" target=\"_blank\" title=\"Haz clic para compartir en Twitter\"><span><\/span><span class=\"sharing-screen-reader-text\">Haz clic para compartir en Twitter (Se abre en una ventana nueva)<\/span><\/a><\/li><li class=\"share-facebook\"><a rel=\"nofollow noopener noreferrer\" data-shared=\"sharing-facebook-38324\" class=\"share-facebook sd-button share-icon no-text\" href=\"http:\/\/www.rtvnoticias.com.ar\/?p=38324&amp;share=facebook\" target=\"_blank\" title=\"Haz clic para compartir en Facebook\"><span><\/span><span class=\"sharing-screen-reader-text\">Haz clic para compartir en Facebook (Se abre en una ventana nueva)<\/span><\/a><\/li><li class=\"share-jetpack-whatsapp\"><a rel=\"nofollow noopener noreferrer\" data-shared=\"\" class=\"share-jetpack-whatsapp sd-button share-icon no-text\" href=\"http:\/\/www.rtvnoticias.com.ar\/?p=38324&amp;share=jetpack-whatsapp\" target=\"_blank\" title=\"Haz clic para compartir en WhatsApp\"><span><\/span><span class=\"sharing-screen-reader-text\">Haz clic para compartir en WhatsApp (Se abre en una ventana nueva)<\/span><\/a><\/li><li class=\"share-telegram\"><a rel=\"nofollow noopener noreferrer\" data-shared=\"\" class=\"share-telegram sd-button share-icon no-text\" href=\"http:\/\/www.rtvnoticias.com.ar\/?p=38324&amp;share=telegram\" target=\"_blank\" title=\"Haz clic para compartir en Telegram\"><span><\/span><span class=\"sharing-screen-reader-text\">Haz clic para compartir en Telegram (Se abre en una ventana nueva)<\/span><\/a><\/li><li class=\"share-end\"><\/li><\/ul><\/div><\/div><\/div>","protected":false},"author":7,"featured_media":38325,"comment_status":"closed","ping_status":"closed","sticky":false,"template":"","format":"standard","meta":{"spay_email":"","jetpack_publicize_message":"","jetpack_is_tweetstorm":false,"jetpack_publicize_feature_enabled":true},"categories":[1],"tags":[],"jetpack_featured_media_url":"http:\/\/www.rtvnoticias.com.ar\/wp-content\/uploads\/2023\/08\/Tablets-genero2.jpg","jetpack_publicize_connections":[],"jetpack_sharing_enabled":true,"_links":{"self":[{"href":"http:\/\/www.rtvnoticias.com.ar\/index.php?rest_route=\/wp\/v2\/posts\/38324"}],"collection":[{"href":"http:\/\/www.rtvnoticias.com.ar\/index.php?rest_route=\/wp\/v2\/posts"}],"about":[{"href":"http:\/\/www.rtvnoticias.com.ar\/index.php?rest_route=\/wp\/v2\/types\/post"}],"author":[{"embeddable":true,"href":"http:\/\/www.rtvnoticias.com.ar\/index.php?rest_route=\/wp\/v2\/users\/7"}],"replies":[{"embeddable":true,"href":"http:\/\/www.rtvnoticias.com.ar\/index.php?rest_route=%2Fwp%2Fv2%2Fcomments&post=38324"}],"version-history":[{"count":1,"href":"http:\/\/www.rtvnoticias.com.ar\/index.php?rest_route=\/wp\/v2\/posts\/38324\/revisions"}],"predecessor-version":[{"id":38326,"href":"http:\/\/www.rtvnoticias.com.ar\/index.php?rest_route=\/wp\/v2\/posts\/38324\/revisions\/38326"}],"wp:featuredmedia":[{"embeddable":true,"href":"http:\/\/www.rtvnoticias.com.ar\/index.php?rest_route=\/wp\/v2\/media\/38325"}],"wp:attachment":[{"href":"http:\/\/www.rtvnoticias.com.ar\/index.php?rest_route=%2Fwp%2Fv2%2Fmedia&parent=38324"}],"wp:term":[{"taxonomy":"category","embeddable":true,"href":"http:\/\/www.rtvnoticias.com.ar\/index.php?rest_route=%2Fwp%2Fv2%2Fcategories&post=38324"},{"taxonomy":"post_tag","embeddable":true,"href":"http:\/\/www.rtvnoticias.com.ar\/index.php?rest_route=%2Fwp%2Fv2%2Ftags&post=38324"}],"curies":[{"name":"wp","href":"https:\/\/api.w.org\/{rel}","templated":true}]}}