{"id":38330,"date":"2023-08-19T13:08:01","date_gmt":"2023-08-19T16:08:01","guid":{"rendered":"http:\/\/www.rtvnoticias.com.ar\/?p=38330"},"modified":"2023-08-19T13:08:03","modified_gmt":"2023-08-19T16:08:03","slug":"elisa-carrio-renuncio-a-su-candidatura-como-diputada-del-parlasur","status":"publish","type":"post","link":"http:\/\/www.rtvnoticias.com.ar\/?p=38330","title":{"rendered":"Elisa Carri\u00f3 renunci\u00f3 a su candidatura como diputada del Parlasur"},"content":{"rendered":"\n<p>La l\u00edder de la Coalici\u00f3n C\u00edvica-ARI, Elisa Carri\u00f3, renunci\u00f3 a su postulaci\u00f3n como diputada del Parlasur, de cara a las elecciones de octubre, por \u00abrazones de salud\u00bb, aunque \u00abacompa\u00f1a y apoya\u00bb la candidatura presidencial de Patricia Bullrich por Juntos por el Cambio (JxC), seg\u00fan explicaron sus allegados, .<\/p>\n\n\n\n<p>\u00abLa renuncia es por razones de salud. No va a hacer campa\u00f1a por ese motivo, m\u00e1s all\u00e1 de que acompa\u00f1a y apoya la candidatura de Patricia Bullrich\u00bb, explicaron sus voceros, luego de que trascendiera que hab\u00eda declinado su postulaci\u00f3n, en la lista del jefe de Gobierno porte\u00f1o Horacio Rodr\u00edguez Larreta, quien perdi\u00f3 la interna con la extitular del PRO.<\/p>\n\n\n\n<p>M\u00e1s all\u00e1 de las cuestiones de salud que la aquejan, Carri\u00f3 ya ven\u00eda molesta por los acercamientos entre Mauricio Macri y el candidato presidencial de La Libertad Avanza (LLA), el diputado de ultraderecha Javier Milei, el postulante m\u00e1s votado en las primarias del domingo pasado.<\/p>\n\n\n\n<p>\u00abNo creo que haya que ir a una ultraderecha; tengo miedo a un estallido de violencia. Hay gente que cree que la soluci\u00f3n es ir a una ultraderecha y a la represi\u00f3n; yo no\u00bb, hab\u00eda advertido Carri\u00f3 unas semanas atr\u00e1s.<\/p>\n\n\n\n<p>La decisi\u00f3n de Carri\u00f3 se conoce luego de que el propio Milei le diera hoy un gui\u00f1o importante al expresidente Macri, al se\u00f1alar que en caso de ganar las elecciones lo sumar\u00eda a su eventual gabinete como un \u00absuper embajador\u00bb en un \u00abrol destacado\u00bb, que pudiera \u00ababrir mercados\u00bb para el pa\u00eds.<\/p>\n\n\n\n<p>Carri\u00f3 reaparecer\u00e1 p\u00fablicamente la semana pr\u00f3xima cuando brinde una charla en el instituto de Formaci\u00f3n Pol\u00edtica y Culural Hannah Arendt sobre \u00abLa Argentina que viene\u00bb.<\/p>\n<div class=\"sharedaddy sd-sharing-enabled\"><div class=\"robots-nocontent sd-block sd-social sd-social-icon sd-sharing\"><h3 class=\"sd-title\">Comparte esto:<\/h3><div class=\"sd-content\"><ul><li class=\"share-twitter\"><a rel=\"nofollow noopener noreferrer\" data-shared=\"sharing-twitter-38330\" class=\"share-twitter sd-button share-icon no-text\" href=\"http:\/\/www.rtvnoticias.com.ar\/?p=38330&amp;share=twitter\" target=\"_blank\" title=\"Haz clic para compartir en Twitter\"><span><\/span><span class=\"sharing-screen-reader-text\">Haz clic para compartir en Twitter (Se abre en una ventana nueva)<\/span><\/a><\/li><li class=\"share-facebook\"><a rel=\"nofollow noopener noreferrer\" data-shared=\"sharing-facebook-38330\" class=\"share-facebook sd-button share-icon no-text\" href=\"http:\/\/www.rtvnoticias.com.ar\/?p=38330&amp;share=facebook\" target=\"_blank\" title=\"Haz clic para compartir en Facebook\"><span><\/span><span class=\"sharing-screen-reader-text\">Haz clic para compartir en Facebook (Se abre en una ventana nueva)<\/span><\/a><\/li><li class=\"share-jetpack-whatsapp\"><a rel=\"nofollow noopener noreferrer\" data-shared=\"\" class=\"share-jetpack-whatsapp sd-button share-icon no-text\" href=\"http:\/\/www.rtvnoticias.com.ar\/?p=38330&amp;share=jetpack-whatsapp\" target=\"_blank\" title=\"Haz clic para compartir en WhatsApp\"><span><\/span><span class=\"sharing-screen-reader-text\">Haz clic para compartir en WhatsApp (Se abre en una ventana nueva)<\/span><\/a><\/li><li class=\"share-telegram\"><a rel=\"nofollow noopener noreferrer\" data-shared=\"\" class=\"share-telegram sd-button share-icon no-text\" href=\"http:\/\/www.rtvnoticias.com.ar\/?p=38330&amp;share=telegram\" target=\"_blank\" title=\"Haz clic para compartir en Telegram\"><span><\/span><span class=\"sharing-screen-reader-text\">Haz clic para compartir en Telegram (Se abre en una ventana nueva)<\/span><\/a><\/li><li class=\"share-end\"><\/li><\/ul><\/div><\/div><\/div>","protected":false},"excerpt":{"rendered":"<p>La l\u00edder de la Coalici\u00f3n C\u00edvica-ARI, Elisa Carri\u00f3, renunci\u00f3 a su postulaci\u00f3n como diputada del Parlasur, de cara a las elecciones de octubre, por \u00abrazones<\/p>\n<div class=\"sharedaddy sd-sharing-enabled\"><div class=\"robots-nocontent sd-block sd-social sd-social-icon sd-sharing\"><h3 class=\"sd-title\">Comparte esto:<\/h3><div class=\"sd-content\"><ul><li class=\"share-twitter\"><a rel=\"nofollow noopener noreferrer\" data-shared=\"sharing-twitter-38330\" class=\"share-twitter sd-button share-icon no-text\" href=\"http:\/\/www.rtvnoticias.com.ar\/?p=38330&amp;share=twitter\" target=\"_blank\" title=\"Haz clic para compartir en Twitter\"><span><\/span><span class=\"sharing-screen-reader-text\">Haz clic para compartir en Twitter (Se abre en una ventana nueva)<\/span><\/a><\/li><li class=\"share-facebook\"><a rel=\"nofollow noopener noreferrer\" data-shared=\"sharing-facebook-38330\" class=\"share-facebook sd-button share-icon no-text\" href=\"http:\/\/www.rtvnoticias.com.ar\/?p=38330&amp;share=facebook\" target=\"_blank\" title=\"Haz clic para compartir en Facebook\"><span><\/span><span class=\"sharing-screen-reader-text\">Haz clic para compartir en Facebook (Se abre en una ventana nueva)<\/span><\/a><\/li><li class=\"share-jetpack-whatsapp\"><a rel=\"nofollow noopener noreferrer\" data-shared=\"\" class=\"share-jetpack-whatsapp sd-button share-icon no-text\" href=\"http:\/\/www.rtvnoticias.com.ar\/?p=38330&amp;share=jetpack-whatsapp\" target=\"_blank\" title=\"Haz clic para compartir en WhatsApp\"><span><\/span><span class=\"sharing-screen-reader-text\">Haz clic para compartir en WhatsApp (Se abre en una ventana nueva)<\/span><\/a><\/li><li class=\"share-telegram\"><a rel=\"nofollow noopener noreferrer\" data-shared=\"\" class=\"share-telegram sd-button share-icon no-text\" href=\"http:\/\/www.rtvnoticias.com.ar\/?p=38330&amp;share=telegram\" target=\"_blank\" title=\"Haz clic para compartir en Telegram\"><span><\/span><span class=\"sharing-screen-reader-text\">Haz clic para compartir en Telegram (Se abre en una ventana nueva)<\/span><\/a><\/li><li class=\"share-end\"><\/li><\/ul><\/div><\/div><\/div>","protected":false},"author":7,"featured_media":38331,"comment_status":"closed","ping_status":"closed","sticky":false,"template":"","format":"standard","meta":{"spay_email":"","jetpack_publicize_message":"","jetpack_is_tweetstorm":false,"jetpack_publicize_feature_enabled":true},"categories":[1],"tags":[],"jetpack_featured_media_url":"http:\/\/www.rtvnoticias.com.ar\/wp-content\/uploads\/2023\/08\/ARCHI_985601.jpg","jetpack_publicize_connections":[],"jetpack_sharing_enabled":true,"_links":{"self":[{"href":"http:\/\/www.rtvnoticias.com.ar\/index.php?rest_route=\/wp\/v2\/posts\/38330"}],"collection":[{"href":"http:\/\/www.rtvnoticias.com.ar\/index.php?rest_route=\/wp\/v2\/posts"}],"about":[{"href":"http:\/\/www.rtvnoticias.com.ar\/index.php?rest_route=\/wp\/v2\/types\/post"}],"author":[{"embeddable":true,"href":"http:\/\/www.rtvnoticias.com.ar\/index.php?rest_route=\/wp\/v2\/users\/7"}],"replies":[{"embeddable":true,"href":"http:\/\/www.rtvnoticias.com.ar\/index.php?rest_route=%2Fwp%2Fv2%2Fcomments&post=38330"}],"version-history":[{"count":1,"href":"http:\/\/www.rtvnoticias.com.ar\/index.php?rest_route=\/wp\/v2\/posts\/38330\/revisions"}],"predecessor-version":[{"id":38332,"href":"http:\/\/www.rtvnoticias.com.ar\/index.php?rest_route=\/wp\/v2\/posts\/38330\/revisions\/38332"}],"wp:featuredmedia":[{"embeddable":true,"href":"http:\/\/www.rtvnoticias.com.ar\/index.php?rest_route=\/wp\/v2\/media\/38331"}],"wp:attachment":[{"href":"http:\/\/www.rtvnoticias.com.ar\/index.php?rest_route=%2Fwp%2Fv2%2Fmedia&parent=38330"}],"wp:term":[{"taxonomy":"category","embeddable":true,"href":"http:\/\/www.rtvnoticias.com.ar\/index.php?rest_route=%2Fwp%2Fv2%2Fcategories&post=38330"},{"taxonomy":"post_tag","embeddable":true,"href":"http:\/\/www.rtvnoticias.com.ar\/index.php?rest_route=%2Fwp%2Fv2%2Ftags&post=38330"}],"curies":[{"name":"wp","href":"https:\/\/api.w.org\/{rel}","templated":true}]}}