{"id":38341,"date":"2023-08-20T20:13:32","date_gmt":"2023-08-20T23:13:32","guid":{"rendered":"http:\/\/www.rtvnoticias.com.ar\/?p=38341"},"modified":"2023-08-20T20:13:41","modified_gmt":"2023-08-20T23:13:41","slug":"massa-prometio-un-gabinete-de-unidad-nacional-con-radicales-y-peronistas-del-pro","status":"publish","type":"post","link":"http:\/\/www.rtvnoticias.com.ar\/?p=38341","title":{"rendered":"Massa prometi\u00f3 un gabinete de unidad nacional con radicales y peronistas del PRO"},"content":{"rendered":"\n<p>El candidato presidencial de Uni\u00f3n por la Patria, Sergio Massa, anunci\u00f3 que, si le toca gobernar el pa\u00eds, armar\u00e1 \u00abun gabinete con radicales y peronistas que hoy est\u00e1n en el PRO\u00bb, en tanto que sostuvo que tratar\u00e1 de convencer a los votantes que en las PASO se inclinaron por Horacio Rodr\u00edguez Larreta.<\/p>\n\n\n\n<p>\u00abBuscar\u00eda un gobierno de unidad nacional e integrar un gabinete con radicales y peronistas que hoy est\u00e1n en el PRO\u00bb, indic\u00f3 el ministro de Econom\u00eda, en tanto que desliz\u00f3 que dirigentes del espacio de Juan Schiaretti tambi\u00e9n podr\u00edan ser funcionarios de su gesti\u00f3n.<\/p>\n\n\n\n<p>Adem\u00e1s, dijo que le \u00abgustar\u00eda ver en el cuarto oscuro a muchos de los que integraron las listas de Horacio en Juntos por el Cambio el 22 de octubre\u00bb.<\/p>\n\n\n\n<p>\u00abHay 17 millones de votos en juego, entre los que no fueron a votar y los que votaron a otras fuerzas. Hay un n\u00famero importante de voto en blanco e impugnado. Hay como 13 millones de votos de gente que no fue a votar, as\u00ed que hay un trabajo grande por hacer\u00bb, subray\u00f3 en una entrevista que brind\u00f3 al diario Clar\u00edn.<\/p>\n\n\n\n<p>\u00abTengo el desaf\u00edo, primero, de invitar a compartir el sue\u00f1o a todos los que votaron a (Juan) Grabois. Despu\u00e9s, a todos los que votaron a Horacio (Rodr\u00edguez Larreta) y que claramente no comparten la idea del todo o nada que plante\u00f3 (Patricia) Bullrich. Y, despu\u00e9s, tratar de convencer a aqu\u00e9llos que, en 2019, nos votaron a nosotros y, en 2015, a m\u00ed y, en esta elecci\u00f3n, est\u00e1n enojados o decepcionados y eligieron a (Javier) Milei\u00bb, enumer\u00f3 Massa sobre la hoja de ruta que tiene por delante en esta segunda etapa de la campa\u00f1a presidencial.<\/p>\n\n\n\n<p>Al respecto, asegur\u00f3 que \u00abhay muchos peronistas que en alg\u00fan momento se desencantaron y tambi\u00e9n hay muchos radicales defensores de la escuela p\u00fablica, de la gratuidad universitaria, de la movilidad social ascendente en la Argentina, que no tienen nada que ver con la candidata presidencial de Juntos por el Cambio, Bullrich, y tienen mucho m\u00e1s que ver conmigo, con la identidad de origen del Frente Renovador\u00bb.<\/p>\n\n\n\n<p><\/p>\n<div class=\"sharedaddy sd-sharing-enabled\"><div class=\"robots-nocontent sd-block sd-social sd-social-icon sd-sharing\"><h3 class=\"sd-title\">Comparte esto:<\/h3><div class=\"sd-content\"><ul><li class=\"share-twitter\"><a rel=\"nofollow noopener noreferrer\" data-shared=\"sharing-twitter-38341\" class=\"share-twitter sd-button share-icon no-text\" href=\"http:\/\/www.rtvnoticias.com.ar\/?p=38341&amp;share=twitter\" target=\"_blank\" title=\"Haz clic para compartir en Twitter\"><span><\/span><span class=\"sharing-screen-reader-text\">Haz clic para compartir en Twitter (Se abre en una ventana nueva)<\/span><\/a><\/li><li class=\"share-facebook\"><a rel=\"nofollow noopener noreferrer\" data-shared=\"sharing-facebook-38341\" class=\"share-facebook sd-button share-icon no-text\" href=\"http:\/\/www.rtvnoticias.com.ar\/?p=38341&amp;share=facebook\" target=\"_blank\" title=\"Haz clic para compartir en Facebook\"><span><\/span><span class=\"sharing-screen-reader-text\">Haz clic para compartir en Facebook (Se abre en una ventana nueva)<\/span><\/a><\/li><li class=\"share-jetpack-whatsapp\"><a rel=\"nofollow noopener noreferrer\" data-shared=\"\" class=\"share-jetpack-whatsapp sd-button share-icon no-text\" href=\"http:\/\/www.rtvnoticias.com.ar\/?p=38341&amp;share=jetpack-whatsapp\" target=\"_blank\" title=\"Haz clic para compartir en WhatsApp\"><span><\/span><span class=\"sharing-screen-reader-text\">Haz clic para compartir en WhatsApp (Se abre en una ventana nueva)<\/span><\/a><\/li><li class=\"share-telegram\"><a rel=\"nofollow noopener noreferrer\" data-shared=\"\" class=\"share-telegram sd-button share-icon no-text\" href=\"http:\/\/www.rtvnoticias.com.ar\/?p=38341&amp;share=telegram\" target=\"_blank\" title=\"Haz clic para compartir en Telegram\"><span><\/span><span class=\"sharing-screen-reader-text\">Haz clic para compartir en Telegram (Se abre en una ventana nueva)<\/span><\/a><\/li><li class=\"share-end\"><\/li><\/ul><\/div><\/div><\/div>","protected":false},"excerpt":{"rendered":"<p>El candidato presidencial de Uni\u00f3n por la Patria, Sergio Massa, anunci\u00f3 que, si le toca gobernar el pa\u00eds, armar\u00e1 \u00abun gabinete con radicales y peronistas<\/p>\n<div class=\"sharedaddy sd-sharing-enabled\"><div class=\"robots-nocontent sd-block sd-social sd-social-icon sd-sharing\"><h3 class=\"sd-title\">Comparte esto:<\/h3><div class=\"sd-content\"><ul><li class=\"share-twitter\"><a rel=\"nofollow noopener noreferrer\" data-shared=\"sharing-twitter-38341\" class=\"share-twitter sd-button share-icon no-text\" href=\"http:\/\/www.rtvnoticias.com.ar\/?p=38341&amp;share=twitter\" target=\"_blank\" title=\"Haz clic para compartir en Twitter\"><span><\/span><span class=\"sharing-screen-reader-text\">Haz clic para compartir en Twitter (Se abre en una ventana nueva)<\/span><\/a><\/li><li class=\"share-facebook\"><a rel=\"nofollow noopener noreferrer\" data-shared=\"sharing-facebook-38341\" class=\"share-facebook sd-button share-icon no-text\" href=\"http:\/\/www.rtvnoticias.com.ar\/?p=38341&amp;share=facebook\" target=\"_blank\" title=\"Haz clic para compartir en Facebook\"><span><\/span><span class=\"sharing-screen-reader-text\">Haz clic para compartir en Facebook (Se abre en una ventana nueva)<\/span><\/a><\/li><li class=\"share-jetpack-whatsapp\"><a rel=\"nofollow noopener noreferrer\" data-shared=\"\" class=\"share-jetpack-whatsapp sd-button share-icon no-text\" href=\"http:\/\/www.rtvnoticias.com.ar\/?p=38341&amp;share=jetpack-whatsapp\" target=\"_blank\" title=\"Haz clic para compartir en WhatsApp\"><span><\/span><span class=\"sharing-screen-reader-text\">Haz clic para compartir en WhatsApp (Se abre en una ventana nueva)<\/span><\/a><\/li><li class=\"share-telegram\"><a rel=\"nofollow noopener noreferrer\" data-shared=\"\" class=\"share-telegram sd-button share-icon no-text\" href=\"http:\/\/www.rtvnoticias.com.ar\/?p=38341&amp;share=telegram\" target=\"_blank\" title=\"Haz clic para compartir en Telegram\"><span><\/span><span class=\"sharing-screen-reader-text\">Haz clic para compartir en Telegram (Se abre en una ventana nueva)<\/span><\/a><\/li><li class=\"share-end\"><\/li><\/ul><\/div><\/div><\/div>","protected":false},"author":7,"featured_media":34821,"comment_status":"closed","ping_status":"closed","sticky":false,"template":"","format":"standard","meta":{"spay_email":"","jetpack_publicize_message":"","jetpack_is_tweetstorm":false,"jetpack_publicize_feature_enabled":true},"categories":[1],"tags":[],"jetpack_featured_media_url":"http:\/\/www.rtvnoticias.com.ar\/wp-content\/uploads\/2022\/12\/massa.jpg","jetpack_publicize_connections":[],"jetpack_sharing_enabled":true,"_links":{"self":[{"href":"http:\/\/www.rtvnoticias.com.ar\/index.php?rest_route=\/wp\/v2\/posts\/38341"}],"collection":[{"href":"http:\/\/www.rtvnoticias.com.ar\/index.php?rest_route=\/wp\/v2\/posts"}],"about":[{"href":"http:\/\/www.rtvnoticias.com.ar\/index.php?rest_route=\/wp\/v2\/types\/post"}],"author":[{"embeddable":true,"href":"http:\/\/www.rtvnoticias.com.ar\/index.php?rest_route=\/wp\/v2\/users\/7"}],"replies":[{"embeddable":true,"href":"http:\/\/www.rtvnoticias.com.ar\/index.php?rest_route=%2Fwp%2Fv2%2Fcomments&post=38341"}],"version-history":[{"count":1,"href":"http:\/\/www.rtvnoticias.com.ar\/index.php?rest_route=\/wp\/v2\/posts\/38341\/revisions"}],"predecessor-version":[{"id":38342,"href":"http:\/\/www.rtvnoticias.com.ar\/index.php?rest_route=\/wp\/v2\/posts\/38341\/revisions\/38342"}],"wp:featuredmedia":[{"embeddable":true,"href":"http:\/\/www.rtvnoticias.com.ar\/index.php?rest_route=\/wp\/v2\/media\/34821"}],"wp:attachment":[{"href":"http:\/\/www.rtvnoticias.com.ar\/index.php?rest_route=%2Fwp%2Fv2%2Fmedia&parent=38341"}],"wp:term":[{"taxonomy":"category","embeddable":true,"href":"http:\/\/www.rtvnoticias.com.ar\/index.php?rest_route=%2Fwp%2Fv2%2Fcategories&post=38341"},{"taxonomy":"post_tag","embeddable":true,"href":"http:\/\/www.rtvnoticias.com.ar\/index.php?rest_route=%2Fwp%2Fv2%2Ftags&post=38341"}],"curies":[{"name":"wp","href":"https:\/\/api.w.org\/{rel}","templated":true}]}}