{"id":38343,"date":"2023-08-20T20:15:59","date_gmt":"2023-08-20T23:15:59","guid":{"rendered":"http:\/\/www.rtvnoticias.com.ar\/?p=38343"},"modified":"2023-08-20T20:16:03","modified_gmt":"2023-08-20T23:16:03","slug":"el-pro-publico-un-video-en-el-que-macri-respalda-a-bullrich","status":"publish","type":"post","link":"http:\/\/www.rtvnoticias.com.ar\/?p=38343","title":{"rendered":"El PRO public\u00f3 un video en el que Macri respalda a Bullrich"},"content":{"rendered":"\n<p>Luego de d\u00edas de tensi\u00f3n por el coqueteo entre Mauricio Macri y Javier Milei, el PRO public\u00f3 un video en sus redes sociales en el que ex presidente argumenta en favor de la candidata presidencial de Juntos por el Cambio, Patricia Bullrich.<\/p>\n\n\n\n<p>Se trata de un fragmento en una entrevista de la cual el partido amarillo realiz\u00f3 un recorte, en el que Macri destaca los valores de Bullrich al igual que su \u201cfirmeza y honestidad\u201d.<\/p>\n\n\n\n<p>\u201cVa a apoyarse y respaldarse en un equipo de gente muy valioso que tiene experiencia, que ya estuvo\u201d, dijo.<\/p>\n\n\n\n<p>\u201c\u00bfSab\u00e9s lo que es lidiar con un Estado lleno de talibanes de La C\u00e1mpora? Eso lo vivimos nosotros, y gobernar frente a tantos intereses mafiosos, que se van a enfrentar a cualquier cambio\u201d, replic\u00f3 el ex jefe de Estado.<\/p>\n\n\n\n<p>Adem\u00e1s, Macri resalt\u00f3 un hecho puntual contra Hugo Moyano. \u201cPatricia lo ech\u00f3 de Ezeiza, que quer\u00eda apropiarse. Se banc\u00f3 y nos bancamos juntos el ataque virulento contra la Gendarmer\u00eda acus\u00e1ndola de hacer desaparecer a (Santiago) Maldonado, y no dio un paso atr\u00e1s\u201d, dijo.<\/p>\n\n\n\n<p>\u201cSostuvo a la Gendarmer\u00eda porque estaba combatiendo al narcotr\u00e1fico exitosamente, no como ahora, que no solo han soltado los presos, le han devuelto la comunicaci\u00f3n en las c\u00e1rceles para que organicen todos los delitos que quieran, sino que han permitido que el narco se despliegue en todo el pa\u00eds\u201d, resalt\u00f3 Macri.<\/p>\n\n\n\n<p>El acercamiento entre el libertario y el l\u00edder del PRO encendi\u00f3 las alarmas durante la semana. Milei hasta lleg\u00f3 a decir que le ofrecer\u00eda un cargo especial para el exmandatario. Hoy, Dami\u00e1n Arabia, candidato a diputado y armador de Bullrich, sostuvo que todos los dirigentes del espacio est\u00e9n encolumnados detr\u00e1s de Bullrich.<\/p>\n<div class=\"sharedaddy sd-sharing-enabled\"><div class=\"robots-nocontent sd-block sd-social sd-social-icon sd-sharing\"><h3 class=\"sd-title\">Comparte esto:<\/h3><div class=\"sd-content\"><ul><li class=\"share-twitter\"><a rel=\"nofollow noopener noreferrer\" data-shared=\"sharing-twitter-38343\" class=\"share-twitter sd-button share-icon no-text\" href=\"http:\/\/www.rtvnoticias.com.ar\/?p=38343&amp;share=twitter\" target=\"_blank\" title=\"Haz clic para compartir en Twitter\"><span><\/span><span class=\"sharing-screen-reader-text\">Haz clic para compartir en Twitter (Se abre en una ventana nueva)<\/span><\/a><\/li><li class=\"share-facebook\"><a rel=\"nofollow noopener noreferrer\" data-shared=\"sharing-facebook-38343\" class=\"share-facebook sd-button share-icon no-text\" href=\"http:\/\/www.rtvnoticias.com.ar\/?p=38343&amp;share=facebook\" target=\"_blank\" title=\"Haz clic para compartir en Facebook\"><span><\/span><span class=\"sharing-screen-reader-text\">Haz clic para compartir en Facebook (Se abre en una ventana nueva)<\/span><\/a><\/li><li class=\"share-jetpack-whatsapp\"><a rel=\"nofollow noopener noreferrer\" data-shared=\"\" class=\"share-jetpack-whatsapp sd-button share-icon no-text\" href=\"http:\/\/www.rtvnoticias.com.ar\/?p=38343&amp;share=jetpack-whatsapp\" target=\"_blank\" title=\"Haz clic para compartir en WhatsApp\"><span><\/span><span class=\"sharing-screen-reader-text\">Haz clic para compartir en WhatsApp (Se abre en una ventana nueva)<\/span><\/a><\/li><li class=\"share-telegram\"><a rel=\"nofollow noopener noreferrer\" data-shared=\"\" class=\"share-telegram sd-button share-icon no-text\" href=\"http:\/\/www.rtvnoticias.com.ar\/?p=38343&amp;share=telegram\" target=\"_blank\" title=\"Haz clic para compartir en Telegram\"><span><\/span><span class=\"sharing-screen-reader-text\">Haz clic para compartir en Telegram (Se abre en una ventana nueva)<\/span><\/a><\/li><li class=\"share-end\"><\/li><\/ul><\/div><\/div><\/div>","protected":false},"excerpt":{"rendered":"<p>Luego de d\u00edas de tensi\u00f3n por el coqueteo entre Mauricio Macri y Javier Milei, el PRO public\u00f3 un video en sus redes sociales en el<\/p>\n<div class=\"sharedaddy sd-sharing-enabled\"><div class=\"robots-nocontent sd-block sd-social sd-social-icon sd-sharing\"><h3 class=\"sd-title\">Comparte esto:<\/h3><div class=\"sd-content\"><ul><li class=\"share-twitter\"><a rel=\"nofollow noopener noreferrer\" data-shared=\"sharing-twitter-38343\" class=\"share-twitter sd-button share-icon no-text\" href=\"http:\/\/www.rtvnoticias.com.ar\/?p=38343&amp;share=twitter\" target=\"_blank\" title=\"Haz clic para compartir en Twitter\"><span><\/span><span class=\"sharing-screen-reader-text\">Haz clic para compartir en Twitter (Se abre en una ventana nueva)<\/span><\/a><\/li><li class=\"share-facebook\"><a rel=\"nofollow noopener noreferrer\" data-shared=\"sharing-facebook-38343\" class=\"share-facebook sd-button share-icon no-text\" href=\"http:\/\/www.rtvnoticias.com.ar\/?p=38343&amp;share=facebook\" target=\"_blank\" title=\"Haz clic para compartir en Facebook\"><span><\/span><span class=\"sharing-screen-reader-text\">Haz clic para compartir en Facebook (Se abre en una ventana nueva)<\/span><\/a><\/li><li class=\"share-jetpack-whatsapp\"><a rel=\"nofollow noopener noreferrer\" data-shared=\"\" class=\"share-jetpack-whatsapp sd-button share-icon no-text\" href=\"http:\/\/www.rtvnoticias.com.ar\/?p=38343&amp;share=jetpack-whatsapp\" target=\"_blank\" title=\"Haz clic para compartir en WhatsApp\"><span><\/span><span class=\"sharing-screen-reader-text\">Haz clic para compartir en WhatsApp (Se abre en una ventana nueva)<\/span><\/a><\/li><li class=\"share-telegram\"><a rel=\"nofollow noopener noreferrer\" data-shared=\"\" class=\"share-telegram sd-button share-icon no-text\" href=\"http:\/\/www.rtvnoticias.com.ar\/?p=38343&amp;share=telegram\" target=\"_blank\" title=\"Haz clic para compartir en Telegram\"><span><\/span><span class=\"sharing-screen-reader-text\">Haz clic para compartir en Telegram (Se abre en una ventana nueva)<\/span><\/a><\/li><li class=\"share-end\"><\/li><\/ul><\/div><\/div><\/div>","protected":false},"author":7,"featured_media":12660,"comment_status":"closed","ping_status":"closed","sticky":false,"template":"","format":"standard","meta":{"spay_email":"","jetpack_publicize_message":"","jetpack_is_tweetstorm":false,"jetpack_publicize_feature_enabled":true},"categories":[1],"tags":[],"jetpack_featured_media_url":"http:\/\/www.rtvnoticias.com.ar\/wp-content\/uploads\/2019\/06\/macri-niunamenos.jpg","jetpack_publicize_connections":[],"jetpack_sharing_enabled":true,"_links":{"self":[{"href":"http:\/\/www.rtvnoticias.com.ar\/index.php?rest_route=\/wp\/v2\/posts\/38343"}],"collection":[{"href":"http:\/\/www.rtvnoticias.com.ar\/index.php?rest_route=\/wp\/v2\/posts"}],"about":[{"href":"http:\/\/www.rtvnoticias.com.ar\/index.php?rest_route=\/wp\/v2\/types\/post"}],"author":[{"embeddable":true,"href":"http:\/\/www.rtvnoticias.com.ar\/index.php?rest_route=\/wp\/v2\/users\/7"}],"replies":[{"embeddable":true,"href":"http:\/\/www.rtvnoticias.com.ar\/index.php?rest_route=%2Fwp%2Fv2%2Fcomments&post=38343"}],"version-history":[{"count":1,"href":"http:\/\/www.rtvnoticias.com.ar\/index.php?rest_route=\/wp\/v2\/posts\/38343\/revisions"}],"predecessor-version":[{"id":38344,"href":"http:\/\/www.rtvnoticias.com.ar\/index.php?rest_route=\/wp\/v2\/posts\/38343\/revisions\/38344"}],"wp:featuredmedia":[{"embeddable":true,"href":"http:\/\/www.rtvnoticias.com.ar\/index.php?rest_route=\/wp\/v2\/media\/12660"}],"wp:attachment":[{"href":"http:\/\/www.rtvnoticias.com.ar\/index.php?rest_route=%2Fwp%2Fv2%2Fmedia&parent=38343"}],"wp:term":[{"taxonomy":"category","embeddable":true,"href":"http:\/\/www.rtvnoticias.com.ar\/index.php?rest_route=%2Fwp%2Fv2%2Fcategories&post=38343"},{"taxonomy":"post_tag","embeddable":true,"href":"http:\/\/www.rtvnoticias.com.ar\/index.php?rest_route=%2Fwp%2Fv2%2Ftags&post=38343"}],"curies":[{"name":"wp","href":"https:\/\/api.w.org\/{rel}","templated":true}]}}