{"id":38345,"date":"2023-08-21T19:46:35","date_gmt":"2023-08-21T22:46:35","guid":{"rendered":"http:\/\/www.rtvnoticias.com.ar\/?p=38345"},"modified":"2023-08-21T20:05:12","modified_gmt":"2023-08-21T23:05:12","slug":"incendio-en-san-luis-alcanzo-viviendas-en-zona-poblada-de-el-trapiche","status":"publish","type":"post","link":"http:\/\/www.rtvnoticias.com.ar\/?p=38345","title":{"rendered":"Incendio en San Luis alcanz\u00f3 viviendas en zona poblada de El Trapiche"},"content":{"rendered":"\n<p>El incendio que se inici\u00f3 ayer por la tarde a unos 15 kil\u00f3metros al oeste del dique Esteban Ag\u00fcero, sierra arriba, se extendi\u00f3 en la madrugada y arras\u00f3 con parte de la zona rural de R\u00edo Grande, Virorco y Durazno Alto.<\/p>\n\n\n\n<p>El incendio que esta madrugada lleg\u00f3 a la zona urbana de Barrio del Alto de El Trapiche y avanz\u00f3 hacia la zona de Barranquitas, 40 kil\u00f3metros al norte de la capital de San Luis, alcanz\u00f3 algunas casas de la localidad ubicadas cerca de una estaci\u00f3n de servicio, se inform\u00f3 oficialmente.<\/p>\n\n\n\n<p>El intendente del lugar, Juan Manuel Rigau, confirm\u00f3 la afectaci\u00f3n de las viviendas y calific\u00f3 como \u00abun desastre\u00bb esa situaci\u00f3n.<\/p>\n\n\n\n<figure class=\"wp-block-image size-large\"><img data-attachment-id=\"38347\" data-permalink=\"http:\/\/www.rtvnoticias.com.ar\/?attachment_id=38347\" data-orig-file=\"http:\/\/www.rtvnoticias.com.ar\/wp-content\/uploads\/2023\/08\/WhatsApp-Image-2023-08-21-at-19.26.49-1.jpeg\" data-orig-size=\"1600,1200\" data-comments-opened=\"0\" data-image-meta=\"{&quot;aperture&quot;:&quot;0&quot;,&quot;credit&quot;:&quot;&quot;,&quot;camera&quot;:&quot;&quot;,&quot;caption&quot;:&quot;&quot;,&quot;created_timestamp&quot;:&quot;0&quot;,&quot;copyright&quot;:&quot;&quot;,&quot;focal_length&quot;:&quot;0&quot;,&quot;iso&quot;:&quot;0&quot;,&quot;shutter_speed&quot;:&quot;0&quot;,&quot;title&quot;:&quot;&quot;,&quot;orientation&quot;:&quot;0&quot;}\" data-image-title=\"WhatsApp-Image-2023-08-21-at-19.26.49-1\" data-image-description=\"\" data-image-caption=\"\" data-medium-file=\"http:\/\/www.rtvnoticias.com.ar\/wp-content\/uploads\/2023\/08\/WhatsApp-Image-2023-08-21-at-19.26.49-1-300x225.jpeg\" data-large-file=\"http:\/\/www.rtvnoticias.com.ar\/wp-content\/uploads\/2023\/08\/WhatsApp-Image-2023-08-21-at-19.26.49-1-1024x768.jpeg\" decoding=\"async\" loading=\"lazy\" width=\"1024\" height=\"768\" src=\"http:\/\/www.rtvnoticias.com.ar\/wp-content\/uploads\/2023\/08\/WhatsApp-Image-2023-08-21-at-19.26.49-1-1024x768.jpeg\" alt=\"\" class=\"wp-image-38347\" srcset=\"http:\/\/www.rtvnoticias.com.ar\/wp-content\/uploads\/2023\/08\/WhatsApp-Image-2023-08-21-at-19.26.49-1-1024x768.jpeg 1024w, http:\/\/www.rtvnoticias.com.ar\/wp-content\/uploads\/2023\/08\/WhatsApp-Image-2023-08-21-at-19.26.49-1-300x225.jpeg 300w, http:\/\/www.rtvnoticias.com.ar\/wp-content\/uploads\/2023\/08\/WhatsApp-Image-2023-08-21-at-19.26.49-1-768x576.jpeg 768w, http:\/\/www.rtvnoticias.com.ar\/wp-content\/uploads\/2023\/08\/WhatsApp-Image-2023-08-21-at-19.26.49-1-1536x1152.jpeg 1536w, http:\/\/www.rtvnoticias.com.ar\/wp-content\/uploads\/2023\/08\/WhatsApp-Image-2023-08-21-at-19.26.49-1.jpeg 1600w\" sizes=\"(max-width: 1024px) 100vw, 1024px\" \/><\/figure>\n\n\n\n<p>Las llamas se iniciaron ayer por la tarde a unos 15 kil\u00f3metros al oeste del dique Esteban Ag\u00fcero, sierra arriba, y se extendi\u00f3 en la madrugada por acci\u00f3n del viento que hizo que se desplazara muy r\u00e1pido y arrasara con parte de la zona rural de R\u00edo Grande, Virorco y Durazno Alto.<\/p>\n\n\n\n<p>Hasta las 6 de la ma\u00f1ana, ocho cuarteles de bomberos de distintos puntos y Defensa Civil Municipal trabajaban en la zona, por ca\u00eddas de \u00e1rboles y cortes en el tr\u00e1nsito.<\/p>\n\n\n\n<p>Juana \u00c1lzaga, jefa de Bomberos Voluntarios de El Trapiche, confirm\u00f3 que la ruta provincial 9 est\u00e1 cortada al tr\u00e1nsito entre Estancia Grande y El Trapiche y pidi\u00f3 \u201cpaciencia\u201d para quienes deban circular por ese tramo porque la situaci\u00f3n \u201ces muy compleja\u201d.<\/p>\n\n\n\n<p>\u201cAproximadamente las 4 de hoy, el fuego lleg\u00f3 cerca de la zona barrio del Alto en El Trapiche y por efecto del fuerte viento, se est\u00e1 yendo hacia la zona de las Barranquitas\u201d, indic\u00f3 \u00c1lzaga.<\/p>\n\n\n\n<p>En el lugar trabaja personal de Bomberos de El Trapiche, Estancia Grande, Potrero de los Funes, El Volc\u00e1n, Brigada de San Luis Solidario y Defensa Civil Municipal. Adem\u00e1s, los profesionales del Hospital de El Trapiche y su centro de salud est\u00e1n en estado de alerta.<\/p>\n\n\n\n<p>Tambi\u00e9n otros entes del Gobierno provincial est\u00e1n trabajando en esa zona.<\/p>\n\n\n\n<p><\/p>\n<div class=\"sharedaddy sd-sharing-enabled\"><div class=\"robots-nocontent sd-block sd-social sd-social-icon sd-sharing\"><h3 class=\"sd-title\">Comparte esto:<\/h3><div class=\"sd-content\"><ul><li class=\"share-twitter\"><a rel=\"nofollow noopener noreferrer\" data-shared=\"sharing-twitter-38345\" class=\"share-twitter sd-button share-icon no-text\" href=\"http:\/\/www.rtvnoticias.com.ar\/?p=38345&amp;share=twitter\" target=\"_blank\" title=\"Haz clic para compartir en Twitter\"><span><\/span><span class=\"sharing-screen-reader-text\">Haz clic para compartir en Twitter (Se abre en una ventana nueva)<\/span><\/a><\/li><li class=\"share-facebook\"><a rel=\"nofollow noopener noreferrer\" data-shared=\"sharing-facebook-38345\" class=\"share-facebook sd-button share-icon no-text\" href=\"http:\/\/www.rtvnoticias.com.ar\/?p=38345&amp;share=facebook\" target=\"_blank\" title=\"Haz clic para compartir en Facebook\"><span><\/span><span class=\"sharing-screen-reader-text\">Haz clic para compartir en Facebook (Se abre en una ventana nueva)<\/span><\/a><\/li><li class=\"share-jetpack-whatsapp\"><a rel=\"nofollow noopener noreferrer\" data-shared=\"\" class=\"share-jetpack-whatsapp sd-button share-icon no-text\" href=\"http:\/\/www.rtvnoticias.com.ar\/?p=38345&amp;share=jetpack-whatsapp\" target=\"_blank\" title=\"Haz clic para compartir en WhatsApp\"><span><\/span><span class=\"sharing-screen-reader-text\">Haz clic para compartir en WhatsApp (Se abre en una ventana nueva)<\/span><\/a><\/li><li class=\"share-telegram\"><a rel=\"nofollow noopener noreferrer\" data-shared=\"\" class=\"share-telegram sd-button share-icon no-text\" href=\"http:\/\/www.rtvnoticias.com.ar\/?p=38345&amp;share=telegram\" target=\"_blank\" title=\"Haz clic para compartir en Telegram\"><span><\/span><span class=\"sharing-screen-reader-text\">Haz clic para compartir en Telegram (Se abre en una ventana nueva)<\/span><\/a><\/li><li class=\"share-end\"><\/li><\/ul><\/div><\/div><\/div>","protected":false},"excerpt":{"rendered":"<p>El incendio que se inici\u00f3 ayer por la tarde a unos 15 kil\u00f3metros al oeste del dique Esteban Ag\u00fcero, sierra arriba, se extendi\u00f3 en la<\/p>\n<div class=\"sharedaddy sd-sharing-enabled\"><div class=\"robots-nocontent sd-block sd-social sd-social-icon sd-sharing\"><h3 class=\"sd-title\">Comparte esto:<\/h3><div class=\"sd-content\"><ul><li class=\"share-twitter\"><a rel=\"nofollow noopener noreferrer\" data-shared=\"sharing-twitter-38345\" class=\"share-twitter sd-button share-icon no-text\" href=\"http:\/\/www.rtvnoticias.com.ar\/?p=38345&amp;share=twitter\" target=\"_blank\" title=\"Haz clic para compartir en Twitter\"><span><\/span><span class=\"sharing-screen-reader-text\">Haz clic para compartir en Twitter (Se abre en una ventana nueva)<\/span><\/a><\/li><li class=\"share-facebook\"><a rel=\"nofollow noopener noreferrer\" data-shared=\"sharing-facebook-38345\" class=\"share-facebook sd-button share-icon no-text\" href=\"http:\/\/www.rtvnoticias.com.ar\/?p=38345&amp;share=facebook\" target=\"_blank\" title=\"Haz clic para compartir en Facebook\"><span><\/span><span class=\"sharing-screen-reader-text\">Haz clic para compartir en Facebook (Se abre en una ventana nueva)<\/span><\/a><\/li><li class=\"share-jetpack-whatsapp\"><a rel=\"nofollow noopener noreferrer\" data-shared=\"\" class=\"share-jetpack-whatsapp sd-button share-icon no-text\" href=\"http:\/\/www.rtvnoticias.com.ar\/?p=38345&amp;share=jetpack-whatsapp\" target=\"_blank\" title=\"Haz clic para compartir en WhatsApp\"><span><\/span><span class=\"sharing-screen-reader-text\">Haz clic para compartir en WhatsApp (Se abre en una ventana nueva)<\/span><\/a><\/li><li class=\"share-telegram\"><a rel=\"nofollow noopener noreferrer\" data-shared=\"\" class=\"share-telegram sd-button share-icon no-text\" href=\"http:\/\/www.rtvnoticias.com.ar\/?p=38345&amp;share=telegram\" target=\"_blank\" title=\"Haz clic para compartir en Telegram\"><span><\/span><span class=\"sharing-screen-reader-text\">Haz clic para compartir en Telegram (Se abre en una ventana nueva)<\/span><\/a><\/li><li class=\"share-end\"><\/li><\/ul><\/div><\/div><\/div>","protected":false},"author":7,"featured_media":38360,"comment_status":"closed","ping_status":"closed","sticky":false,"template":"","format":"standard","meta":{"spay_email":"","jetpack_publicize_message":"","jetpack_is_tweetstorm":false,"jetpack_publicize_feature_enabled":true},"categories":[1],"tags":[],"jetpack_featured_media_url":"http:\/\/www.rtvnoticias.com.ar\/wp-content\/uploads\/2023\/08\/WhatsApp-Image-2023-08-21-at-19.26.50.jpeg","jetpack_publicize_connections":[],"jetpack_sharing_enabled":true,"_links":{"self":[{"href":"http:\/\/www.rtvnoticias.com.ar\/index.php?rest_route=\/wp\/v2\/posts\/38345"}],"collection":[{"href":"http:\/\/www.rtvnoticias.com.ar\/index.php?rest_route=\/wp\/v2\/posts"}],"about":[{"href":"http:\/\/www.rtvnoticias.com.ar\/index.php?rest_route=\/wp\/v2\/types\/post"}],"author":[{"embeddable":true,"href":"http:\/\/www.rtvnoticias.com.ar\/index.php?rest_route=\/wp\/v2\/users\/7"}],"replies":[{"embeddable":true,"href":"http:\/\/www.rtvnoticias.com.ar\/index.php?rest_route=%2Fwp%2Fv2%2Fcomments&post=38345"}],"version-history":[{"count":1,"href":"http:\/\/www.rtvnoticias.com.ar\/index.php?rest_route=\/wp\/v2\/posts\/38345\/revisions"}],"predecessor-version":[{"id":38348,"href":"http:\/\/www.rtvnoticias.com.ar\/index.php?rest_route=\/wp\/v2\/posts\/38345\/revisions\/38348"}],"wp:featuredmedia":[{"embeddable":true,"href":"http:\/\/www.rtvnoticias.com.ar\/index.php?rest_route=\/wp\/v2\/media\/38360"}],"wp:attachment":[{"href":"http:\/\/www.rtvnoticias.com.ar\/index.php?rest_route=%2Fwp%2Fv2%2Fmedia&parent=38345"}],"wp:term":[{"taxonomy":"category","embeddable":true,"href":"http:\/\/www.rtvnoticias.com.ar\/index.php?rest_route=%2Fwp%2Fv2%2Fcategories&post=38345"},{"taxonomy":"post_tag","embeddable":true,"href":"http:\/\/www.rtvnoticias.com.ar\/index.php?rest_route=%2Fwp%2Fv2%2Ftags&post=38345"}],"curies":[{"name":"wp","href":"https:\/\/api.w.org\/{rel}","templated":true}]}}