{"id":38354,"date":"2023-08-22T04:00:00","date_gmt":"2023-08-22T07:00:00","guid":{"rendered":"http:\/\/www.rtvnoticias.com.ar\/?p=38354"},"modified":"2023-08-21T19:58:15","modified_gmt":"2023-08-21T22:58:15","slug":"la-pampa-en-la-1-exposicion-de-parques-industriales-nacional-e-internacional","status":"publish","type":"post","link":"http:\/\/www.rtvnoticias.com.ar\/?p=38354","title":{"rendered":"La Pampa en la 1\u00b0 Exposici\u00f3n de Parques Industriales \u2013 Nacional e Internacional"},"content":{"rendered":"\n<p>En el marco de la exposici\u00f3n se llevar\u00e1 a cabo la 4\u00b0 Edici\u00f3n del Congreso Industrial del Consenso Nacional del Trabajo y la Producci\u00f3n.<\/p>\n\n\n\n<p>El Ministerio de la Producci\u00f3n, a trav\u00e9s de la Subsecretar\u00eda de Industria, Comercio y Pymes, Zona Franca de General Pico y el Polo Tecnol\u00f3gico de la Agencia Pampeana de Ciencias, Tecnolog\u00edas e Innovaci\u00f3n Abierta (Agencia CITIA), participar\u00e1n en la 1\u00b0 Exposici\u00f3n de Parques Industriales a nivel nacional y con proyecci\u00f3n internacional, que se desarrollar\u00e1 los d\u00edas 23, 24 y 25 de agosto de 2023, en el pabell\u00f3n amarillo de La Rural (Ciudad Aut\u00f3noma de Buenos Aires).<\/p>\n\n\n\n<p>El evento, organizado por la Asociaci\u00f3n de Parques Industriales Argentinos (APIA), congregar\u00e1 a distintos agrupamientos industriales nacionales e internacionales, incluyendo parques industriales, tecnol\u00f3gicos, log\u00edsticos, sustentables, zonas francas y cl\u00fasteres. Tambi\u00e9n participar\u00e1n las industrias y empresas radicadas en ellos y toda la cadena de valor: proveedores, inversores, constructores, desarrolladores inmobiliarios, financiadores, etc.<\/p>\n\n\n\n<p>En el marco de la exposici\u00f3n se llevar\u00e1 a cabo la 4\u00b0 Edici\u00f3n del Congreso Industrial del Consenso Nacional del Trabajo y la Producci\u00f3n. Asimismo, durante los 3 d\u00edas se realizar\u00e1n conferencias de expositores y especialistas del pa\u00eds y del exterior sobre las tem\u00e1ticas del sector, rondas de negocios y encuentros con CEOs de grandes empresas y pymes industriales.<\/p>\n\n\n\n<p>A trav\u00e9s de su participaci\u00f3n, el Ministerio de la Producci\u00f3n de La Pampa visibilizar\u00e1 las herramientas estrat\u00e9gicas que ofrece para quienes deseen invertir en nuestra provincia apostando a la innovaci\u00f3n, la diversificaci\u00f3n de la matriz productiva y el agregado de valor.<\/p>\n<div class=\"sharedaddy sd-sharing-enabled\"><div class=\"robots-nocontent sd-block sd-social sd-social-icon sd-sharing\"><h3 class=\"sd-title\">Comparte esto:<\/h3><div class=\"sd-content\"><ul><li class=\"share-twitter\"><a rel=\"nofollow noopener noreferrer\" data-shared=\"sharing-twitter-38354\" class=\"share-twitter sd-button share-icon no-text\" href=\"http:\/\/www.rtvnoticias.com.ar\/?p=38354&amp;share=twitter\" target=\"_blank\" title=\"Haz clic para compartir en Twitter\"><span><\/span><span class=\"sharing-screen-reader-text\">Haz clic para compartir en Twitter (Se abre en una ventana nueva)<\/span><\/a><\/li><li class=\"share-facebook\"><a rel=\"nofollow noopener noreferrer\" data-shared=\"sharing-facebook-38354\" class=\"share-facebook sd-button share-icon no-text\" href=\"http:\/\/www.rtvnoticias.com.ar\/?p=38354&amp;share=facebook\" target=\"_blank\" title=\"Haz clic para compartir en Facebook\"><span><\/span><span class=\"sharing-screen-reader-text\">Haz clic para compartir en Facebook (Se abre en una ventana nueva)<\/span><\/a><\/li><li class=\"share-jetpack-whatsapp\"><a rel=\"nofollow noopener noreferrer\" data-shared=\"\" class=\"share-jetpack-whatsapp sd-button share-icon no-text\" href=\"http:\/\/www.rtvnoticias.com.ar\/?p=38354&amp;share=jetpack-whatsapp\" target=\"_blank\" title=\"Haz clic para compartir en WhatsApp\"><span><\/span><span class=\"sharing-screen-reader-text\">Haz clic para compartir en WhatsApp (Se abre en una ventana nueva)<\/span><\/a><\/li><li class=\"share-telegram\"><a rel=\"nofollow noopener noreferrer\" data-shared=\"\" class=\"share-telegram sd-button share-icon no-text\" href=\"http:\/\/www.rtvnoticias.com.ar\/?p=38354&amp;share=telegram\" target=\"_blank\" title=\"Haz clic para compartir en Telegram\"><span><\/span><span class=\"sharing-screen-reader-text\">Haz clic para compartir en Telegram (Se abre en una ventana nueva)<\/span><\/a><\/li><li class=\"share-end\"><\/li><\/ul><\/div><\/div><\/div>","protected":false},"excerpt":{"rendered":"<p>En el marco de la exposici\u00f3n se llevar\u00e1 a cabo la 4\u00b0 Edici\u00f3n del Congreso Industrial del Consenso Nacional del Trabajo y la Producci\u00f3n. El<\/p>\n<div class=\"sharedaddy sd-sharing-enabled\"><div class=\"robots-nocontent sd-block sd-social sd-social-icon sd-sharing\"><h3 class=\"sd-title\">Comparte esto:<\/h3><div class=\"sd-content\"><ul><li class=\"share-twitter\"><a rel=\"nofollow noopener noreferrer\" data-shared=\"sharing-twitter-38354\" class=\"share-twitter sd-button share-icon no-text\" href=\"http:\/\/www.rtvnoticias.com.ar\/?p=38354&amp;share=twitter\" target=\"_blank\" title=\"Haz clic para compartir en Twitter\"><span><\/span><span class=\"sharing-screen-reader-text\">Haz clic para compartir en Twitter (Se abre en una ventana nueva)<\/span><\/a><\/li><li class=\"share-facebook\"><a rel=\"nofollow noopener noreferrer\" data-shared=\"sharing-facebook-38354\" class=\"share-facebook sd-button share-icon no-text\" href=\"http:\/\/www.rtvnoticias.com.ar\/?p=38354&amp;share=facebook\" target=\"_blank\" title=\"Haz clic para compartir en Facebook\"><span><\/span><span class=\"sharing-screen-reader-text\">Haz clic para compartir en Facebook (Se abre en una ventana nueva)<\/span><\/a><\/li><li class=\"share-jetpack-whatsapp\"><a rel=\"nofollow noopener noreferrer\" data-shared=\"\" class=\"share-jetpack-whatsapp sd-button share-icon no-text\" href=\"http:\/\/www.rtvnoticias.com.ar\/?p=38354&amp;share=jetpack-whatsapp\" target=\"_blank\" title=\"Haz clic para compartir en WhatsApp\"><span><\/span><span class=\"sharing-screen-reader-text\">Haz clic para compartir en WhatsApp (Se abre en una ventana nueva)<\/span><\/a><\/li><li class=\"share-telegram\"><a rel=\"nofollow noopener noreferrer\" data-shared=\"\" class=\"share-telegram sd-button share-icon no-text\" href=\"http:\/\/www.rtvnoticias.com.ar\/?p=38354&amp;share=telegram\" target=\"_blank\" title=\"Haz clic para compartir en Telegram\"><span><\/span><span class=\"sharing-screen-reader-text\">Haz clic para compartir en Telegram (Se abre en una ventana nueva)<\/span><\/a><\/li><li class=\"share-end\"><\/li><\/ul><\/div><\/div><\/div>","protected":false},"author":7,"featured_media":0,"comment_status":"closed","ping_status":"closed","sticky":false,"template":"","format":"standard","meta":{"spay_email":"","jetpack_publicize_message":"","jetpack_is_tweetstorm":false,"jetpack_publicize_feature_enabled":true},"categories":[1],"tags":[],"jetpack_featured_media_url":"","jetpack_publicize_connections":[],"jetpack_sharing_enabled":true,"_links":{"self":[{"href":"http:\/\/www.rtvnoticias.com.ar\/index.php?rest_route=\/wp\/v2\/posts\/38354"}],"collection":[{"href":"http:\/\/www.rtvnoticias.com.ar\/index.php?rest_route=\/wp\/v2\/posts"}],"about":[{"href":"http:\/\/www.rtvnoticias.com.ar\/index.php?rest_route=\/wp\/v2\/types\/post"}],"author":[{"embeddable":true,"href":"http:\/\/www.rtvnoticias.com.ar\/index.php?rest_route=\/wp\/v2\/users\/7"}],"replies":[{"embeddable":true,"href":"http:\/\/www.rtvnoticias.com.ar\/index.php?rest_route=%2Fwp%2Fv2%2Fcomments&post=38354"}],"version-history":[{"count":1,"href":"http:\/\/www.rtvnoticias.com.ar\/index.php?rest_route=\/wp\/v2\/posts\/38354\/revisions"}],"predecessor-version":[{"id":38355,"href":"http:\/\/www.rtvnoticias.com.ar\/index.php?rest_route=\/wp\/v2\/posts\/38354\/revisions\/38355"}],"wp:attachment":[{"href":"http:\/\/www.rtvnoticias.com.ar\/index.php?rest_route=%2Fwp%2Fv2%2Fmedia&parent=38354"}],"wp:term":[{"taxonomy":"category","embeddable":true,"href":"http:\/\/www.rtvnoticias.com.ar\/index.php?rest_route=%2Fwp%2Fv2%2Fcategories&post=38354"},{"taxonomy":"post_tag","embeddable":true,"href":"http:\/\/www.rtvnoticias.com.ar\/index.php?rest_route=%2Fwp%2Fv2%2Ftags&post=38354"}],"curies":[{"name":"wp","href":"https:\/\/api.w.org\/{rel}","templated":true}]}}