{"id":38357,"date":"2023-08-21T03:00:00","date_gmt":"2023-08-21T06:00:00","guid":{"rendered":"http:\/\/www.rtvnoticias.com.ar\/?p=38357"},"modified":"2023-08-21T20:04:15","modified_gmt":"2023-08-21T23:04:15","slug":"muerte-subita-comienza-la-semana-de-concientizacion","status":"publish","type":"post","link":"http:\/\/www.rtvnoticias.com.ar\/?p=38357","title":{"rendered":"Muerte s\u00fabita: comienza la \u00abSemana de Concientizaci\u00f3n\u00bb"},"content":{"rendered":"\n<p>La Semana de Concientizaci\u00f3n de la Muerte S\u00fabita se lleva a cabo cada a\u00f1o del 21 al 27 de agosto con el objetivo de darle visibilidad a esta problem\u00e1tica y generar conciencia en la comunidad general, sobre la importancia de estar entrenados en maniobras de Reanimaci\u00f3n Cardiopulmonar B\u00e1sica (RCP) y manejo de Desfibrilador Externo Autom\u00e1tico (DEA) como herramienta imprescindible para la atenci\u00f3n temprana de la muerte s\u00fabita extra-hospitalaria.<\/p>\n\n\n\n<p>La muerte s\u00fabita es el fallecimiento repentino e inesperado de una persona aparentemente sana, generalmente debido a causas cardiacas u otras condiciones m\u00e9dicas graves. Ocurre de manera abrupta y sin s\u00edntomas previos en la mayor\u00eda de los casos. Puede afectar a personas de cualquier edad y es importante buscar atenci\u00f3n m\u00e9dica para prevenir o tratar las condiciones subyacentes que puedan llevar a este tipo de eventos Frente a una situaci\u00f3n de estas caracteristicas las medidas de reanimaci\u00f3n cardiopulmonar pueden conseguir en muchos casos revertir el cuadro y que el paciente se recupere.<\/p>\n\n\n\n<p><br>Por este motivo desde el Ministerio de Salud y a trav\u00e9s del Programa Provincial \u201cLa Pampa Cardioprotegida\u201d se trabaja permanentemente en la formaci\u00f3n y el entrenamiento de los equipos de salud y de la comunidad, siendo estos \u00faltimos, en la mayor\u00eda de los casos, los primeros respondedores frente a este tipo de eventos inesperados. En Argentina ocurre una muerte s\u00fabita cada 15 minutos y entendiendo que la reanimaci\u00f3n cardiopulmonar (RCP) en los primeros minutos sumado al uso de un desfibrilador puede salvar el 70% de las vidas, es que desde el Ministerio de Salud de la provincia de La Pampa se insiste en la formaci\u00f3n y entrenamiento de los primeros respondedores de la sociedad. Motivo por el cual, en todo el territotio provincial, se encuentran instructores capacitados pertenecientes al programa \u201cLa Pampa Cardioprotegida\u201d, cuyo fin es entrenar a la comunidad, ya sea a grupos de personas que trabajan en una empresa, que asisten a instituciones, que trabajan en municipios , escuelas, etc con el objetivo \u00fanico de brindar los conocimientos necesarios para una respuesta oportuna .<\/p>\n\n\n\n<p><\/p>\n\n\n\n<p>Aula Virtual<br>El Aula virtual del Ministerio de Salud es una herramienta m\u00e1s que se brinda a la comunidad a trav\u00e9s de la cual se pueden realizar los cursos de RCP. Desde esta plataforma se ofrecen cursos en un formato amigable con material audiovisual para estudio y consulta. Quienes deseen acceder al curso virtual o realizar alguna cobsulta respecto los cursos presenciales de RCP pueden escribir a: rcp@lapampa.gob.ar<\/p>\n\n\n\n<p>Entrenamiento en todo el territotio provincial<br>Durante esta semana en un trabajo conjunto con el Ministerio de Desarrollo Social, se realizar\u00e1n acciones en toda la Provincia.<\/p>\n\n\n\n<p><br>-Curso virtual para \u00abPrimeros Respondedores de la Comunidad\u00bb en la plataforma de la Fundaci\u00f3n Banco de La Pampa y encuentro presencial para la pr\u00e1ctica con simuladores de RCP y DEA.<br>-Encuentro presencial de entrenamiento en la localidad de Rancul el d\u00eda 22 de agosto, en Intendente Alvear el d\u00eda 23 de agosto, en 25 de Mayo el d\u00eda 24 de agosto, en Victorica el 25 de agosto y en<br>General Pico el 28 de agosto.<\/p>\n\n\n\n<p><br>-Con el mismo fin y de forma conjunta con la Direcci\u00f3n General de Personal de Casa de Gobierno y la C\u00e1mara de Diputados de la Provincia de La Pampa se acord\u00f3 la implementaci\u00f3n de un programa de capacitaci\u00f3n continua para formar primeros respondedores los d\u00edas martes y jueves a partir de la pr\u00f3xima semana.<\/p>\n\n\n\n<p><br>-En este mismo contexto, el d\u00eda 22 de agosto se realizar\u00e1 una actividad de sensibilizaci\u00f3n y formaci\u00f3n en la Sala del Pensamiento de C\u00e1mara de Diputados.<\/p>\n\n\n\n<p><\/p>\n<div class=\"sharedaddy sd-sharing-enabled\"><div class=\"robots-nocontent sd-block sd-social sd-social-icon sd-sharing\"><h3 class=\"sd-title\">Comparte esto:<\/h3><div class=\"sd-content\"><ul><li class=\"share-twitter\"><a rel=\"nofollow noopener noreferrer\" data-shared=\"sharing-twitter-38357\" class=\"share-twitter sd-button share-icon no-text\" href=\"http:\/\/www.rtvnoticias.com.ar\/?p=38357&amp;share=twitter\" target=\"_blank\" title=\"Haz clic para compartir en Twitter\"><span><\/span><span class=\"sharing-screen-reader-text\">Haz clic para compartir en Twitter (Se abre en una ventana nueva)<\/span><\/a><\/li><li class=\"share-facebook\"><a rel=\"nofollow noopener noreferrer\" data-shared=\"sharing-facebook-38357\" class=\"share-facebook sd-button share-icon no-text\" href=\"http:\/\/www.rtvnoticias.com.ar\/?p=38357&amp;share=facebook\" target=\"_blank\" title=\"Haz clic para compartir en Facebook\"><span><\/span><span class=\"sharing-screen-reader-text\">Haz clic para compartir en Facebook (Se abre en una ventana nueva)<\/span><\/a><\/li><li class=\"share-jetpack-whatsapp\"><a rel=\"nofollow noopener noreferrer\" data-shared=\"\" class=\"share-jetpack-whatsapp sd-button share-icon no-text\" href=\"http:\/\/www.rtvnoticias.com.ar\/?p=38357&amp;share=jetpack-whatsapp\" target=\"_blank\" title=\"Haz clic para compartir en WhatsApp\"><span><\/span><span class=\"sharing-screen-reader-text\">Haz clic para compartir en WhatsApp (Se abre en una ventana nueva)<\/span><\/a><\/li><li class=\"share-telegram\"><a rel=\"nofollow noopener noreferrer\" data-shared=\"\" class=\"share-telegram sd-button share-icon no-text\" href=\"http:\/\/www.rtvnoticias.com.ar\/?p=38357&amp;share=telegram\" target=\"_blank\" title=\"Haz clic para compartir en Telegram\"><span><\/span><span class=\"sharing-screen-reader-text\">Haz clic para compartir en Telegram (Se abre en una ventana nueva)<\/span><\/a><\/li><li class=\"share-end\"><\/li><\/ul><\/div><\/div><\/div>","protected":false},"excerpt":{"rendered":"<p>La Semana de Concientizaci\u00f3n de la Muerte S\u00fabita se lleva a cabo cada a\u00f1o del 21 al 27 de agosto con el objetivo de darle<\/p>\n<div class=\"sharedaddy sd-sharing-enabled\"><div class=\"robots-nocontent sd-block sd-social sd-social-icon sd-sharing\"><h3 class=\"sd-title\">Comparte esto:<\/h3><div class=\"sd-content\"><ul><li class=\"share-twitter\"><a rel=\"nofollow noopener noreferrer\" data-shared=\"sharing-twitter-38357\" class=\"share-twitter sd-button share-icon no-text\" href=\"http:\/\/www.rtvnoticias.com.ar\/?p=38357&amp;share=twitter\" target=\"_blank\" title=\"Haz clic para compartir en Twitter\"><span><\/span><span class=\"sharing-screen-reader-text\">Haz clic para compartir en Twitter (Se abre en una ventana nueva)<\/span><\/a><\/li><li class=\"share-facebook\"><a rel=\"nofollow noopener noreferrer\" data-shared=\"sharing-facebook-38357\" class=\"share-facebook sd-button share-icon no-text\" href=\"http:\/\/www.rtvnoticias.com.ar\/?p=38357&amp;share=facebook\" target=\"_blank\" title=\"Haz clic para compartir en Facebook\"><span><\/span><span class=\"sharing-screen-reader-text\">Haz clic para compartir en Facebook (Se abre en una ventana nueva)<\/span><\/a><\/li><li class=\"share-jetpack-whatsapp\"><a rel=\"nofollow noopener noreferrer\" data-shared=\"\" class=\"share-jetpack-whatsapp sd-button share-icon no-text\" href=\"http:\/\/www.rtvnoticias.com.ar\/?p=38357&amp;share=jetpack-whatsapp\" target=\"_blank\" title=\"Haz clic para compartir en WhatsApp\"><span><\/span><span class=\"sharing-screen-reader-text\">Haz clic para compartir en WhatsApp (Se abre en una ventana nueva)<\/span><\/a><\/li><li class=\"share-telegram\"><a rel=\"nofollow noopener noreferrer\" data-shared=\"\" class=\"share-telegram sd-button share-icon no-text\" href=\"http:\/\/www.rtvnoticias.com.ar\/?p=38357&amp;share=telegram\" target=\"_blank\" title=\"Haz clic para compartir en Telegram\"><span><\/span><span class=\"sharing-screen-reader-text\">Haz clic para compartir en Telegram (Se abre en una ventana nueva)<\/span><\/a><\/li><li class=\"share-end\"><\/li><\/ul><\/div><\/div><\/div>","protected":false},"author":7,"featured_media":38358,"comment_status":"closed","ping_status":"closed","sticky":false,"template":"","format":"standard","meta":{"spay_email":"","jetpack_publicize_message":"","jetpack_is_tweetstorm":false,"jetpack_publicize_feature_enabled":true},"categories":[1],"tags":[],"jetpack_featured_media_url":"http:\/\/www.rtvnoticias.com.ar\/wp-content\/uploads\/2023\/08\/descarga.jpg","jetpack_publicize_connections":[],"jetpack_sharing_enabled":true,"_links":{"self":[{"href":"http:\/\/www.rtvnoticias.com.ar\/index.php?rest_route=\/wp\/v2\/posts\/38357"}],"collection":[{"href":"http:\/\/www.rtvnoticias.com.ar\/index.php?rest_route=\/wp\/v2\/posts"}],"about":[{"href":"http:\/\/www.rtvnoticias.com.ar\/index.php?rest_route=\/wp\/v2\/types\/post"}],"author":[{"embeddable":true,"href":"http:\/\/www.rtvnoticias.com.ar\/index.php?rest_route=\/wp\/v2\/users\/7"}],"replies":[{"embeddable":true,"href":"http:\/\/www.rtvnoticias.com.ar\/index.php?rest_route=%2Fwp%2Fv2%2Fcomments&post=38357"}],"version-history":[{"count":1,"href":"http:\/\/www.rtvnoticias.com.ar\/index.php?rest_route=\/wp\/v2\/posts\/38357\/revisions"}],"predecessor-version":[{"id":38359,"href":"http:\/\/www.rtvnoticias.com.ar\/index.php?rest_route=\/wp\/v2\/posts\/38357\/revisions\/38359"}],"wp:featuredmedia":[{"embeddable":true,"href":"http:\/\/www.rtvnoticias.com.ar\/index.php?rest_route=\/wp\/v2\/media\/38358"}],"wp:attachment":[{"href":"http:\/\/www.rtvnoticias.com.ar\/index.php?rest_route=%2Fwp%2Fv2%2Fmedia&parent=38357"}],"wp:term":[{"taxonomy":"category","embeddable":true,"href":"http:\/\/www.rtvnoticias.com.ar\/index.php?rest_route=%2Fwp%2Fv2%2Fcategories&post=38357"},{"taxonomy":"post_tag","embeddable":true,"href":"http:\/\/www.rtvnoticias.com.ar\/index.php?rest_route=%2Fwp%2Fv2%2Ftags&post=38357"}],"curies":[{"name":"wp","href":"https:\/\/api.w.org\/{rel}","templated":true}]}}