{"id":38375,"date":"2023-08-22T10:48:58","date_gmt":"2023-08-22T13:48:58","guid":{"rendered":"http:\/\/www.rtvnoticias.com.ar\/?p=38375"},"modified":"2023-08-22T10:49:02","modified_gmt":"2023-08-22T13:49:02","slug":"mundial-del-alfajor-2023","status":"publish","type":"post","link":"http:\/\/www.rtvnoticias.com.ar\/?p=38375","title":{"rendered":"Mundial del Alfajor 2023"},"content":{"rendered":"\n<p>Termin\u00f3 la segunda edici\u00f3n del\u00a0Mundial del Alfajor 2023\u00a0y un jurado eligi\u00f3 al mejor dulce entre\u00a070 expositores\u00a0que participaron en el predio de\u00a0La Rural\u00a0durante el fin de semana largo.\u00a0El ganador fue un producto de la empresa Quiero.<\/p>\n\n\n\n<p>Un jurado integrado\u00a0influencers de alfajores, chefs, maestros pasteleros, ingenieros en alimentos, especialistas en an\u00e1lisis sensorial y periodistas\u00a0seleccionaron a una empresa ubicada en la localidad de\u00a0Campana, Buenos Aires, como el\u00a0mejor del mundo.<\/p>\n\n\n\n<p>Entre los 70 expositores hab\u00eda\u00a0f\u00e1bricas de\u00a0Uruguay, Colombia, Brasil, Ecuador, Espa\u00f1a, Paraguay, Per\u00fa, Canada y Estados Unidos\u00a0pero el gran premio se qued\u00f3 en el pa\u00eds.\u00a0<\/p>\n\n\n\n<p>Se trata de la\u00a0empresa Quiero\u00a0que gan\u00f3\u00a0por su alfajor con\u00a0triple de dulce de leche, ganache de man\u00ed y chocolate semi amargo.<\/p>\n\n\n\n<p>Esta selecci\u00f3n se llev\u00f3 a cabo durante el s\u00e1bado 19, domingo 20 y lunes 21 de 12 a 21hs.\u00a0donde los jurados probaron<strong>\u00a0<\/strong>casi 400 muestras en cinco mesas de degustaci\u00f3n.<\/p>\n\n\n\n<p>Asimismo,\u00a0se entregaron medallas en 19 categor\u00edas\u00a0como\u00a0el mejor chocolate blanco, chocolate negro, alfajor simple, de tres capas, tradicional, ex\u00f3tico o maicena, entre otras.<\/p>\n\n\n\n<p>Como en la edici\u00f3n anterior, tambi\u00e9n se celebr\u00f3 al\u00a0mejor stand del Campeonato Mundial del Alfajor 2023. En esta oportunidad lo gan\u00f3\u00a0la marca\u00a0El rodeo, seguido por\u00a0La Quinta y Chocolezz.<\/p>\n\n\n\n<p>Antes del inicio del Mundial, uno de los organizadores remarc\u00f3 que en solo un a\u00f1o pasaron de un espacio de 1000 metros cuadrados a otro de 3000 ya que en 2022 hubo mucha confluencia de personas.<\/p>\n<div class=\"sharedaddy sd-sharing-enabled\"><div class=\"robots-nocontent sd-block sd-social sd-social-icon sd-sharing\"><h3 class=\"sd-title\">Comparte esto:<\/h3><div class=\"sd-content\"><ul><li class=\"share-twitter\"><a rel=\"nofollow noopener noreferrer\" data-shared=\"sharing-twitter-38375\" class=\"share-twitter sd-button share-icon no-text\" href=\"http:\/\/www.rtvnoticias.com.ar\/?p=38375&amp;share=twitter\" target=\"_blank\" title=\"Haz clic para compartir en Twitter\"><span><\/span><span class=\"sharing-screen-reader-text\">Haz clic para compartir en Twitter (Se abre en una ventana nueva)<\/span><\/a><\/li><li class=\"share-facebook\"><a rel=\"nofollow noopener noreferrer\" data-shared=\"sharing-facebook-38375\" class=\"share-facebook sd-button share-icon no-text\" href=\"http:\/\/www.rtvnoticias.com.ar\/?p=38375&amp;share=facebook\" target=\"_blank\" title=\"Haz clic para compartir en Facebook\"><span><\/span><span class=\"sharing-screen-reader-text\">Haz clic para compartir en Facebook (Se abre en una ventana nueva)<\/span><\/a><\/li><li class=\"share-jetpack-whatsapp\"><a rel=\"nofollow noopener noreferrer\" data-shared=\"\" class=\"share-jetpack-whatsapp sd-button share-icon no-text\" href=\"http:\/\/www.rtvnoticias.com.ar\/?p=38375&amp;share=jetpack-whatsapp\" target=\"_blank\" title=\"Haz clic para compartir en WhatsApp\"><span><\/span><span class=\"sharing-screen-reader-text\">Haz clic para compartir en WhatsApp (Se abre en una ventana nueva)<\/span><\/a><\/li><li class=\"share-telegram\"><a rel=\"nofollow noopener noreferrer\" data-shared=\"\" class=\"share-telegram sd-button share-icon no-text\" href=\"http:\/\/www.rtvnoticias.com.ar\/?p=38375&amp;share=telegram\" target=\"_blank\" title=\"Haz clic para compartir en Telegram\"><span><\/span><span class=\"sharing-screen-reader-text\">Haz clic para compartir en Telegram (Se abre en una ventana nueva)<\/span><\/a><\/li><li class=\"share-end\"><\/li><\/ul><\/div><\/div><\/div>","protected":false},"excerpt":{"rendered":"<p>Termin\u00f3 la segunda edici\u00f3n del\u00a0Mundial del Alfajor 2023\u00a0y un jurado eligi\u00f3 al mejor dulce entre\u00a070 expositores\u00a0que participaron en el predio de\u00a0La Rural\u00a0durante el fin de<\/p>\n<div class=\"sharedaddy sd-sharing-enabled\"><div class=\"robots-nocontent sd-block sd-social sd-social-icon sd-sharing\"><h3 class=\"sd-title\">Comparte esto:<\/h3><div class=\"sd-content\"><ul><li class=\"share-twitter\"><a rel=\"nofollow noopener noreferrer\" data-shared=\"sharing-twitter-38375\" class=\"share-twitter sd-button share-icon no-text\" href=\"http:\/\/www.rtvnoticias.com.ar\/?p=38375&amp;share=twitter\" target=\"_blank\" title=\"Haz clic para compartir en Twitter\"><span><\/span><span class=\"sharing-screen-reader-text\">Haz clic para compartir en Twitter (Se abre en una ventana nueva)<\/span><\/a><\/li><li class=\"share-facebook\"><a rel=\"nofollow noopener noreferrer\" data-shared=\"sharing-facebook-38375\" class=\"share-facebook sd-button share-icon no-text\" href=\"http:\/\/www.rtvnoticias.com.ar\/?p=38375&amp;share=facebook\" target=\"_blank\" title=\"Haz clic para compartir en Facebook\"><span><\/span><span class=\"sharing-screen-reader-text\">Haz clic para compartir en Facebook (Se abre en una ventana nueva)<\/span><\/a><\/li><li class=\"share-jetpack-whatsapp\"><a rel=\"nofollow noopener noreferrer\" data-shared=\"\" class=\"share-jetpack-whatsapp sd-button share-icon no-text\" href=\"http:\/\/www.rtvnoticias.com.ar\/?p=38375&amp;share=jetpack-whatsapp\" target=\"_blank\" title=\"Haz clic para compartir en WhatsApp\"><span><\/span><span class=\"sharing-screen-reader-text\">Haz clic para compartir en WhatsApp (Se abre en una ventana nueva)<\/span><\/a><\/li><li class=\"share-telegram\"><a rel=\"nofollow noopener noreferrer\" data-shared=\"\" class=\"share-telegram sd-button share-icon no-text\" href=\"http:\/\/www.rtvnoticias.com.ar\/?p=38375&amp;share=telegram\" target=\"_blank\" title=\"Haz clic para compartir en Telegram\"><span><\/span><span class=\"sharing-screen-reader-text\">Haz clic para compartir en Telegram (Se abre en una ventana nueva)<\/span><\/a><\/li><li class=\"share-end\"><\/li><\/ul><\/div><\/div><\/div>","protected":false},"author":5,"featured_media":38376,"comment_status":"closed","ping_status":"closed","sticky":false,"template":"","format":"standard","meta":{"spay_email":"","jetpack_publicize_message":"","jetpack_is_tweetstorm":false,"jetpack_publicize_feature_enabled":true},"categories":[5],"tags":[4236],"jetpack_featured_media_url":"http:\/\/www.rtvnoticias.com.ar\/wp-content\/uploads\/2023\/08\/alfajor-2023.jpg","jetpack_publicize_connections":[],"jetpack_sharing_enabled":true,"_links":{"self":[{"href":"http:\/\/www.rtvnoticias.com.ar\/index.php?rest_route=\/wp\/v2\/posts\/38375"}],"collection":[{"href":"http:\/\/www.rtvnoticias.com.ar\/index.php?rest_route=\/wp\/v2\/posts"}],"about":[{"href":"http:\/\/www.rtvnoticias.com.ar\/index.php?rest_route=\/wp\/v2\/types\/post"}],"author":[{"embeddable":true,"href":"http:\/\/www.rtvnoticias.com.ar\/index.php?rest_route=\/wp\/v2\/users\/5"}],"replies":[{"embeddable":true,"href":"http:\/\/www.rtvnoticias.com.ar\/index.php?rest_route=%2Fwp%2Fv2%2Fcomments&post=38375"}],"version-history":[{"count":1,"href":"http:\/\/www.rtvnoticias.com.ar\/index.php?rest_route=\/wp\/v2\/posts\/38375\/revisions"}],"predecessor-version":[{"id":38377,"href":"http:\/\/www.rtvnoticias.com.ar\/index.php?rest_route=\/wp\/v2\/posts\/38375\/revisions\/38377"}],"wp:featuredmedia":[{"embeddable":true,"href":"http:\/\/www.rtvnoticias.com.ar\/index.php?rest_route=\/wp\/v2\/media\/38376"}],"wp:attachment":[{"href":"http:\/\/www.rtvnoticias.com.ar\/index.php?rest_route=%2Fwp%2Fv2%2Fmedia&parent=38375"}],"wp:term":[{"taxonomy":"category","embeddable":true,"href":"http:\/\/www.rtvnoticias.com.ar\/index.php?rest_route=%2Fwp%2Fv2%2Fcategories&post=38375"},{"taxonomy":"post_tag","embeddable":true,"href":"http:\/\/www.rtvnoticias.com.ar\/index.php?rest_route=%2Fwp%2Fv2%2Ftags&post=38375"}],"curies":[{"name":"wp","href":"https:\/\/api.w.org\/{rel}","templated":true}]}}