{"id":38387,"date":"2023-08-23T06:40:00","date_gmt":"2023-08-23T09:40:00","guid":{"rendered":"http:\/\/www.rtvnoticias.com.ar\/?p=38387"},"modified":"2023-08-22T18:45:38","modified_gmt":"2023-08-22T21:45:38","slug":"artistas-pampeanos-fueron-reconocidos-en-el-senado-por-el-legislador-daniel-kroneberger","status":"publish","type":"post","link":"http:\/\/www.rtvnoticias.com.ar\/?p=38387","title":{"rendered":"Artistas pampeanos fueron reconocidos en el Senado por el legislador Daniel Kroneberger"},"content":{"rendered":"\n<p>Los m\u00fasicos pampeanos Carlos Amigo y Alberto \u201cToti\u201d Mansilla recibieron de manos del senador nacional Daniel Kroneberger, los Diplomas de Honor por sus trayectorias y sus aportes a la cultura de la provincia.<\/p>\n\n\n\n<p>\u201cNos parec\u00eda que era tiempo de reconocer el enorme trabajo de dos comprovincianos como Carlos Amigo y Alberto \u201cToti\u201d Mansilla. Como pampeano, como hijo de la misma tierra, es un honor para m\u00ed que est\u00e9n ac\u00e1. Es un honor porque en ustedes, hoy reconocemos la riqueza cultural de la provincia de La Pampa\u201d, expres\u00f3 Kroneberger al iniciar el evento.<\/p>\n\n\n\n<p>En otro tramo de su intervenci\u00f3n, el legislador nacional destac\u00f3: \u201cCreo que se trata de hacer lo justo; de reconocer a quienes ponen el mayor de sus empe\u00f1os para que nuestra provincia crezca y se desarrolle. En ese sentido, la expresi\u00f3n cultural tiene un lugar muy importante. La m\u00fasica de La Pampa rescata mucho de lo que tenemos no solo como provincia, sino tambi\u00e9n como pa\u00eds. Un pa\u00eds extenso desde lo geogr\u00e1fico, pero tambi\u00e9n extenso a nivel cultural. Estas expresiones lugare\u00f1as son las que m\u00e1s grandes nos hacen\u201d.<\/p>\n\n\n\n<p>Para el cierre, Kroneberger dijo: \u201cQuiero agradecerles a Carlos, a Alberto, a sus familias y a todos los amigos y amigas que nos han acompa\u00f1ado. A los homenajeados, gracias por aportar a nuestra cultura y a trav\u00e9s de ustedes, a todos los m\u00fasicos pampeanos que tanto hacen por construir pasado, presente y futuro. Si la m\u00fasica nos sirve para unirnos m\u00e1s, estamos en el camino correcto\u201d.<\/p>\n\n\n\n<p>Del acto participaron los senadores nacionales Pablo Blanco y Mercedes Gabriela Valenzuela, y el diputado pampeano Mart\u00edn Maquieyra.<\/p>\n\n\n\n<p>Diploma de Honor del Senado de la Naci\u00f3n<br>Esta distinci\u00f3n que otorga el Senado de la Naci\u00f3n por iniciativa de los legisladores, sirven para reconocer el trabajo, el esfuerzo y la entrega en distintos \u00e1mbitos. Con anterioridad, Kroneberger les otorg\u00f3 en Colonia Bar\u00f3n, Diplomas de Honor a los veteranos y las familias de los ca\u00eddos de Malvinas. Tambi\u00e9n, en la ciudad de Santa Rosa, le entreg\u00f3 el mismo reconocimiento al periodista Juan Carlos Carassay.<\/p>\n\n\n\n<p><strong>Los artistas reconocidos<\/strong><\/p>\n\n\n\n<p>Alberto \u201cToti\u201d Mansilla naci\u00f3 en General San Mart\u00edn, provincia de La Pampa, en el a\u00f1o 1941. A los seis a\u00f1os comenz\u00f3 a estudiar lenguaje musical y piano en el conservatorio Domingo Amadori de la ciudad de Bah\u00eda Blanca y a los ocho a\u00f1os empez\u00f3 a practicar bandone\u00f3n. A partir de ese momento realiz\u00f3 incursiones en conjuntos orquestales, tuvo diversas participaciones en grupos musicales como bandoneonista, solista, grab\u00f3 diversos trabajos y actu\u00f3 en las principales localidades de la provincia y distintos escenarios del pa\u00eds, e internacionalmente en Chile, Brasil, M\u00e9xico, Europa, entre otros.<\/p>\n\n\n\n<p>Carlos Amigo naci\u00f3 en el a\u00f1o 1956, en la ciudad de Santa Rosa. Inici\u00f3 su actividad como cantante a los 16 a\u00f1os formando un tr\u00edo de folklore en la Escuela Agrot\u00e9cnica de Santa Rosa, \u201cLas voces libres\u201d. Las primeras presentaciones las hizo en Canal 3 y luego llev\u00f3 su m\u00fasica por todos los rincones de La Pampa y visit\u00f3 diversas provincias de Argentina como La Rioja, Mendoza, Buenos Aires, entre otras. En 1975 comienza la trayectoria como solista, acompa\u00f1ado musicalmente por grandes m\u00fasicos pampeanos. Recibi\u00f3 diversas distinciones, particip\u00f3 en festivales de renombre como Cosqu\u00edn y Baradero, realiz\u00f3 giras por Europa y grab\u00f3 su m\u00fasica en diversos formatos.<\/p>\n<div class=\"sharedaddy sd-sharing-enabled\"><div class=\"robots-nocontent sd-block sd-social sd-social-icon sd-sharing\"><h3 class=\"sd-title\">Comparte esto:<\/h3><div class=\"sd-content\"><ul><li class=\"share-twitter\"><a rel=\"nofollow noopener noreferrer\" data-shared=\"sharing-twitter-38387\" class=\"share-twitter sd-button share-icon no-text\" href=\"http:\/\/www.rtvnoticias.com.ar\/?p=38387&amp;share=twitter\" target=\"_blank\" title=\"Haz clic para compartir en Twitter\"><span><\/span><span class=\"sharing-screen-reader-text\">Haz clic para compartir en Twitter (Se abre en una ventana nueva)<\/span><\/a><\/li><li class=\"share-facebook\"><a rel=\"nofollow noopener noreferrer\" data-shared=\"sharing-facebook-38387\" class=\"share-facebook sd-button share-icon no-text\" href=\"http:\/\/www.rtvnoticias.com.ar\/?p=38387&amp;share=facebook\" target=\"_blank\" title=\"Haz clic para compartir en Facebook\"><span><\/span><span class=\"sharing-screen-reader-text\">Haz clic para compartir en Facebook (Se abre en una ventana nueva)<\/span><\/a><\/li><li class=\"share-jetpack-whatsapp\"><a rel=\"nofollow noopener noreferrer\" data-shared=\"\" class=\"share-jetpack-whatsapp sd-button share-icon no-text\" href=\"http:\/\/www.rtvnoticias.com.ar\/?p=38387&amp;share=jetpack-whatsapp\" target=\"_blank\" title=\"Haz clic para compartir en WhatsApp\"><span><\/span><span class=\"sharing-screen-reader-text\">Haz clic para compartir en WhatsApp (Se abre en una ventana nueva)<\/span><\/a><\/li><li class=\"share-telegram\"><a rel=\"nofollow noopener noreferrer\" data-shared=\"\" class=\"share-telegram sd-button share-icon no-text\" href=\"http:\/\/www.rtvnoticias.com.ar\/?p=38387&amp;share=telegram\" target=\"_blank\" title=\"Haz clic para compartir en Telegram\"><span><\/span><span class=\"sharing-screen-reader-text\">Haz clic para compartir en Telegram (Se abre en una ventana nueva)<\/span><\/a><\/li><li class=\"share-end\"><\/li><\/ul><\/div><\/div><\/div>","protected":false},"excerpt":{"rendered":"<p>Los m\u00fasicos pampeanos Carlos Amigo y Alberto \u201cToti\u201d Mansilla recibieron de manos del senador nacional Daniel Kroneberger, los Diplomas de Honor por sus trayectorias y<\/p>\n<div class=\"sharedaddy sd-sharing-enabled\"><div class=\"robots-nocontent sd-block sd-social sd-social-icon sd-sharing\"><h3 class=\"sd-title\">Comparte esto:<\/h3><div class=\"sd-content\"><ul><li class=\"share-twitter\"><a rel=\"nofollow noopener noreferrer\" data-shared=\"sharing-twitter-38387\" class=\"share-twitter sd-button share-icon no-text\" href=\"http:\/\/www.rtvnoticias.com.ar\/?p=38387&amp;share=twitter\" target=\"_blank\" title=\"Haz clic para compartir en Twitter\"><span><\/span><span class=\"sharing-screen-reader-text\">Haz clic para compartir en Twitter (Se abre en una ventana nueva)<\/span><\/a><\/li><li class=\"share-facebook\"><a rel=\"nofollow noopener noreferrer\" data-shared=\"sharing-facebook-38387\" class=\"share-facebook sd-button share-icon no-text\" href=\"http:\/\/www.rtvnoticias.com.ar\/?p=38387&amp;share=facebook\" target=\"_blank\" title=\"Haz clic para compartir en Facebook\"><span><\/span><span class=\"sharing-screen-reader-text\">Haz clic para compartir en Facebook (Se abre en una ventana nueva)<\/span><\/a><\/li><li class=\"share-jetpack-whatsapp\"><a rel=\"nofollow noopener noreferrer\" data-shared=\"\" class=\"share-jetpack-whatsapp sd-button share-icon no-text\" href=\"http:\/\/www.rtvnoticias.com.ar\/?p=38387&amp;share=jetpack-whatsapp\" target=\"_blank\" title=\"Haz clic para compartir en WhatsApp\"><span><\/span><span class=\"sharing-screen-reader-text\">Haz clic para compartir en WhatsApp (Se abre en una ventana nueva)<\/span><\/a><\/li><li class=\"share-telegram\"><a rel=\"nofollow noopener noreferrer\" data-shared=\"\" class=\"share-telegram sd-button share-icon no-text\" href=\"http:\/\/www.rtvnoticias.com.ar\/?p=38387&amp;share=telegram\" target=\"_blank\" title=\"Haz clic para compartir en Telegram\"><span><\/span><span class=\"sharing-screen-reader-text\">Haz clic para compartir en Telegram (Se abre en una ventana nueva)<\/span><\/a><\/li><li class=\"share-end\"><\/li><\/ul><\/div><\/div><\/div>","protected":false},"author":5,"featured_media":38388,"comment_status":"closed","ping_status":"closed","sticky":false,"template":"","format":"standard","meta":{"spay_email":"","jetpack_publicize_message":"","jetpack_is_tweetstorm":false,"jetpack_publicize_feature_enabled":true},"categories":[5],"tags":[4238],"jetpack_featured_media_url":"http:\/\/www.rtvnoticias.com.ar\/wp-content\/uploads\/2023\/08\/kroneberger-reconocimiento.jpg","jetpack_publicize_connections":[],"jetpack_sharing_enabled":true,"_links":{"self":[{"href":"http:\/\/www.rtvnoticias.com.ar\/index.php?rest_route=\/wp\/v2\/posts\/38387"}],"collection":[{"href":"http:\/\/www.rtvnoticias.com.ar\/index.php?rest_route=\/wp\/v2\/posts"}],"about":[{"href":"http:\/\/www.rtvnoticias.com.ar\/index.php?rest_route=\/wp\/v2\/types\/post"}],"author":[{"embeddable":true,"href":"http:\/\/www.rtvnoticias.com.ar\/index.php?rest_route=\/wp\/v2\/users\/5"}],"replies":[{"embeddable":true,"href":"http:\/\/www.rtvnoticias.com.ar\/index.php?rest_route=%2Fwp%2Fv2%2Fcomments&post=38387"}],"version-history":[{"count":1,"href":"http:\/\/www.rtvnoticias.com.ar\/index.php?rest_route=\/wp\/v2\/posts\/38387\/revisions"}],"predecessor-version":[{"id":38389,"href":"http:\/\/www.rtvnoticias.com.ar\/index.php?rest_route=\/wp\/v2\/posts\/38387\/revisions\/38389"}],"wp:featuredmedia":[{"embeddable":true,"href":"http:\/\/www.rtvnoticias.com.ar\/index.php?rest_route=\/wp\/v2\/media\/38388"}],"wp:attachment":[{"href":"http:\/\/www.rtvnoticias.com.ar\/index.php?rest_route=%2Fwp%2Fv2%2Fmedia&parent=38387"}],"wp:term":[{"taxonomy":"category","embeddable":true,"href":"http:\/\/www.rtvnoticias.com.ar\/index.php?rest_route=%2Fwp%2Fv2%2Fcategories&post=38387"},{"taxonomy":"post_tag","embeddable":true,"href":"http:\/\/www.rtvnoticias.com.ar\/index.php?rest_route=%2Fwp%2Fv2%2Ftags&post=38387"}],"curies":[{"name":"wp","href":"https:\/\/api.w.org\/{rel}","templated":true}]}}