{"id":38390,"date":"2023-08-23T06:00:00","date_gmt":"2023-08-23T09:00:00","guid":{"rendered":"http:\/\/www.rtvnoticias.com.ar\/?p=38390"},"modified":"2023-08-22T18:52:02","modified_gmt":"2023-08-22T21:52:02","slug":"entregaron-creditos-de-economia-social-para-el-sector-emprendedor-de-santa-rosa","status":"publish","type":"post","link":"http:\/\/www.rtvnoticias.com.ar\/?p=38390","title":{"rendered":"Entregaron cr\u00e9ditos de econom\u00eda social para el sector emprendedor de Santa Rosa"},"content":{"rendered":"\n<p><strong><em>El Gobierno provincial complet\u00f3 la tercera etapa de entrega de cr\u00e9dito del Programa de Desarrollo de la Econom\u00eda Social. Con esta etapa se lleg\u00f3 a un monto de $37.203.844 pertenecientes a este programa, durante lo que va de 2023.\u00a0A esta instancia accedieron 62 titulares. Los cr\u00e9ditos son a tasa cero, con un per\u00edodo de gracia de 6 meses y devoluci\u00f3n en 54 cuotas.\u00a0<\/em><\/strong><\/p>\n\n\n\n<p>Los emprendimientos beneficiados pertenecen a los rubros de Producci\u00f3n, Servicios y Comercio.\u00a0<br>El acto de entrega estuvo presidido porel ministro de Desarrollo Social, Diego \u00c1lvarez, y el intendente Luciano di N\u00e1poli. Estuvieron acompa\u00f1ados por la subsecretaria de Econom\u00eda Social provincial, Yolanda Carrizo, y de la secretaria de Desarrollo Econ\u00f3mico municipal, Carmina Besga, adem\u00e1s de funcionarias y funcionarios, tanto de la \u00f3rbita provincial como municipal, y concejales de distintas bancadas.\u00a0<\/p>\n\n\n\n<p>El ministro \u00c1lvarez destac\u00f3 que estos cr\u00e9ditos \u201cson una de las pol\u00edticas de estado que brinda el Gobierno Provincial a los sectores vinculados a la Econom\u00eda Social. Hemos venido dando distintos tipos de respuestas a las coyunturas que debimos enfrentar desde la gesti\u00f3n, como la pandemia y la crisis econ\u00f3mica-social\u201d.\u00a0\u00a0<\/p>\n\n\n\n<p>El gobierno atiende a todos los sectores de la econom\u00eda, a trav\u00e9s del Bando de La Pampa, del Ministerio de la Producci\u00f3n y del Ministerio de Desarrollo Social. Nosotros no atendemos solamente a los sectores m\u00e1s vulnerables, sino tambi\u00e9n a este sector tan importante para la econom\u00eda provincial\u201d.\u00a0<\/p>\n\n\n\n<p>Por su parte, el intendente di N\u00e1poli\u00a0 reconoci\u00f3 el acompa\u00f1amiento del Gobierno Provincial y destac\u00f3 que este tipo de pol\u00edticas \u201cacompa\u00f1an a las emprendedoras y emprendedores locales, con distintas l\u00edneas de cr\u00e9dito\u201d.\u00a0<br>\u201cPusimos especial \u00e9nfasis en que el acompa\u00f1amiento sea una pol\u00edtica de estado. Hay distintas l\u00edneas de cr\u00e9dito, algunas con financiamiento provincial, hay l\u00edneas que son 100% de desarrollos municipales\u201d, concluy\u00f3.<\/p>\n<div class=\"sharedaddy sd-sharing-enabled\"><div class=\"robots-nocontent sd-block sd-social sd-social-icon sd-sharing\"><h3 class=\"sd-title\">Comparte esto:<\/h3><div class=\"sd-content\"><ul><li class=\"share-twitter\"><a rel=\"nofollow noopener noreferrer\" data-shared=\"sharing-twitter-38390\" class=\"share-twitter sd-button share-icon no-text\" href=\"http:\/\/www.rtvnoticias.com.ar\/?p=38390&amp;share=twitter\" target=\"_blank\" title=\"Haz clic para compartir en Twitter\"><span><\/span><span class=\"sharing-screen-reader-text\">Haz clic para compartir en Twitter (Se abre en una ventana nueva)<\/span><\/a><\/li><li class=\"share-facebook\"><a rel=\"nofollow noopener noreferrer\" data-shared=\"sharing-facebook-38390\" class=\"share-facebook sd-button share-icon no-text\" href=\"http:\/\/www.rtvnoticias.com.ar\/?p=38390&amp;share=facebook\" target=\"_blank\" title=\"Haz clic para compartir en Facebook\"><span><\/span><span class=\"sharing-screen-reader-text\">Haz clic para compartir en Facebook (Se abre en una ventana nueva)<\/span><\/a><\/li><li class=\"share-jetpack-whatsapp\"><a rel=\"nofollow noopener noreferrer\" data-shared=\"\" class=\"share-jetpack-whatsapp sd-button share-icon no-text\" href=\"http:\/\/www.rtvnoticias.com.ar\/?p=38390&amp;share=jetpack-whatsapp\" target=\"_blank\" title=\"Haz clic para compartir en WhatsApp\"><span><\/span><span class=\"sharing-screen-reader-text\">Haz clic para compartir en WhatsApp (Se abre en una ventana nueva)<\/span><\/a><\/li><li class=\"share-telegram\"><a rel=\"nofollow noopener noreferrer\" data-shared=\"\" class=\"share-telegram sd-button share-icon no-text\" href=\"http:\/\/www.rtvnoticias.com.ar\/?p=38390&amp;share=telegram\" target=\"_blank\" title=\"Haz clic para compartir en Telegram\"><span><\/span><span class=\"sharing-screen-reader-text\">Haz clic para compartir en Telegram (Se abre en una ventana nueva)<\/span><\/a><\/li><li class=\"share-end\"><\/li><\/ul><\/div><\/div><\/div>","protected":false},"excerpt":{"rendered":"<p>El Gobierno provincial complet\u00f3 la tercera etapa de entrega de cr\u00e9dito del Programa de Desarrollo de la Econom\u00eda Social. Con esta etapa se lleg\u00f3 a<\/p>\n<div class=\"sharedaddy sd-sharing-enabled\"><div class=\"robots-nocontent sd-block sd-social sd-social-icon sd-sharing\"><h3 class=\"sd-title\">Comparte esto:<\/h3><div class=\"sd-content\"><ul><li class=\"share-twitter\"><a rel=\"nofollow noopener noreferrer\" data-shared=\"sharing-twitter-38390\" class=\"share-twitter sd-button share-icon no-text\" href=\"http:\/\/www.rtvnoticias.com.ar\/?p=38390&amp;share=twitter\" target=\"_blank\" title=\"Haz clic para compartir en Twitter\"><span><\/span><span class=\"sharing-screen-reader-text\">Haz clic para compartir en Twitter (Se abre en una ventana nueva)<\/span><\/a><\/li><li class=\"share-facebook\"><a rel=\"nofollow noopener noreferrer\" data-shared=\"sharing-facebook-38390\" class=\"share-facebook sd-button share-icon no-text\" href=\"http:\/\/www.rtvnoticias.com.ar\/?p=38390&amp;share=facebook\" target=\"_blank\" title=\"Haz clic para compartir en Facebook\"><span><\/span><span class=\"sharing-screen-reader-text\">Haz clic para compartir en Facebook (Se abre en una ventana nueva)<\/span><\/a><\/li><li class=\"share-jetpack-whatsapp\"><a rel=\"nofollow noopener noreferrer\" data-shared=\"\" class=\"share-jetpack-whatsapp sd-button share-icon no-text\" href=\"http:\/\/www.rtvnoticias.com.ar\/?p=38390&amp;share=jetpack-whatsapp\" target=\"_blank\" title=\"Haz clic para compartir en WhatsApp\"><span><\/span><span class=\"sharing-screen-reader-text\">Haz clic para compartir en WhatsApp (Se abre en una ventana nueva)<\/span><\/a><\/li><li class=\"share-telegram\"><a rel=\"nofollow noopener noreferrer\" data-shared=\"\" class=\"share-telegram sd-button share-icon no-text\" href=\"http:\/\/www.rtvnoticias.com.ar\/?p=38390&amp;share=telegram\" target=\"_blank\" title=\"Haz clic para compartir en Telegram\"><span><\/span><span class=\"sharing-screen-reader-text\">Haz clic para compartir en Telegram (Se abre en una ventana nueva)<\/span><\/a><\/li><li class=\"share-end\"><\/li><\/ul><\/div><\/div><\/div>","protected":false},"author":5,"featured_media":38391,"comment_status":"closed","ping_status":"closed","sticky":false,"template":"","format":"standard","meta":{"spay_email":"","jetpack_publicize_message":"","jetpack_is_tweetstorm":false,"jetpack_publicize_feature_enabled":true},"categories":[4],"tags":[1120],"jetpack_featured_media_url":"http:\/\/www.rtvnoticias.com.ar\/wp-content\/uploads\/2023\/08\/creditos-economia-social.jpg","jetpack_publicize_connections":[],"jetpack_sharing_enabled":true,"_links":{"self":[{"href":"http:\/\/www.rtvnoticias.com.ar\/index.php?rest_route=\/wp\/v2\/posts\/38390"}],"collection":[{"href":"http:\/\/www.rtvnoticias.com.ar\/index.php?rest_route=\/wp\/v2\/posts"}],"about":[{"href":"http:\/\/www.rtvnoticias.com.ar\/index.php?rest_route=\/wp\/v2\/types\/post"}],"author":[{"embeddable":true,"href":"http:\/\/www.rtvnoticias.com.ar\/index.php?rest_route=\/wp\/v2\/users\/5"}],"replies":[{"embeddable":true,"href":"http:\/\/www.rtvnoticias.com.ar\/index.php?rest_route=%2Fwp%2Fv2%2Fcomments&post=38390"}],"version-history":[{"count":1,"href":"http:\/\/www.rtvnoticias.com.ar\/index.php?rest_route=\/wp\/v2\/posts\/38390\/revisions"}],"predecessor-version":[{"id":38392,"href":"http:\/\/www.rtvnoticias.com.ar\/index.php?rest_route=\/wp\/v2\/posts\/38390\/revisions\/38392"}],"wp:featuredmedia":[{"embeddable":true,"href":"http:\/\/www.rtvnoticias.com.ar\/index.php?rest_route=\/wp\/v2\/media\/38391"}],"wp:attachment":[{"href":"http:\/\/www.rtvnoticias.com.ar\/index.php?rest_route=%2Fwp%2Fv2%2Fmedia&parent=38390"}],"wp:term":[{"taxonomy":"category","embeddable":true,"href":"http:\/\/www.rtvnoticias.com.ar\/index.php?rest_route=%2Fwp%2Fv2%2Fcategories&post=38390"},{"taxonomy":"post_tag","embeddable":true,"href":"http:\/\/www.rtvnoticias.com.ar\/index.php?rest_route=%2Fwp%2Fv2%2Ftags&post=38390"}],"curies":[{"name":"wp","href":"https:\/\/api.w.org\/{rel}","templated":true}]}}